{"id":9346,"date":"2014-10-20T23:24:00","date_gmt":"2014-10-20T20:24:00","guid":{"rendered":"https:\/\/dia.edu.az\/?p=9346"},"modified":"2021-03-09T23:25:45","modified_gmt":"2021-03-09T20:25:45","slug":"akademiyada-dovl%c9%99tin-sosial-siyas%c9%99ti-mahiyy%c9%99t-prioritetl%c9%99r-v%c9%99-h%c9%99yata-kecirilm%c9%99-mexanizml%c9%99ri-v%c9%99-az%c9%99rbaycan-respublikasinda","status":"publish","type":"post","link":"https:\/\/legacy.dia.edu.az\/ru\/arxivl\u0259r\/9346","title":{"rendered":"Akademiyada \u201cD\u00f6vl\u0259tin sosial siyas\u0259ti: mahiyy\u0259t, prioritetl\u0259r v\u0259 h\u0259yata ke\u00e7irilm\u0259 mexanizml\u0259ri\u201d v\u0259 \u201cAz\u0259rbaycan Respublikas\u0131nda ail\u0259, qad\u0131n v\u0259 u\u015faq siyas\u0259ti\u201d istiqam\u0259tl\u0259ri \u00fczr\u0259 q\u0131sam\u00fcdd\u0259tli ixtisasart\u0131rma kurslar\u0131 ke\u00e7irilmi\u015fdir"},"content":{"rendered":"<p><strong>Akademiyada \u201cD\u00f6vl\u0259tin sosial siyas\u0259ti: mahiyy\u0259t, prioritetl\u0259r v\u0259 h\u0259yata ke\u00e7irilm\u0259 mexanizml\u0259ri\u201d v\u0259 \u201cAz\u0259rbaycan Respublikas\u0131nda ail\u0259, qad\u0131n v\u0259 u\u015faq siyas\u0259ti\u201d istiqam\u0259tl\u0259ri \u00fczr\u0259 q\u0131sam\u00fcdd\u0259tli ixtisasart\u0131rma kurslar\u0131 ke\u00e7irilmi\u015fdir<\/strong><br><em>Okt 20 , 2014 &#8211; 05:24<\/em><\/p>\n\n\n\n<p>Az\u0259rbaycan Respublikas\u0131n\u0131n Prezidenti yan\u0131nda D\u00f6vl\u0259t \u0130dar\u0259\u00e7ilik Akademiyas\u0131nda 2014 ilin oktyabr ay\u0131n\u0131n 13-17-d\u0259 \u201cD\u00f6vl\u0259tin sosial siyas\u0259ti: mahiyy\u0259t, prioritetl\u0259r v\u0259 h\u0259yata ke\u00e7irilm\u0259 mexanizml\u0259ri\u201d v\u0259 \u201dAz\u0259rbaycan Respublikas\u0131nda ail\u0259, qad\u0131n v\u0259 u\u015faq siyas\u0259ti\u201d, istiqam\u0259tl\u0259ri \u00fczr\u0259 q\u0131sam\u00fcdd\u0259tli&nbsp; ixtisasart\u0131rma kurslar\u0131 ke\u00e7irilmi\u015fdir. Kurslara D\u00f6vl\u0259t Hakimiyy\u0259tinin m\u0259rk\u0259zi, \u015f\u0259h\u0259r, rayon miqyasl\u0131 orqanlar\u0131n\u0131n, m\u00fcvafiq nazirlik, komit\u0259 v\u0259 idar\u0259l\u0259rinin r\u0259hb\u0259r i\u015f\u00e7il\u0259ri c\u0259lb olunmu\u015fdur.<\/p>\n\n\n\n<p>\u201cD\u00f6vl\u0259tin sosial siyas\u0259ti: mahiyy\u0259t, prioritetl\u0259r v\u0259 h\u0259yata ke\u00e7irilm\u0259 mexanizml\u0259ri\u201d istiqam\u0259tinin \u0259sas m\u0259qs\u0259di \u2013 Az\u0259rbaycan Respublikas\u0131nda sosial siyas\u0259t v\u0259 onun \u0259sas istiqam\u0259tl\u0259ri,&nbsp; Az\u0259rbaycan Respublikas\u0131nda s\u0131\u011forta-pensiya sisteminin inki\u015faf perspektivl\u0259ri, Az\u0259rbaycan Respublikas\u0131nda m\u0259\u015f\u011fulluq strateqiyas\u0131n\u0131n h\u0259yata ke\u00e7irilm\u0259si, Az\u0259rbaycanda m\u0259\u015f\u011fulluq strateqiyas\u0131-m\u00fcmk\u00fcn h\u0259d\u0259fl\u0259r v\u0259 yeni \u00e7a\u0131r\u0131\u015flar, \u018fm\u0259k m\u00fcnasib\u0259tl\u0259rinin t\u0259nziml\u0259nm\u0259sind\u0259 ba\u015fl\u0131ca h\u00fcquqi s\u0259n\u0259dl\u0259r, T\u0259hsil d\u00f6vl\u0259t siyas\u0259tinin t\u0259rkib hiss\u0259si kimi:v\u0259zif\u0259l\u0259r, prioritetl\u0259r, perspektivl\u0259r v\u0259 s. probleml\u0259rl\u0259 ba\u011fl\u0131 bilikl\u0259rin dinl\u0259yicil\u0259r\u0259 \u00e7atd\u0131r\u0131lmas\u0131 v\u0259 onlarla fikir m\u00fcbadil\u0259sinin apar\u0131lmas\u0131 idi.<\/p>\n\n\n\n<p>Qeyd edil\u0259n kurs \u0259rzind\u0259 Az\u0259rbaycan Respublikas\u0131n\u0131n \u018fm\u0259k v\u0259 \u018fhalinin Sosial M\u00fcdafi\u0259si nazirinin m\u00fcavinl\u0259ri \u0130dris \u0130sayev v\u0259 M\u0259tin K\u0259rimli, D\u00f6vl\u0259t Sosial M\u00fcdafi\u0259 Fondunun s\u0259dri Elman Mehdiyev, Milli M\u0259clisin Sosial Siyas\u0259t Komit\u0259sinin s\u0259dri Had\u0131 R\u0259c\u0259bli, D\u0130A-nn professor-m\u00fc\u0259llim hey\u0259ti, m\u00fcxt\u0259lif m\u00f6vzularda m\u00fchazir\u0259l\u0259rl\u0259 \u00e7\u0131x\u0131\u015f etmi\u015fdil\u0259r.&nbsp;<\/p>\n\n\n\n<p>Eyni zamanda qeyd olunan kursla yana\u015f\u0131 \u201cAz\u0259rbaycan Respublikas\u0131nda ail\u0259, qad\u0131n v\u0259 u\u015faq siyas\u0259ti\u201d istiqam\u0259ti \u00fczr\u0259 q\u0131sam\u00fcdd\u0259tli&nbsp; ixtisasart\u0131rma kursu ke\u00e7irilmi\u015fdir. Kursun \u0259sas m\u0259qs\u0259di, Davaml\u0131 insan inki\u015faf\u0131n\u0131n planla\u015fd\u0131r\u0131lmas\u0131 v\u0259 idar\u0259 olunmas\u0131, Qad\u0131nlar\u0131n ictimai-siyasi f\u0259all\u0131\u011f\u0131n t\u0259min olunmas\u0131. C\u0259miyy\u0259tin inki\u015faf\u0131nda rolu, Az\u0259rbaycan Respublikas\u0131nda Ail\u0259 M\u0259c\u0259ll\u0259si: reall\u0131qlar v\u0259 perspektivl\u0259r, Ail\u0259 siyas\u0259ti m\u00f6cud probleml\u0259r, Ail\u0259, qad\u0131n v\u0259 u\u015faq siyas\u0259tinin h\u0259yata ke\u00e7irilm\u0259sind\u0259 ictimai-siyasi t\u0259\u015fkilatlar\u0131n rolu.&nbsp; Bu kursda D\u0130A-n\u0131n rektoru akademik Urxan \u018fl\u0259kb\u0259rov, Prezidenti Administrasiyas\u0131n\u0131n \u0130ctimai-siyasi m\u0259s\u0259l\u0259l\u0259r \u015f\u00f6b\u0259sinin, sektor m\u00fcdiri Elman Pa\u015fayev, Ail\u0259, Qad\u0131n v\u0259 U\u015faq Probleml\u0259ri \u00fczr\u0259 D\u00f6vl\u0259t Komit\u0259sinin s\u0259dr m\u00fcavinl\u0259ri S\u0259daq\u0259t Q\u0259hr\u0259manova v\u0259 Aynur Sofiyeva v\u0259 dig\u0259r muhazir\u0259\u00e7il\u0259rin \u00e7\u0131x\u0131\u015f etmi\u015fl\u0259r.<\/p>\n\n\n\n<p>Oktyabr ay\u0131n\u0131n 17-d\u0259 Az\u0259rbaycan Respublikas\u0131n\u0131n Prezidenti yan\u0131nda D\u00f6vl\u0259t \u0130dar\u0259\u00e7ilik Akademiyas\u0131nda kurslar \u00fczr\u0259 dinl\u0259yicil\u0259rin burax\u0131l\u0131\u015f m\u0259rasimi ke\u00e7irilmi\u015f v\u0259 kursu m\u00fcv\u0259ff\u0259qiyy\u0259tl\u0259 bitir\u0259nl\u0259r\u0259 sertifikatlar t\u0259qdim edilmi\u015fdir.<\/p>","protected":false},"excerpt":{"rendered":"<p>Akademiyada \u201cD\u00f6vl\u0259tin sosial siyas\u0259ti: mahiyy\u0259t, prioritetl\u0259r v\u0259 h\u0259yata ke\u00e7irilm\u0259 mexanizml\u0259ri\u201d v\u0259 \u201cAz\u0259rbaycan Respublikas\u0131nda ail\u0259, qad\u0131n v\u0259 u\u015faq siyas\u0259ti\u201d istiqam\u0259tl\u0259ri \u00fczr\u0259 q\u0131sam\u00fcdd\u0259tli ixtisasart\u0131rma kurslar\u0131 ke\u00e7irilmi\u015fdirOkt 20 , 2014 &#8211; 05:24 Az\u0259rbaycan Respublikas\u0131n\u0131n Prezidenti yan\u0131nda D\u00f6vl\u0259t \u0130dar\u0259\u00e7ilik Akademiyas\u0131nda 2014 ilin oktyabr ay\u0131n\u0131n 13-17-d\u0259 \u201cD\u00f6vl\u0259tin sosial siyas\u0259ti: mahiyy\u0259t, prioritetl\u0259r v\u0259 h\u0259yata ke\u00e7irilm\u0259 mexanizml\u0259ri\u201d v\u0259 \u201dAz\u0259rbaycan Respublikas\u0131nda ail\u0259, qad\u0131n [&hellip;]<\/p>","protected":false},"author":2,"featured_media":9347,"comment_status":"closed","ping_status":"closed","sticky":false,"template":"","format":"standard","meta":[],"categories":[137],"tags":[],"_links":{"self":[{"href":"https:\/\/legacy.dia.edu.az\/ru\/wp-json\/wp\/v2\/posts\/9346"}],"collection":[{"href":"https:\/\/legacy.dia.edu.az\/ru\/wp-json\/wp\/v2\/posts"}],"about":[{"href":"https:\/\/legacy.dia.edu.az\/ru\/wp-json\/wp\/v2\/types\/post"}],"author":[{"embeddable":true,"href":"https:\/\/legacy.dia.edu.az\/ru\/wp-json\/wp\/v2\/users\/2"}],"replies":[{"embeddable":true,"href":"https:\/\/legacy.dia.edu.az\/ru\/wp-json\/wp\/v2\/comments?post=9346"}],"version-history":[{"count":0,"href":"https:\/\/legacy.dia.edu.az\/ru\/wp-json\/wp\/v2\/posts\/9346\/revisions"}],"wp:featuredmedia":[{"embeddable":true,"href":"https:\/\/legacy.dia.edu.az\/ru\/wp-json\/wp\/v2\/media\/9347"}],"wp:attachment":[{"href":"https:\/\/legacy.dia.edu.az\/ru\/wp-json\/wp\/v2\/media?parent=9346"}],"wp:term":[{"taxonomy":"category","embeddable":true,"href":"https:\/\/legacy.dia.edu.az\/ru\/wp-json\/wp\/v2\/categories?post=9346"},{"taxonomy":"post_tag","embeddable":true,"href":"https:\/\/legacy.dia.edu.az\/ru\/wp-json\/wp\/v2\/tags?post=9346"}],"curies":[{"name":"wp","href":"https:\/\/api.w.org\/{rel}","templated":true}]}}