{"id":9338,"date":"2014-10-15T23:23:00","date_gmt":"2014-10-15T20:23:00","guid":{"rendered":"https:\/\/dia.edu.az\/?p=9338"},"modified":"2021-03-09T23:24:35","modified_gmt":"2021-03-09T20:24:35","slug":"akademik-ramiz-mehdiyevin-dagliq-qarabag-m%c9%99x%c9%99zl%c9%99rd%c9%99n-oxunmus-tarix-kitabi-erm%c9%99ni-saxtakarligina-tutarli-cavabdir","status":"publish","type":"post","link":"https:\/\/legacy.dia.edu.az\/ru\/arxivl\u0259r\/9338","title":{"rendered":"Akademik Ramiz Mehdiyevin \u201cDa\u011fl\u0131q Qaraba\u011f: m\u0259x\u0259zl\u0259rd\u0259n oxunmu\u015f tarix\u201d kitab\u0131 erm\u0259ni saxtakarl\u0131\u011f\u0131na tutarl\u0131 cavabd\u0131r"},"content":{"rendered":"<p><strong>Akademik Ramiz Mehdiyevin \u201cDa\u011fl\u0131q Qaraba\u011f: m\u0259x\u0259zl\u0259rd\u0259n oxunmu\u015f tarix\u201d kitab\u0131 erm\u0259ni saxtakarl\u0131\u011f\u0131na tutarl\u0131 cavabd\u0131r<\/strong><br><em>Okt 15 , 2014 &#8211; 10:14<\/em><\/p>\n\n\n\n<p>Oktyabr\u0131n 15-d\u0259 Az\u0259rbaycan Respublikas\u0131n\u0131n Prezidenti yan\u0131nda D\u00f6vl\u0259t \u0130dar\u0259\u00e7ilik Akademiyas\u0131nda (D\u0130A) Prezident Administrasiyas\u0131n\u0131n r\u0259hb\u0259ri, akademik Ramiz Mehdiyevin Moskvada rus dilind\u0259 n\u0259\u015fr olunmu\u015f \u201cDa\u011fl\u0131q Qaraba\u011f: m\u0259x\u0259zl\u0259rd\u0259n oxunmu\u015f tarix\u201d kitab\u0131n\u0131n m\u00fczakir\u0259si ke\u00e7irilib.<br>T\u0259dbird\u0259 D\u0130A-n\u0131n rektoru, akademik Urxan \u018fl\u0259kb\u0259rov Az\u0259rbaycan\u0131n Da\u011fl\u0131q Qaraba\u011f regionunun tarixin\u0259 h\u0259sr olunan kitab\u0131n m\u0259ziyy\u0259tl\u0259rind\u0259n dan\u0131\u015f\u0131b. Bildirilib ki, akademik Ramiz Mehdiyevin bu kitab\u0131 tariximizi saxtala\u015fd\u0131rma\u011fa \u00e7al\u0131\u015fan erm\u0259ni m\u00fc\u0259llifl\u0259r\u0259 tutarl\u0131 cavabd\u0131r. \u00c7\u00fcnki monoqrafiyada Da\u011fl\u0131q Qaraba\u011f\u0131n tarixi \u00e7ox sayda ilkin m\u0259nb\u0259l\u0259r v\u0259 elmi \u0259d\u0259biyyat \u0259sas\u0131nda t\u0259qdim edilir. \u018fs\u0259rin rus dilind\u0259 \u00e7ap olunmas\u0131 Az\u0259rbaycan h\u0259qiq\u0259tl\u0259rinin daha geni\u015f ictimaiyy\u0259t\u0259 \u00e7atd\u0131r\u0131lmas\u0131nda b\u00f6y\u00fck rol oynayacaq.<br>Akademik U.\u018fl\u0259kb\u0259rov t\u0259kzibolunmaz faktlara istinad\u0259n Da\u011fl\u0131q Qaraba\u011f\u0131n \u0259n q\u0259dim d\u00f6vrl\u0259rd\u0259n Az\u0259rbaycan\u0131n ayr\u0131lmaz t\u0259rkib hiss\u0259si v\u0259 xalq\u0131m\u0131za m\u0259xsus olmas\u0131 bar\u0259d\u0259 tarixi h\u0259qiq\u0259tl\u0259ri \u0259ks etdir\u0259n bel\u0259 vacib \u0259s\u0259rin yaz\u0131lmas\u0131na g\u00f6r\u0259 akademik Ramiz Mehdiyev\u0259 D\u0130A-n\u0131n kollektivi ad\u0131ndan minn\u0259tdarl\u0131\u011f\u0131n\u0131 bildirib.<br>Rektor \u0259s\u0259rin D\u00f6vl\u0259t \u0130dar\u0259\u00e7ilik Akademiyas\u0131nda daha d\u0259rind\u0259n \u00f6yr\u0259nilm\u0259sinin v\u0259 Az\u0259rbaycan dilin\u0259 t\u0259rc\u00fcm\u0259 edil\u0259r\u0259k d\u00f6vl\u0259t idar\u0259\u00e7iliyi sah\u0259sind\u0259 haz\u0131rlanan g\u0259nc kadrlar\u0131n t\u0259dris proqramlar\u0131nda yer almas\u0131n\u0131n vacibliyini vur\u011fulay\u0131b.<br>T\u0259dbird\u0259 Milli M\u0259clisin sosial-siyas\u0259t komit\u0259sinin s\u0259dri Had\u0131 R\u0259c\u0259bli, deputatlar Ayd\u0131n Mirz\u0259zad\u0259, Elman M\u0259mm\u0259dov \u00e7\u0131x\u0131\u015f ed\u0259r\u0259k akademik Ramiz Mehdiyevin Moskvada rus dilind\u0259 n\u0259\u015fr olunan \u201cDa\u011fl\u0131q Qaraba\u011f: m\u0259x\u0259zl\u0259rd\u0259n oxunmu\u015f tarix\u201d adl\u0131 yeni \u0259s\u0259rini tarix\u00e7il\u0259r, politoloqlar, ekspertl\u0259r v\u0259 t\u0259dqiqat\u00e7\u0131lar \u00fc\u00e7\u00fcn m\u00fch\u00fcm m\u0259nb\u0259, h\u0259m\u00e7inin Az\u0259rbaycan elmin\u0259 d\u0259y\u0259rli t\u00f6hf\u0259 kimi s\u0259ciyy\u0259l\u0259ndiribl\u0259r. Natiql\u0259r \u0259s\u0259rd\u0259 tarixi s\u0259n\u0259dl\u0259r \u0259sas\u0131nda t\u0259kzibedilm\u0259z faktlar\u0131n, Da\u011fl\u0131q Qaraba\u011f probleminin meydana g\u0259ldiyi tarixi \u015f\u0259raitin elmi izah\u0131n\u0131n verildiyini, ilkin m\u0259nb\u0259l\u0259r\u0259 \u0259saslanaraq \u0259sl h\u0259qiq\u0259tl\u0259rin rusdilli oxucuya t\u0259qdim edildiyini, tarixi-f\u0259ls\u0259fi c\u0259h\u0259td\u0259n elmi \u00fcmumil\u0259\u015fdirm\u0259l\u0259rin apar\u0131ld\u0131\u011f\u0131n\u0131 x\u00fcsusi qeyd edibl\u0259r.<br>M\u00fczakir\u0259d\u0259 D\u0130A-n\u0131n birinci prorektoru, professor \u018flikram Abdullayev, tarix kafedras\u0131n\u0131n m\u00fcdiri, dosent Firdovsiyy\u0259 \u018fhm\u0259dova, professor H\u0259vva M\u0259mm\u0259dova, D\u0130A-n\u0131n Siyasi Ara\u015fd\u0131rmalar \u0130nstitutunun direktoru, professor Elman N\u0259sirov, \u201cAz\u0259rbaycan Respublikas\u0131n\u0131n Da\u011fl\u0131q Qaraba\u011f B\u00f6lg\u0259sinin Az\u0259rbaycanl\u0131 \u0130cmas\u0131\u201d \u0130ctimai Birliyinin \u00fczv\u00fc, Qaraba\u011f Ara\u015fd\u0131rmalar M\u0259rk\u0259zinin r\u0259hb\u0259ri, akademiyan\u0131n dosenti El\u00e7in \u018fhm\u0259dov v\u0259 ba\u015fqalar\u0131 \u00e7\u0131x\u0131\u015f ed\u0259r\u0259k akademik Ramiz Mehdiyevin yeni kitab\u0131n\u0131n \u0259h\u0259miyy\u0259tind\u0259n dan\u0131\u015f\u0131blar. Natiql\u0259r akademik Ramiz Mehdiyevin \u201cDa\u011fl\u0131q Qaraba\u011f: m\u0259x\u0259zl\u0259rd\u0259n oxunmu\u015f tarix\u201d kitab\u0131n\u0131n indiy\u0259d\u0259k bu m\u00f6vzuda yaz\u0131lm\u0131\u015f \u0259s\u0259rl\u0259r aras\u0131nda m\u00fch\u00fcm yer tutdu\u011funu x\u00fcsusi qeyd edibl\u0259r. Z\u0259ngin tarixi faktlara s\u00f6yk\u0259n\u0259n m\u00fch\u00fcm elmi-n\u0259z\u0259ri \u00fcmumil\u0259\u015fdirm\u0259l\u0259rin yer ald\u0131\u011f\u0131 kitab\u0131n ali m\u0259kt\u0259bl\u0259rd\u0259 t\u0259drisinin vacibliyi vur\u011fulan\u0131b.<\/p>\n\n\n\n<figure class=\"wp-container-2 wp-block-gallery-1 wp-block-gallery columns-1 is-cropped\"><ul class=\"blocks-gallery-grid\"><li class=\"blocks-gallery-item\"><figure><img width=\"640\" height=\"426\" src=\"https:\/\/dia.edu.az\/wp-content\/uploads\/2021\/03\/8-15.jpg\" alt=\"\" data-id=\"9342\" data-full-url=\"https:\/\/dia.edu.az\/wp-content\/uploads\/2021\/03\/8-15.jpg\" data-link=\"https:\/\/dia.edu.az\/?attachment_id=9342\" class=\"wp-image-9342\" srcset=\"https:\/\/legacy.dia.edu.az\/wp-content\/uploads\/2021\/03\/8-15.jpg 640w, https:\/\/legacy.dia.edu.az\/wp-content\/uploads\/2021\/03\/8-15-300x200.jpg 300w, https:\/\/legacy.dia.edu.az\/wp-content\/uploads\/2021\/03\/8-15-150x100.jpg 150w, https:\/\/legacy.dia.edu.az\/wp-content\/uploads\/2021\/03\/8-15-300x200@2x.jpg 600w\" sizes=\"(max-width: 640px) 100vw, 640px\" \/><\/figure><\/li><\/ul><\/figure>","protected":false},"excerpt":{"rendered":"<p>Akademik Ramiz Mehdiyevin \u201cDa\u011fl\u0131q Qaraba\u011f: m\u0259x\u0259zl\u0259rd\u0259n oxunmu\u015f tarix\u201d kitab\u0131 erm\u0259ni saxtakarl\u0131\u011f\u0131na tutarl\u0131 cavabd\u0131rOkt 15 , 2014 &#8211; 10:14 Oktyabr\u0131n 15-d\u0259 Az\u0259rbaycan Respublikas\u0131n\u0131n Prezidenti yan\u0131nda D\u00f6vl\u0259t \u0130dar\u0259\u00e7ilik Akademiyas\u0131nda (D\u0130A) Prezident Administrasiyas\u0131n\u0131n r\u0259hb\u0259ri, akademik Ramiz Mehdiyevin Moskvada rus dilind\u0259 n\u0259\u015fr olunmu\u015f \u201cDa\u011fl\u0131q Qaraba\u011f: m\u0259x\u0259zl\u0259rd\u0259n oxunmu\u015f tarix\u201d kitab\u0131n\u0131n m\u00fczakir\u0259si ke\u00e7irilib.T\u0259dbird\u0259 D\u0130A-n\u0131n rektoru, akademik Urxan \u018fl\u0259kb\u0259rov Az\u0259rbaycan\u0131n Da\u011fl\u0131q Qaraba\u011f [&hellip;]<\/p>","protected":false},"author":2,"featured_media":9339,"comment_status":"closed","ping_status":"closed","sticky":false,"template":"","format":"standard","meta":[],"categories":[137],"tags":[],"_links":{"self":[{"href":"https:\/\/legacy.dia.edu.az\/ru\/wp-json\/wp\/v2\/posts\/9338"}],"collection":[{"href":"https:\/\/legacy.dia.edu.az\/ru\/wp-json\/wp\/v2\/posts"}],"about":[{"href":"https:\/\/legacy.dia.edu.az\/ru\/wp-json\/wp\/v2\/types\/post"}],"author":[{"embeddable":true,"href":"https:\/\/legacy.dia.edu.az\/ru\/wp-json\/wp\/v2\/users\/2"}],"replies":[{"embeddable":true,"href":"https:\/\/legacy.dia.edu.az\/ru\/wp-json\/wp\/v2\/comments?post=9338"}],"version-history":[{"count":0,"href":"https:\/\/legacy.dia.edu.az\/ru\/wp-json\/wp\/v2\/posts\/9338\/revisions"}],"wp:featuredmedia":[{"embeddable":true,"href":"https:\/\/legacy.dia.edu.az\/ru\/wp-json\/wp\/v2\/media\/9339"}],"wp:attachment":[{"href":"https:\/\/legacy.dia.edu.az\/ru\/wp-json\/wp\/v2\/media?parent=9338"}],"wp:term":[{"taxonomy":"category","embeddable":true,"href":"https:\/\/legacy.dia.edu.az\/ru\/wp-json\/wp\/v2\/categories?post=9338"},{"taxonomy":"post_tag","embeddable":true,"href":"https:\/\/legacy.dia.edu.az\/ru\/wp-json\/wp\/v2\/tags?post=9338"}],"curies":[{"name":"wp","href":"https:\/\/api.w.org\/{rel}","templated":true}]}}