{"id":9328,"date":"2014-10-04T23:21:00","date_gmt":"2014-10-04T20:21:00","guid":{"rendered":"https:\/\/dia.edu.az\/?p=9328"},"modified":"2021-03-09T23:22:01","modified_gmt":"2021-03-09T20:22:01","slug":"akademiyasinda-baki-beyn%c9%99lxalq-humanitar-forumunda-istirakcisi-carleton-universitenin-dovl%c9%99t-idar%c9%99ciliyi-kafedrasinin-professoru-lesli-pal-il%c9%99-gorus-kecirilmisdir","status":"publish","type":"post","link":"https:\/\/legacy.dia.edu.az\/ru\/arxivl\u0259r\/9328","title":{"rendered":"Akademiyas\u0131nda Bak\u0131 Beyn\u0259lxalq Humanitar Forumunda i\u015ftirak\u00e7\u0131s\u0131 Carleton universitenin D\u00f6vl\u0259t \u0130dar\u0259\u00e7iliyi kafedras\u0131n\u0131n professoru Lesli Pal il\u0259 g\u00f6r\u00fc\u015f ke\u00e7irilmi\u015fdir"},"content":{"rendered":"<p><strong>Akademiyas\u0131nda Bak\u0131 Beyn\u0259lxalq Humanitar Forumunda i\u015ftirak\u00e7\u0131s\u0131 Carleton universitenin D\u00f6vl\u0259t \u0130dar\u0259\u00e7iliyi kafedras\u0131n\u0131n professoru Lesli Pal il\u0259 g\u00f6r\u00fc\u015f ke\u00e7irilmi\u015fdir<\/strong><br><em>Okt 04 , 2014 &#8211; 09:17<\/em><\/p>\n\n\n\n<p>4 oktyabr 2014-c\u00fc il tarixind\u0259 Az\u0259rbaycan Respublikas\u0131n\u0131n Prezidenti yan\u0131nda D\u00f6vl\u0259t \u0130dar\u0259\u00e7ilik Akademiyas\u0131nda (D\u0130A) IV Bak\u0131 Beyn\u0259lxalq Humanitar Forumunun i\u015ftirak\u00e7\u0131s\u0131, Kanadan\u0131n Carleton&nbsp; Universitetinin D\u00f6vl\u0259t Siyas\u0259ti v\u0259 \u0130dar\u0259etm\u0259si kafedras\u0131n\u0131n professoru&nbsp; Lesli Pal&nbsp; il\u0259 D\u00f6vl\u0259t \u0130dar\u0259\u00e7ilik Akademiyas\u0131n\u0131n m\u00fc\u0259llim v\u0259 t\u0259l\u0259b\u0259 hey\u0259tinin g\u00f6r\u00fc\u015f\u00fc ke\u00e7irilmi\u015fdir.<\/p>\n\n\n\n<p>&nbsp;D\u00f6vl\u0259t \u0130dar\u0259\u00e7ilik Akademiyas\u0131n\u0131n rektoru, akademik Urxan \u018fl\u0259kb\u0259rov qonaq\u0131 salamlayaraq g\u00f6r\u00fc\u015fd\u0259 i\u015ftirak\u0131 \u00fc\u00e7\u00fcn ona t\u0259\u015f\u0259kk\u00fcr\u00fcn\u00fc bildirmi\u015f onun D\u0130A-da olmas\u0131n\u0131n y\u00fcks\u0259k qiym\u0259tl\u0259ndirm\u0131\u015fd\u0131. Rektor Akademiyada bel\u0259 g\u00f6r\u00fc\u015fl\u0259rin ke\u00e7irilm\u0259sini elmi potensial\u0131n s\u0259viyy\u0259sinin y\u00fcks\u0259lm\u0259sin\u0259 m\u00fcsb\u0259t t\u0259sir etdiyini qeyd etdi. O, Az\u0259rbaycan Respublikas\u0131n\u0131n Prezidenti c\u0259nab \u0130lham \u018fliyev t\u0259r\u0259find\u0259n h\u0259yata ke\u00e7iril\u0259n strategiyaya \u0259sas\u0259n Az\u0259rbaycan Respublikas\u0131nda effektiv d\u00f6vl\u0259t idar\u0259\u00e7iliyi, davaml\u0131 inki\u015faf, ekoloji sivilizasiya, insan potensal\u0131n\u0131n y\u00fcks\u0259ldilm\u0259si kimi sah\u0259l\u0259rin inki\u015faf etdirilm\u0259si istiqam\u0259tl\u0259rinin \u00f6lk\u0259 r\u0259hb\u0259rinin diqq\u0259tind\u0259 oldu\u011funu qeyd etdi. Rektoru, akademik Urxan \u018fl\u0259kb\u0259rov professorun elmi f\u0259aliyy\u0259tind\u0259n, d\u00f6vl\u0259t idar\u0259\u00e7iliyi sah\u0259sind\u0259 \u0259ld\u0259 etdiyi u\u011furlardan dan\u0131\u015fm\u0131\u015fd\u0131r. IV Bak\u0131 Beyn\u0259lxalq Humanitar Forumda d\u00f6vl\u0259t ba\u015f\u00e7\u0131s\u0131n\u0131n \u00e7\u0131x\u0131\u015f\u0131 haqq\u0131nda dan\u0131\u015fan rektor bildirmi\u015fdir ki, \u00f6lk\u0259nin nailiyy\u0259tl\u0259ri haqq\u0131nda forum i\u015ftirak\u00e7\u0131lar\u0131na geni\u015f m\u0259lumat verilmi\u015fdir. Son 10 il \u0259rzind\u0259 Az\u0259rbaycan y\u00fcks\u0259k s\u0259viyy\u0259d\u0259 inki\u015faf ed\u0259r\u0259k b\u0259zi sah\u0259l\u0259rd\u0259 G7 (b\u00f6y\u00fck yeddilik) il\u0259 r\u0259qab\u0259t aparmaq qabiliyy\u0259tind\u0259dir.<\/p>\n\n\n\n<p>Kanadan\u0131n Carleton&nbsp; Universitetinin D\u00f6vl\u0259t Siyas\u0259ti v\u0259 \u0130dar\u0259etm\u0259si kafedras\u0131n\u0131n professoru&nbsp; Lesli Pal&nbsp;&nbsp; \u00e7\u0131x\u0131\u015f\u0131na Carleton Universiteti haqq\u0131nda q\u0131sa m\u0259lumat verm\u0259kl\u0259 ba\u015flad\u0131. Carleton Universiteti Kanadan\u0131n paytaxt\u0131 Ottavada yerl\u0259\u015f\u0259n d\u00f6vl\u0259t universitetidir. D\u00f6vl\u0259t Siyas\u0259ti v\u0259 \u0130dar\u0259\u00e7iliyi sah\u0259sind\u0259 m\u00fch\u00fcm nailiyy\u0259tl\u0259r\u0259 nail olmu\u015fdur.&nbsp; D\u00f6vl\u0259t \u0130dar\u0259\u00e7iliyi kafedras\u0131 Magistr program\u0131 \u00fczr\u0259 18-20 ixtisas\u0131 \u00f6z\u00fcnd\u0259 c\u0259ml\u0259\u015fdirir. H\u0259r il t\u0259qrib\u0259n 250-\u0259 yax\u0131n m\u00fcraci\u0259t aras\u0131ndan 60 t\u0259l\u0259b\u0259 se\u00e7ilir. H\u0259min t\u0259l\u0259b\u0259l\u0259r 2 il m\u00fcdd\u0259tind\u0259 D\u00f6vl\u0259t \u0130dar\u0259\u00e7iliyi ixtisas\u0131 \u00fczr\u0259 4-5 \u0259sas t\u0259dris f\u0259nnl\u0259ri olmaqla 7-8 f\u0259nn t\u0259dris edilir. T\u0259l\u0259b\u0259l\u0259rin siyasi elml\u0259rl\u0259 yana\u015f\u0131 Mikro \u0130qtisadiyyat, Riyaziyyat kimi dig\u0259r t\u0259bi\u0259t elml\u0259ri haqq\u0131nda bilikl\u0259rini geni\u015fl\u0259ndirm\u0259y\u0259 \u015f\u0259rait yarad\u0131l\u0131r. Bakalavr v\u0259 Magistr proqramlar\u0131 il\u0259 yana\u015f\u0131 d\u00f6vl\u0259t orqanlar\u0131nda \u00e7al\u0131\u015fanlar\u0131n \u00f6z ixtisaslar\u0131n\u0131 art\u0131rmalar\u0131 \u00fc\u00e7\u00fcn d\u0259 proqramlar, habel\u0259 doktorantura proqramlar\u0131 da m\u00f6vcuddur. Bu proqramlarda yerli t\u0259l\u0259b\u0259l\u0259rl\u0259 yana\u015f\u0131 xarici t\u0259l\u0259b\u0259l\u0259r d\u0259 t\u0259hsil al\u0131rlar. M\u0259s\u0259l\u0259n, Doktorantura proqram\u0131na ild\u0259 6 t\u0259l\u0259b\u0259 q\u0259bul olunur. Yax\u0131n zamanlarda onlar\u0131n aras\u0131nda biri Tacikistandan v\u0259 dig\u0259ri Qazax\u0131standan olmaqla 2 xarici t\u0259l\u0259b\u0259l\u0259r var idi. Onlar 2 il m\u00fcdd\u0259tind\u0259 t\u0259dqiqat i\u015fl\u0259ri il\u0259 m\u0259\u015f\u011ful olurlar. Bir \u00e7ox t\u0259l\u0259b\u0259nin c\u0259lb olundu\u011fu ara\u015fd\u0131rma prosesi zaman\u0131 b\u00fct\u00fcn d\u00fcnyada D\u00f6vl\u0259t \u0130dar\u0259\u00e7iliyi sah\u0259h\u0259sind\u0259 olan n\u0259\u015frl\u0259r, t\u0259hlil v\u0259 ara\u015fd\u0131rmalar n\u0259z\u0259rd\u0259n ke\u00e7irilm\u0259si,&nbsp; D\u00f6vl\u0259t \u0130dar\u0259\u00e7iliyi sah\u0259sind\u0259 h\u0259r iki qurumun t\u0259sirini vur\u011fulaya bil\u0259rik. Lakin \u00f6lk\u0259d\u0259 m\u00f6vcud olan idar\u0259\u00e7ilik \u0259n\u0259n\u0259l\u0259ri dig\u0259rl\u0259rind\u0259n f\u0259rqlidir, m\u0259s\u0259l\u0259n Az\u0259rbaycan v\u0259 Kanadada m\u00f6vcud olan idar\u0259\u00e7ilik v\u0259rdi\u015fl\u0259ri bir-birind\u0259n tamamil\u0259 f\u0259rql\u0259nir. Yax\u015f\u0131 idar\u0259\u00e7iliyin (good governance) \u0259saslar\u0131 s\u0131ras\u0131nda qanunvericilik mexanizml\u0259rin\u0259 n\u0259zar\u0259t,&nbsp; v\u0259t\u0259nda\u015f c\u0259miyy\u0259ti i\u0259 \u0259laq\u0259l\u0259r, beyn\u0259lxalq h\u00f6k\u00fcm\u0259tl\u0259raras\u0131 debatlar\u0131, beyn\u0259lxalq K\u0130V-l\u0259 \u0259laq\u0259l\u0259ri g\u00f6st\u0259r\u0259 bil\u0259rik dey\u0259 qonaq fikirl\u0259rini b\u00f6l\u00fc\u015fd\u00fc.<\/p>\n\n\n\n<p>T\u0259dbirin sonunda Lesli Pala t\u0259dbird\u0259 i\u015ftirak\u0131na v\u0259 d\u0259y\u0259rli fikirl\u0259rini t\u0259l\u0259b\u0259l\u0259rl\u0259 b\u00f6l\u00fc\u015fd\u00fcy\u00fcn\u0259 g\u00f6r\u0259 t\u0259\u015f\u0259kk\u00fcr\u00fcn\u00fc bildir\u0259n rektor Urxan \u018fl\u0259kb\u0259rov qeyd etdi ki, i\u015ftirak\u00e7\u0131lar bu g\u00f6r\u00fc\u015fd\u0259n bir \u00e7ox d\u0259y\u0259rli m\u0259lumatlar \u0259ld\u0259 etdil\u0259r v\u0259 m\u00fct\u0259madi \u00a0bel\u0259 g\u00f6r\u00fc\u015fl\u0259rin ke\u00e7irilm\u0259si \u00f6z m\u00fcsb\u0259t t\u0259sirini g\u00f6st\u0259rir.<\/p>\n\n\n\n<figure class=\"wp-container-2 wp-block-gallery-1 wp-block-gallery columns-1 is-cropped\"><ul class=\"blocks-gallery-grid\"><li class=\"blocks-gallery-item\"><figure><img width=\"448\" height=\"336\" src=\"https:\/\/dia.edu.az\/wp-content\/uploads\/2021\/03\/6-30.jpg\" alt=\"\" data-id=\"9329\" data-full-url=\"https:\/\/dia.edu.az\/wp-content\/uploads\/2021\/03\/6-30.jpg\" data-link=\"https:\/\/dia.edu.az\/?attachment_id=9329\" class=\"wp-image-9329\" srcset=\"https:\/\/legacy.dia.edu.az\/wp-content\/uploads\/2021\/03\/6-30.jpg 448w, https:\/\/legacy.dia.edu.az\/wp-content\/uploads\/2021\/03\/6-30-300x225.jpg 300w\" sizes=\"(max-width: 448px) 100vw, 448px\" \/><\/figure><\/li><\/ul><\/figure>","protected":false},"excerpt":{"rendered":"<p>Akademiyas\u0131nda Bak\u0131 Beyn\u0259lxalq Humanitar Forumunda i\u015ftirak\u00e7\u0131s\u0131 Carleton universitenin D\u00f6vl\u0259t \u0130dar\u0259\u00e7iliyi kafedras\u0131n\u0131n professoru Lesli Pal il\u0259 g\u00f6r\u00fc\u015f ke\u00e7irilmi\u015fdirOkt 04 , 2014 &#8211; 09:17 4 oktyabr 2014-c\u00fc il tarixind\u0259 Az\u0259rbaycan Respublikas\u0131n\u0131n Prezidenti yan\u0131nda D\u00f6vl\u0259t \u0130dar\u0259\u00e7ilik Akademiyas\u0131nda (D\u0130A) IV Bak\u0131 Beyn\u0259lxalq Humanitar Forumunun i\u015ftirak\u00e7\u0131s\u0131, Kanadan\u0131n Carleton&nbsp; Universitetinin D\u00f6vl\u0259t Siyas\u0259ti v\u0259 \u0130dar\u0259etm\u0259si kafedras\u0131n\u0131n professoru&nbsp; Lesli Pal&nbsp; il\u0259 D\u00f6vl\u0259t \u0130dar\u0259\u00e7ilik [&hellip;]<\/p>","protected":false},"author":2,"featured_media":9329,"comment_status":"closed","ping_status":"closed","sticky":false,"template":"","format":"standard","meta":[],"categories":[137],"tags":[],"_links":{"self":[{"href":"https:\/\/legacy.dia.edu.az\/ru\/wp-json\/wp\/v2\/posts\/9328"}],"collection":[{"href":"https:\/\/legacy.dia.edu.az\/ru\/wp-json\/wp\/v2\/posts"}],"about":[{"href":"https:\/\/legacy.dia.edu.az\/ru\/wp-json\/wp\/v2\/types\/post"}],"author":[{"embeddable":true,"href":"https:\/\/legacy.dia.edu.az\/ru\/wp-json\/wp\/v2\/users\/2"}],"replies":[{"embeddable":true,"href":"https:\/\/legacy.dia.edu.az\/ru\/wp-json\/wp\/v2\/comments?post=9328"}],"version-history":[{"count":0,"href":"https:\/\/legacy.dia.edu.az\/ru\/wp-json\/wp\/v2\/posts\/9328\/revisions"}],"wp:featuredmedia":[{"embeddable":true,"href":"https:\/\/legacy.dia.edu.az\/ru\/wp-json\/wp\/v2\/media\/9329"}],"wp:attachment":[{"href":"https:\/\/legacy.dia.edu.az\/ru\/wp-json\/wp\/v2\/media?parent=9328"}],"wp:term":[{"taxonomy":"category","embeddable":true,"href":"https:\/\/legacy.dia.edu.az\/ru\/wp-json\/wp\/v2\/categories?post=9328"},{"taxonomy":"post_tag","embeddable":true,"href":"https:\/\/legacy.dia.edu.az\/ru\/wp-json\/wp\/v2\/tags?post=9328"}],"curies":[{"name":"wp","href":"https:\/\/api.w.org\/{rel}","templated":true}]}}