{"id":9320,"date":"2014-10-03T23:19:00","date_gmt":"2014-10-03T20:19:00","guid":{"rendered":"https:\/\/dia.edu.az\/?p=9320"},"modified":"2021-03-09T23:20:40","modified_gmt":"2021-03-09T20:20:40","slug":"baki-beyn%c9%99lxalq-humanitar-forumu-c%c9%99rciv%c9%99sind%c9%99-davamli-inkisaf-v%c9%99-ekoloji-sivilizasiya-movzusunda-d%c9%99yirmi-masa-kecirilib","status":"publish","type":"post","link":"https:\/\/legacy.dia.edu.az\/ru\/arxivl\u0259r\/9320","title":{"rendered":"Bak\u0131 Beyn\u0259lxalq Humanitar Forumu \u00e7\u0259r\u00e7iv\u0259sind\u0259 \u201cDavaml\u0131 inki\u015faf v\u0259 ekoloji sivilizasiya\u201d m\u00f6vzusunda \u201cd\u0259yirmi masa\u201d ke\u00e7irilib"},"content":{"rendered":"<p><strong>Bak\u0131 Beyn\u0259lxalq Humanitar Forumu \u00e7\u0259r\u00e7iv\u0259sind\u0259 \u201cDavaml\u0131 inki\u015faf v\u0259 ekoloji sivilizasiya\u201d m\u00f6vzusunda \u201cd\u0259yirmi masa\u201d ke\u00e7irilib<\/strong><br><em>Okt 03 , 2014 &#8211; 09:39<\/em><\/p>\n\n\n\n<p>Oktyabr\u0131n 2-d\u0259 Heyd\u0259r \u018fliyev M\u0259rk\u0259zind\u0259 IV Bak\u0131 Beyn\u0259lxalq Humanitar Forumu i\u015f\u0259 ba\u015flay\u0131b.<br>Az\u0259rbaycan Respublikas\u0131n\u0131n Prezidenti \u0130lham \u018fliyev v\u0259 xan\u0131m\u0131 Mehriban \u018fliyeva Forumun r\u0259smi a\u00e7\u0131l\u0131\u015f m\u0259rasimind\u0259 i\u015ftirak edibl\u0259r.<br>Bak\u0131 Beyn\u0259lxalq Humanitar Forumu \u0259n geni\u015f humanitar \u0259m\u0259kda\u015fl\u0131q m\u0259s\u0259l\u0259l\u0259rinin m\u00fczakir\u0259 edildiyi n\u00fcfuzlu bir m\u0259kand\u0131r. M\u0259d\u0259niyy\u0259tl\u0259r, sivilizasiyalar v\u0259 konfessiyalar aras\u0131nda z\u0259ngin \u0259m\u0259kda\u015fl\u0131q \u0259n\u0259n\u0259l\u0259ri olan Az\u0259rbaycan bu formatda t\u0259dbirl\u0259rin ke\u00e7irilm\u0259si \u00fc\u00e7\u00fcn ideal yerdir.<br>Forum XXI \u0259srd\u0259 b\u0259\u015f\u0259riyy\u0259tin qar\u015f\u0131s\u0131nda duran qlobal \u00e7a\u011f\u0131r\u0131\u015flara cavab axtarmaq, humanitar \u0259m\u0259kda\u015fl\u0131qla ba\u011fl\u0131 \u0259n m\u00fch\u00fcm m\u0259s\u0259l\u0259l\u0259r\u0259 dair geni\u015f spektrli dialoqlar, fikir m\u00fcbadil\u0259l\u0259ri v\u0259 m\u00fczakir\u0259l\u0259r aparmaq \u00fc\u00e7\u00fcn beyn\u0259lxalq miqyasda n\u00fcfuzlu elmi-siyasi platformad\u0131r.<br>D\u00f6vl\u0259timizin ba\u015f\u00e7\u0131s\u0131 Forumun a\u00e7\u0131l\u0131\u015f\u0131nda nitq s\u00f6yl\u0259di.<br>N\u00f6vb\u0259ti g\u00fcn oktyabr\u0131n 3-d\u0259 IV Bak\u0131 Beyn\u0259lxalq Humanitar Forumu \u00e7\u0259r\u00e7iv\u0259sind\u0259 \u201cDavaml\u0131 inki\u015faf v\u0259 ekoloji sivilizasiya\u201d m\u00f6vzusunda \u201cd\u0259yirmi masa\u201d ke\u00e7irilib.<br>T\u0259dbird\u0259 \u00e7\u0131x\u0131\u015f ed\u0259n Az\u0259rbaycan Respublikas\u0131n\u0131n Prezidenti yan\u0131nda D\u00f6vl\u0259t \u0130dar\u0259\u00e7ilik Akademiyas\u0131n\u0131n rektoru, akademik Urxan \u018fl\u0259kb\u0259rov \u201cd\u0259yirmi masa\u201dda 20 \u00f6lk\u0259d\u0259n 40 n\u00fcmay\u0259nd\u0259nin i\u015ftirak etdiyini bildirib. \u201cDavaml\u0131 inki\u015faf v\u0259 ekoloji sivilizasiya\u201d m\u00f6vzusu haz\u0131rda d\u00fcnyada \u00e7ox aktual m\u0259s\u0259l\u0259 oldu\u011funu vur\u011fulayan rektor qonaqlara Az\u0259rbaycanda davaml\u0131 inki\u015fafa nail olunmas\u0131 v\u0259 \u0259traf m\u00fchitin qorunmas\u0131 istiqam\u0259tind\u0259 g\u00f6r\u00fcl\u0259n i\u015fl\u0259r haqq\u0131nda m\u0259lumat verib.<br>Nobel m\u00fckafat\u00e7\u0131s\u0131 Corc Smut deyib ki, d\u00fcnyan\u0131n dayan\u0131ql\u0131 inki\u015faf modelin\u0259 nail olmaq vacibdir. C\u0259miyy\u0259tin inki\u015faf\u0131n\u0131n davaml\u0131 olmas\u0131nda riskl\u0259r vard\u0131r. M\u00fcasir d\u00f6vrd\u0259 insanlar\u0131n ictimai h\u0259yat\u0131nda vacib olan amill\u0259rin dayan\u0131ql\u0131l\u0131\u011f\u0131n\u0131 t\u0259min etm\u0259k, x\u00fcsusil\u0259 enerjinin dayan\u0131ql\u0131l\u0131\u011f\u0131na nail olmaq \u0259sas prioritetl\u0259rd\u0259ndir. G\u00fcnd\u0259lik h\u0259yat\u0131m\u0131zda h\u0259yati \u0259h\u0259miyy\u0259t\u0259 malik m\u0259nb\u0259l\u0259r t\u00fck\u0259n\u0259rs\u0259, davaml\u0131l\u0131\u011f\u0131 t\u0259min ed\u0259 bilm\u0259rik.<br>C.Smut bildirib ki, \u00e7ox vaxt insanlar h\u0259r problemin h\u0259llini d\u00f6vl\u0259td\u0259n g\u00f6zl\u0259yir. Lakin bu m\u0259s\u0259l\u0259d\u0259 ictimaiyy\u0259tin n\u00fcmay\u0259nd\u0259l\u0259ri d\u0259 \u00e7ox f\u0259al olmal\u0131d\u0131rlar. Biz ekoloji m\u00fchitin t\u0259mizliyi \u00fc\u00e7\u00fcn n\u0259l\u0259r etm\u0259li oldu\u011fumuzu ara\u015fd\u0131rmal\u0131, tullant\u0131lar\u0131n yenid\u0259n emal\u0131 sah\u0259sind\u0259 birg\u0259 i\u015fl\u0259r g\u00f6rm\u0259liyik. Bu istiqam\u0259td\u0259 \u0259halinin maarifl\u0259ndirilm\u0259si d\u0259 vacibdir. Orta \u00fcmumt\u0259hsil m\u0259kt\u0259bl\u0259rind\u0259 ekologiya v\u0259 \u0259traf m\u00fchitin m\u00fchafiz\u0259si il\u0259 ba\u011fl\u0131 t\u0259dris saatlar\u0131n\u0131n art\u0131r\u0131lmas\u0131na ehtiyac var.<br>\u201cD\u0259yirmi masa\u201dda vur\u011fulan\u0131b ki, m\u00fczakir\u0259 olunan m\u00f6vzu d\u00fcnyan\u0131n b\u00fct\u00fcn \u00f6lk\u0259l\u0259ri \u00fc\u00e7\u00fcn aktuald\u0131r. Davaml\u0131 inki\u015fafa v\u0259 ekoloji sivilizasiyaya nail olmaq d\u00fczg\u00fcn idar\u0259\u00e7ilik t\u0259l\u0259b edir. V\u0259t\u0259nda\u015f c\u0259miyy\u0259tinin ehtiyaclar\u0131n\u0131 v\u0259 h\u0259yat\u0131m\u0131z\u0131 t\u0259min etm\u0259k, balans\u0131 qorumaq \u00e7ox \u00e7\u0259tindir. \u0130nsan f\u0259aliyy\u0259ti \u0259traf m\u00fchit\u0259 m\u00fc\u0259yy\u0259n t\u0259sir g\u00f6st\u0259rir. Bu sah\u0259d\u0259 ham\u0131n\u0131n riay\u0259t etdiyi qanunlar olmal\u0131d\u0131r. Biz insanlar planetimizi ya\u015famaq \u00fc\u00e7\u00fcn g\u00f6z\u0259l m\u0259kana \u00e7evirm\u0259liyik.<br>Daha sonra Regionlar\u0131n Davaml\u0131 \u0130nki\u015faf\u0131 \u00fczr\u0259 Avropa Fondunun prezidenti Klod Eqi, Flaman Parlamentinin f\u0259xri sabiq s\u0259dri Lui Vanvelthoven, T\u00fcrkiy\u0259 v\u0259 Orta \u015e\u0259rq D\u00f6vl\u0259t \u0130dar\u0259\u00e7iliyi \u0130nstitutunun (TODA\u0130E) ba\u015f direktoru Aslan Onur End\u0259r \u00e7\u0131x\u0131\u015f edibl\u0259r.<br>Natiql\u0259r bildiribl\u0259r ki, davaml\u0131 inki\u015fafa nail olmaq \u00fc\u00e7\u00fcn regional \u0259m\u0259kda\u015fl\u0131q \u00e7ox \u00f6n\u0259mlidir. D\u00f6vl\u0259t qullu\u011fu \u00fczr\u0259 t\u0259hsil ver\u0259n \u015f\u0259xsl\u0259r d\u0259 bu sah\u0259d\u0259 \u00f6z s\u0259yl\u0259rini \u0259sirg\u0259m\u0259m\u0259lidir. Davaml\u0131 inki\u015faf yegan\u0259 vasit\u0259dir v\u0259 bu inki\u015fafda ekoloji sivilizasiya \u0259sas prioritet olaraq qalacaqd\u0131r.<br>\u201cD\u0259yirmi masa\u201d m\u0259ruz\u0259l\u0259rl\u0259 davam etdirilib. M\u0259ruz\u0259\u00e7il\u0259r qeyd edibl\u0259r ki, bu Forum d\u00fcnyan\u0131 narahat ed\u0259n probleml\u0259rin m\u00fczakir\u0259si v\u0259 fikir m\u00fcbadil\u0259si apar\u0131lmas\u0131 \u00fc\u00e7\u00fcn yax\u015f\u0131 \u015f\u0259rait yarad\u0131r. Vur\u011fulan\u0131b ki, m\u00fcasir d\u00f6vrd\u0259 yarad\u0131lan yeni texnologiyalar, iqtisadiyyat\u0131n, s\u0259nayenin inki\u015faf\u0131, r\u0259qab\u0259tin artmas\u0131 \u0259traf m\u00fchit\u0259 \u00f6z t\u0259sirini g\u00f6st\u0259rir. \u0130nsanlar d\u00f6vr\u00fcn yaratd\u0131\u011f\u0131 imkanlardan istifad\u0259 ed\u0259rk\u0259n m\u00fctl\u0259q \u0259traf m\u00fchiti d\u0259 n\u0259z\u0259r\u0259 almal\u0131d\u0131rlar. Birg\u0259 pe\u015f\u0259kar komanda olmasa, probleml\u0259rin h\u0259llin\u0259 nail olmaq qeyri-m\u00fcmk\u00fcnd\u00fcr.<br>\u201cD\u0259yirmi masa\u201dda Az\u0259rbaycanda davaml\u0131 inki\u015faf\u0131n t\u0259min edilm\u0259si v\u0259 \u0259traf m\u00fchitin qorunmas\u0131 istiqam\u0259tind\u0259 d\u00f6vl\u0259t s\u0259viyy\u0259sind\u0259 g\u00f6r\u00fcl\u0259n i\u015fl\u0259r y\u00fcks\u0259k qiym\u0259tl\u0259ndirilib. Qeyd olunub ki, bu m\u0259s\u0259l\u0259l\u0259r haz\u0131rda d\u00f6vl\u0259tin diqq\u0259t m\u0259rk\u0259zind\u0259dir v\u0259 Az\u0259rbaycan bu sah\u0259d\u0259 \u00e7ox yax\u015f\u0131 t\u0259cr\u00fcb\u0259 \u0259ld\u0259 edib. D\u00f6vl\u0259t v\u0259 \u00f6z\u0259l sektor bu probleml\u0259rin h\u0259llin\u0259 y\u00f6n\u0259lmi\u015f birg\u0259 m\u00fch\u00fcm layih\u0259l\u0259r realla\u015fd\u0131r\u0131r. Heyd\u0259r \u018fliyev Fondunun \u0259traf m\u00fchitin qorunmas\u0131 istiqam\u0259tind\u0259 h\u0259yata ke\u00e7irdiyi t\u0259dbirl\u0259r x\u00fcsusil\u0259 diqq\u0259t\u0259layiqdir.<br>M\u0259ruz\u0259\u00e7il\u0259r bel\u0259 bir yekdil r\u0259y\u0259 g\u0259libl\u0259r ki, inki\u015faf\u0131n ekoloji bax\u0131mdan davaml\u0131 olmas\u0131n\u0131 t\u0259min etm\u0259k \u00fc\u00e7\u00fcn iqtisadi f\u0259aliyy\u0259t zaman\u0131 meydana \u00e7\u0131xan ciddi ekoloji probleml\u0259ri aradan qald\u0131rmaq, onlar\u0131n \u0259traf m\u00fchit\u0259 m\u0259nfi t\u0259sirinin minimuma endirilm\u0259si t\u0259l\u0259b olunur. \u018ftraf m\u00fchitin qorunmas\u0131 \u00fc\u00e7\u00fcn iqtisadi potensial\u0131n idar\u0259 edilm\u0259sind\u0259 m\u00fcasir \u00fcsullardan istifad\u0259 olunmas\u0131, h\u0259r hans\u0131 komponentin b\u0259rpa olunmayan d\u0259r\u0259c\u0259d\u0259 pozulmas\u0131na s\u0259b\u0259b ola bil\u0259c\u0259k f\u0259aliyy\u0259tin qar\u015f\u0131s\u0131n\u0131n al\u0131nmas\u0131, tullant\u0131s\u0131z, g\u00fccl\u00fc v\u0259 \u00e7ox\u015fax\u0259li iqtisadi inki\u015faf\u0131n t\u0259min edilm\u0259si bu m\u0259qs\u0259dl\u0259r\u0259 \u00e7atma\u011fa k\u00f6m\u0259k ed\u0259 bil\u0259r.<br>Sonda B\u0259yannam\u0259 q\u0259bul olunub.<\/p>\n\n\n\n<figure class=\"wp-container-2 wp-block-gallery-1 wp-block-gallery columns-1 is-cropped\"><ul class=\"blocks-gallery-grid\"><li class=\"blocks-gallery-item\"><figure><img width=\"600\" height=\"400\" src=\"https:\/\/dia.edu.az\/wp-content\/uploads\/2021\/03\/5-39.jpg\" alt=\"\" data-id=\"9324\" data-full-url=\"https:\/\/dia.edu.az\/wp-content\/uploads\/2021\/03\/5-39.jpg\" data-link=\"https:\/\/dia.edu.az\/?attachment_id=9324\" class=\"wp-image-9324\" srcset=\"https:\/\/legacy.dia.edu.az\/wp-content\/uploads\/2021\/03\/5-39-300x200@2x.jpg 600w, https:\/\/legacy.dia.edu.az\/wp-content\/uploads\/2021\/03\/5-39-300x200.jpg 300w, https:\/\/legacy.dia.edu.az\/wp-content\/uploads\/2021\/03\/5-39-150x100.jpg 150w\" sizes=\"(max-width: 600px) 100vw, 600px\" \/><\/figure><\/li><\/ul><\/figure>","protected":false},"excerpt":{"rendered":"<p>Bak\u0131 Beyn\u0259lxalq Humanitar Forumu \u00e7\u0259r\u00e7iv\u0259sind\u0259 \u201cDavaml\u0131 inki\u015faf v\u0259 ekoloji sivilizasiya\u201d m\u00f6vzusunda \u201cd\u0259yirmi masa\u201d ke\u00e7irilibOkt 03 , 2014 &#8211; 09:39 Oktyabr\u0131n 2-d\u0259 Heyd\u0259r \u018fliyev M\u0259rk\u0259zind\u0259 IV Bak\u0131 Beyn\u0259lxalq Humanitar Forumu i\u015f\u0259 ba\u015flay\u0131b.Az\u0259rbaycan Respublikas\u0131n\u0131n Prezidenti \u0130lham \u018fliyev v\u0259 xan\u0131m\u0131 Mehriban \u018fliyeva Forumun r\u0259smi a\u00e7\u0131l\u0131\u015f m\u0259rasimind\u0259 i\u015ftirak edibl\u0259r.Bak\u0131 Beyn\u0259lxalq Humanitar Forumu \u0259n geni\u015f humanitar \u0259m\u0259kda\u015fl\u0131q m\u0259s\u0259l\u0259l\u0259rinin m\u00fczakir\u0259 edildiyi [&hellip;]<\/p>","protected":false},"author":2,"featured_media":9321,"comment_status":"closed","ping_status":"closed","sticky":false,"template":"","format":"standard","meta":[],"categories":[137],"tags":[],"_links":{"self":[{"href":"https:\/\/legacy.dia.edu.az\/ru\/wp-json\/wp\/v2\/posts\/9320"}],"collection":[{"href":"https:\/\/legacy.dia.edu.az\/ru\/wp-json\/wp\/v2\/posts"}],"about":[{"href":"https:\/\/legacy.dia.edu.az\/ru\/wp-json\/wp\/v2\/types\/post"}],"author":[{"embeddable":true,"href":"https:\/\/legacy.dia.edu.az\/ru\/wp-json\/wp\/v2\/users\/2"}],"replies":[{"embeddable":true,"href":"https:\/\/legacy.dia.edu.az\/ru\/wp-json\/wp\/v2\/comments?post=9320"}],"version-history":[{"count":0,"href":"https:\/\/legacy.dia.edu.az\/ru\/wp-json\/wp\/v2\/posts\/9320\/revisions"}],"wp:featuredmedia":[{"embeddable":true,"href":"https:\/\/legacy.dia.edu.az\/ru\/wp-json\/wp\/v2\/media\/9321"}],"wp:attachment":[{"href":"https:\/\/legacy.dia.edu.az\/ru\/wp-json\/wp\/v2\/media?parent=9320"}],"wp:term":[{"taxonomy":"category","embeddable":true,"href":"https:\/\/legacy.dia.edu.az\/ru\/wp-json\/wp\/v2\/categories?post=9320"},{"taxonomy":"post_tag","embeddable":true,"href":"https:\/\/legacy.dia.edu.az\/ru\/wp-json\/wp\/v2\/tags?post=9320"}],"curies":[{"name":"wp","href":"https:\/\/api.w.org\/{rel}","templated":true}]}}