{"id":9315,"date":"2014-10-01T23:18:00","date_gmt":"2014-10-01T20:18:00","guid":{"rendered":"https:\/\/dia.edu.az\/?p=9315"},"modified":"2021-03-09T23:19:12","modified_gmt":"2021-03-09T20:19:12","slug":"dovl%c9%99t-idar%c9%99cilik-akademiyasinda-az%c9%99rbaycan-dovl%c9%99tciliyinin-huquqi-%c9%99saslari-v%c9%99-inzibati-islahatlar-az%c9%99rbaycan-respublikasinda-g%c9%99ncl","status":"publish","type":"post","link":"https:\/\/legacy.dia.edu.az\/ru\/arxivl\u0259r\/9315","title":{"rendered":"D\u00f6vl\u0259t \u0130dar\u0259\u00e7ilik Akademiyas\u0131nda \u201cAz\u0259rbaycan d\u00f6vl\u0259t\u00e7iliyinin h\u00fcquqi \u0259saslar\u0131 v\u0259 inzibati islahatlar\u201d, \u201dAz\u0259rbaycan Respublikas\u0131nda g\u0259ncl\u0259r siyas\u0259ti\u201d istiqam\u0259tl\u0259ri \u00fczr\u0259 q\u0131sam\u00fcdd\u0259tli ixtisasart\u0131rma kurslar\u0131 ba\u015fa \u00e7atm\u0131\u015fd\u0131r"},"content":{"rendered":"<p><strong>D\u00f6vl\u0259t \u0130dar\u0259\u00e7ilik Akademiyas\u0131nda \u201cAz\u0259rbaycan d\u00f6vl\u0259t\u00e7iliyinin h\u00fcquqi \u0259saslar\u0131 v\u0259 inzibati islahatlar\u201d, \u201dAz\u0259rbaycan Respublikas\u0131nda g\u0259ncl\u0259r siyas\u0259ti\u201d istiqam\u0259tl\u0259ri \u00fczr\u0259 q\u0131sam\u00fcdd\u0259tli ixtisasart\u0131rma kurslar\u0131 ba\u015fa \u00e7atm\u0131\u015fd\u0131r<\/strong><br><em>Okt 01 , 2014 &#8211; 10:29<\/em><\/p>\n\n\n\n<p>Az\u0259rbaycan Respublikas\u0131n\u0131n Prezidenti yan\u0131nda D\u00f6vl\u0259t \u0130dar\u0259\u00e7ilik Akademiyas\u0131nda \u201cAz\u0259rbaycan d\u00f6vl\u0259t\u00e7iliyinin h\u00fcquqi \u0259saslar\u0131 v\u0259 inzibati islahatlar\u201d, \u201dAz\u0259rbaycan Respublikas\u0131nda g\u0259ncl\u0259r siyas\u0259ti\u201d istiqam\u0259tl\u0259ri \u00fczr\u0259q\u0131sam\u00fcdd\u0259tli&nbsp; ixtisasart\u0131rma kurslar\u0131 ke\u00e7ilirmi\u015fdir. Kurslara d\u00f6vl\u0259t hakimiyy\u0259tinin m\u0259rk\u0259zi, \u015f\u0259h\u0259r, rayon miqyasl\u0131 orqanlar\u0131n\u0131n, m\u00fcvafiq nazirlik, komit\u0259 v\u0259 idar\u0259l\u0259rinin r\u0259hb\u0259r i\u015f\u00e7il\u0259ri c\u0259lb olunmu\u015fdur.<\/p>\n\n\n\n<p>\u201cAz\u0259rbaycan d\u00f6vl\u0259t\u00e7iliyinin h\u00fcquqi \u0259saslar\u0131 v\u0259 inzibati islahatlar\u201d istiqam\u0259tinin \u0259sas m\u0259qs\u0259di \u2013 Az\u0259rbaycan Respublikas\u0131nda v\u0259t\u0259nda\u015flar\u0131n konstitusion h\u00fcquq v\u0259 v\u0259zif\u0259l\u0259ri, V\u0259t\u0259nda\u015f v\u0259 h\u00fcquqi d\u00f6vl\u0259t: anlay\u0131\u015f, \u0259sas prinsipl\u0259r v\u0259 ba\u015fl\u0131ca probleml\u0259r, Konstitusiya n\u0259zar\u0259tinin mahiyy\u0259ti, t\u0259\u015fkili v\u0259 realla\u015fmas\u0131, Davaml\u0131 insan inki\u015faf\u0131n\u0131n planla\u015fd\u0131r\u0131lmas\u0131 v\u0259 idar\u0259 olunmas\u0131, Siyasi partiyalar\u0131n h\u00fcquqi statusu v\u0259 s. probleml\u0259rl\u0259 ba\u011fl\u0131 bilikl\u0259rin dinl\u0259yicil\u0259r\u0259 \u00e7atd\u0131r\u0131lmas\u0131 v\u0259 onlarla fikir m\u00fcbadil\u0259sinin apar\u0131lmas\u0131 idi.<\/p>\n\n\n\n<p>Kurs \u0259rzind\u0259 D\u00f6vl\u0259t \u0130dar\u0259\u00e7ilik Akademiyas\u0131n\u0131n rektoru akademik Urxan \u018fl\u0259kb\u0259rov,&nbsp; Milli M\u0259clisi Apparat\u0131n\u0131n r\u0259hb\u0259ri S\u0259fa Mirz\u0259yev, Milli M\u0259clisi H\u00fcquq siyas\u0259ti v\u0259 D\u00f6vl\u0259t quruculu\u011fu komit\u0259sinin s\u0259dri \u018fli H\u00fcseynli, Konstitusiya m\u0259hk\u0259m\u0259sinin hakimi Ceyhun Qaracayev m\u00fcxt\u0259lif m\u00f6vzularda m\u00fchazir\u0259l\u0259rl\u0259 c\u0131x\u0131\u015f etmi\u015fl\u0259r.&nbsp;<\/p>\n\n\n\n<p>&nbsp;Eyni zamanda qeyd olunan kursla yana\u015f\u0131-\u201dAz\u0259rbaycan Respublikas\u0131nda G\u0259ncl\u0259r Siyas\u0259ti\u201d istiqam\u0259ti \u00fczr\u0259q\u0131sam\u00fcdd\u0259tli&nbsp; ixtisasart\u0131rma kursu ke\u00e7irilmi\u015fdir. Kursun \u0259sas m\u0259qs\u0259di Davaml\u0131 inki\u015faf\u0131n planla\u015fd\u0131r\u0131lmas\u0131nda v\u0259 idar\u0259olunmas\u0131nda g\u0259ncl\u0259rin rolu, Az\u0259rbaycan d\u00f6vl\u0259tinin g\u0259ncl\u0259r siyas\u0259tinin ba\u015fl\u0131ca istiqam\u0259tl\u0259ri, Xaricd\u0259 t\u0259hsil \u00fczr\u0259 d\u00f6vl\u0259t proqram\u0131, v\u0259 s.probleml\u0259rl\u0259 ba\u011fl\u0131 bilikl\u0259rin dinl\u0259yicil\u0259r\u0259 \u00e7atd\u0131r\u0131lmas\u0131 v\u0259 onlarla fikir m\u00fcbadil\u0259sinin apar\u0131lmas\u0131 idi. Qeyd olunan kursda, Az\u0259rbaycan Respublikas\u0131n\u0131n T\u0259hsil nazirinin m\u00fcavini Ceyhun Bayramov, G\u0259ncl\u0259r v\u0259 \u0130dman nazirinin m\u00fcavini \u0130ntiqam Babayev, D\u0130A-n\u0131n rektoru akademik Urxan \u018fl\u0259kb\u0259rov, v\u0259 dig\u0259r muhazir\u0259\u00e7il\u0259r \u00e7\u0131x\u0131\u015f etmi\u015fl\u0259r. &nbsp;Kurslar\u0131n sonunda Az\u0259rbaycan Respublikas\u0131n\u0131n Prezidenti yan\u0131nda D\u00f6vl\u0259t \u0130dar\u0259\u00e7ilik Akademiyas\u0131nda dinl\u0259yicil\u0259rin burax\u0131l\u0131\u015f m\u0259rasimi ke\u00e7irilmi\u015fdir. Dinl\u0259yicil\u0259r\u0259 sertifikatlar&nbsp; t\u0259qdim edilmi\u015fdir.<\/p>","protected":false},"excerpt":{"rendered":"<p>D\u00f6vl\u0259t \u0130dar\u0259\u00e7ilik Akademiyas\u0131nda \u201cAz\u0259rbaycan d\u00f6vl\u0259t\u00e7iliyinin h\u00fcquqi \u0259saslar\u0131 v\u0259 inzibati islahatlar\u201d, \u201dAz\u0259rbaycan Respublikas\u0131nda g\u0259ncl\u0259r siyas\u0259ti\u201d istiqam\u0259tl\u0259ri \u00fczr\u0259 q\u0131sam\u00fcdd\u0259tli ixtisasart\u0131rma kurslar\u0131 ba\u015fa \u00e7atm\u0131\u015fd\u0131rOkt 01 , 2014 &#8211; 10:29 Az\u0259rbaycan Respublikas\u0131n\u0131n Prezidenti yan\u0131nda D\u00f6vl\u0259t \u0130dar\u0259\u00e7ilik Akademiyas\u0131nda \u201cAz\u0259rbaycan d\u00f6vl\u0259t\u00e7iliyinin h\u00fcquqi \u0259saslar\u0131 v\u0259 inzibati islahatlar\u201d, \u201dAz\u0259rbaycan Respublikas\u0131nda g\u0259ncl\u0259r siyas\u0259ti\u201d istiqam\u0259tl\u0259ri \u00fczr\u0259q\u0131sam\u00fcdd\u0259tli&nbsp; ixtisasart\u0131rma kurslar\u0131 ke\u00e7ilirmi\u015fdir. Kurslara d\u00f6vl\u0259t hakimiyy\u0259tinin m\u0259rk\u0259zi, \u015f\u0259h\u0259r, rayon [&hellip;]<\/p>","protected":false},"author":2,"featured_media":9316,"comment_status":"closed","ping_status":"closed","sticky":false,"template":"","format":"standard","meta":[],"categories":[137],"tags":[],"_links":{"self":[{"href":"https:\/\/legacy.dia.edu.az\/ru\/wp-json\/wp\/v2\/posts\/9315"}],"collection":[{"href":"https:\/\/legacy.dia.edu.az\/ru\/wp-json\/wp\/v2\/posts"}],"about":[{"href":"https:\/\/legacy.dia.edu.az\/ru\/wp-json\/wp\/v2\/types\/post"}],"author":[{"embeddable":true,"href":"https:\/\/legacy.dia.edu.az\/ru\/wp-json\/wp\/v2\/users\/2"}],"replies":[{"embeddable":true,"href":"https:\/\/legacy.dia.edu.az\/ru\/wp-json\/wp\/v2\/comments?post=9315"}],"version-history":[{"count":0,"href":"https:\/\/legacy.dia.edu.az\/ru\/wp-json\/wp\/v2\/posts\/9315\/revisions"}],"wp:featuredmedia":[{"embeddable":true,"href":"https:\/\/legacy.dia.edu.az\/ru\/wp-json\/wp\/v2\/media\/9316"}],"wp:attachment":[{"href":"https:\/\/legacy.dia.edu.az\/ru\/wp-json\/wp\/v2\/media?parent=9315"}],"wp:term":[{"taxonomy":"category","embeddable":true,"href":"https:\/\/legacy.dia.edu.az\/ru\/wp-json\/wp\/v2\/categories?post=9315"},{"taxonomy":"post_tag","embeddable":true,"href":"https:\/\/legacy.dia.edu.az\/ru\/wp-json\/wp\/v2\/tags?post=9315"}],"curies":[{"name":"wp","href":"https:\/\/api.w.org\/{rel}","templated":true}]}}