{"id":9305,"date":"2014-09-29T23:15:00","date_gmt":"2014-09-29T20:15:00","guid":{"rendered":"https:\/\/dia.edu.az\/?p=9305"},"modified":"2021-03-09T23:16:25","modified_gmt":"2021-03-09T20:16:25","slug":"az%c9%99rbaycan-respublikasinin-prezidenti-yaninda-dovl%c9%99t-idar%c9%99cilik-akademiyasinda-naxcivan-muxtar-respublikasinin-90-illik-yubileyin%c9%99-h%c9%99sr-olunmus-naxcivan-muxtar-respub","status":"publish","type":"post","link":"https:\/\/legacy.dia.edu.az\/ru\/arxivl\u0259r\/9305","title":{"rendered":"Az\u0259rbaycan Respublikas\u0131n\u0131n Prezidenti yan\u0131nda D\u00f6vl\u0259t \u0130dar\u0259\u00e7ilik Akademiyas\u0131nda Nax\u00e7\u0131van Muxtar Respublikas\u0131n\u0131n 90 illik yubileyin\u0259 h\u0259sr olunmu\u015f \u201cNax\u00e7\u0131van Muxtar Respublikas\u0131 90: innovativ, davaml\u0131 inki\u015faf modeli\u201d m\u00f6vzusunda elmi-praktiki konfrans ke\u00e7irilmi\u015fdir"},"content":{"rendered":"<p><strong>Az\u0259rbaycan Respublikas\u0131n\u0131n Prezidenti yan\u0131nda D\u00f6vl\u0259t \u0130dar\u0259\u00e7ilik Akademiyas\u0131nda Nax\u00e7\u0131van Muxtar Respublikas\u0131n\u0131n 90 illik yubileyin\u0259 h\u0259sr olunmu\u015f \u201cNax\u00e7\u0131van Muxtar Respublikas\u0131 90: innovativ, davaml\u0131 inki\u015faf modeli\u201d m\u00f6vzusunda elmi-praktiki konfrans ke\u00e7irilmi\u015fdir<\/strong><br><em>Sen 29 , 2014 &#8211; 05:47<\/em><\/p>\n\n\n\n<p>Sentyabr\u0131n 29-da Az\u0259rbaycan Respublikas\u0131n\u0131n Prezidenti yan\u0131nda D\u00f6vl\u0259t \u0130dar\u0259\u00e7ilik Akademiyas\u0131nda Az\u0259rbaycan Respublikas\u0131n\u0131n Prezidenti \u0130lham \u018fliyevin&nbsp;\u201cNax\u00e7\u0131van Muxtar Respublikas\u0131n\u0131n 90 illik yubileyinin ke\u00e7irilm\u0259si haqq\u0131nda\u201d 2014-c\u00fc il 14 yanvar tarixli S\u0259r\u0259ncam\u0131 icras\u0131n\u0131 r\u0259hb\u0259r tutaraq \u201cNax\u00e7\u0131van Muxtar Respublikas\u0131 90: innovativ, davaml\u0131 inki\u015faf modeli\u201d m\u00f6vzusunda elmi-praktiki konfrans ke\u00e7irilmi\u015fdir.<\/p>\n\n\n\n<p>Az\u0259rbaycan Respublikas\u0131n\u0131n D\u00f6vl\u0259t Himni s\u0259sl\u0259ndikd\u0259n sonra Elmi-praktiki konfrans\u0131 Az\u0259rbaycan Respublikas\u0131n\u0131n Prezidenti yan\u0131nda D\u00f6vl\u0259t \u0130dar\u0259\u00e7ilik Akademiyas\u0131n\u0131n rektoru, akdemik Urxan \u018fl\u0259kb\u0259rov a\u00e7araq b\u00f6y\u00fck tarix\u0259 malik Nax\u00e7\u0131van bar\u0259d\u0259 dan\u0131\u015fm\u0131\u015f, &nbsp;<br>M\u00fcst\u0259qil Az\u0259rbaycan Respublikas\u0131n\u0131n qurulmas\u0131 v\u0259 m\u00f6hk\u0259ml\u0259ndirilm\u0259si,&nbsp;Az\u0259rbaycanda&nbsp;demokratik d\u0259y\u0259rl\u0259rin b\u0259rq\u0259rar olmas\u0131 kimi ali amallara xidm\u0259t ed\u0259n Heyd\u0259r \u018fliyevin Nax\u00e7\u0131vandak\u0131 xidm\u0259tl\u0259rini xatirlatd\u0131.<\/p>\n\n\n\n<p>Rektor \u00f6lk\u0259mizd\u0259 qazan\u0131lan b\u00fct\u00fcn nailiyy\u0259tl\u0259rin Ulu \u00d6nd\u0259rin d\u00fchas\u0131n\u0131n b\u0259hr\u0259si oldu\u011funu bildirmi\u015f, onun ideyalar\u0131n\u0131n \u0259b\u0259di ya\u015fayaca\u011f\u0131n\u0131 qeyd etmi\u015fdir. O, \u00f6lk\u0259 Prezidenti \u0130lham \u018fliyev t\u0259r\u0259find\u0259n u\u011fur v\u0259 yarad\u0131c\u0131l\u0131qla davam etdiril\u0259n m\u0259qs\u0259dy\u00f6nl\u00fc siyas\u0259t n\u0259tic\u0259sind\u0259 Az\u0259rbaycan\u0131n \u0259ld\u0259 etdiyi misilsiz u\u011furlar\u0131 qeyd etmi\u015fdir.<\/p>\n\n\n\n<p>Elmi-praktiki konfransda&nbsp; Milli M\u0259clisin \u00fczv\u00fc, Az\u0259rbaycan A\u011fsaqqallar \u015euras\u0131n\u0131n s\u0259dri F\u0259ttah Heyd\u0259rov \u201cNax\u00e7\u0131van 90: m\u0259d\u0259ni, iqtisadi, sosial dir\u00e7\u0259li\u015f\u201d, Milli M\u0259clisin \u00fczv\u00fc, AMEA-n\u0131n vitse-prezidenti, akademik \u0130sa H\u0259bibb\u0259yli Az\u0259rbaycan d\u00f6vl\u0259t\u00e7iliyinin tarixind\u0259 Nax\u00e7\u0131van\u0131n muxtariyy\u0259tinin rolu v\u0259 \u0259h\u0259miyy\u0259ti, Milli M\u0259clisin \u00fczv\u00fc, AMEA-n\u0131n Nax\u00e7\u0131van B\u00f6lm\u0259sinin s\u0259dri, akademik \u0130smay\u0131l Hac\u0131yev \u201cNax\u00e7\u0131van\u0131n&nbsp; muxtariyy\u0259t statusu\u201d, Milli M\u0259clisin \u00fczv\u00fc, D\u0130A-n\u0131n Beyn\u0259lxalq m\u00fcnasib\u0259tl\u0259r v\u0259 xarici siyas\u0259t\u201d kafedras\u0131n\u0131n professoru Musa Qas\u0131ml\u0131 \u201c\u018frazi b\u00fct\u00f6vl\u00fcy\u00fc u\u011frunda nax\u00e7\u0131vanl\u0131lar\u0131n m\u00fcbariz\u0259si (1918-1920)\u201d, D\u0130A-n\u0131n Siyasi Ara\u015fd\u0131rmalar \u0130nstitutunun direktoru, professor Elman N\u0259sirov Nax\u00e7\u0131van Muxtar Respublikas\u0131n\u0131n beyn\u0259lxalq \u0259m\u0259kda\u015fl\u0131q siyas\u0259ti v\u0259 onun realla\u015fmas\u0131 mexanizml\u0259ri (1990 iyul-1993 iyun)\u201d, D\u0130A-n\u0131n Elmi T\u0259\u015fkilat \u015f\u00f6b\u0259sinin m\u00fcdiri, siyasi e.f.d., dosent R\u0259c\u0259b R\u0259himli \u201cNax\u00e7\u0131van Muxtar Respublikas\u0131n\u0131n s\u0259m\u0259r\u0259li idar\u0259\u00e7ilik sistemi davaml\u0131 inki\u015faf\u0131n t\u0259minat\u00e7\u0131s\u0131d\u0131r\u201d m\u00f6vzular\u0131nda elmi m\u0259ruz\u0259l\u0259rl\u0259 \u00e7\u0131x\u0131\u015f etmi\u015fl\u0259r.<\/p>\n\n\n\n<p>M\u0259ruz\u0259l\u0259rd\u0259 Nax\u00e7\u0131van Muxtar Respublikas\u0131n\u0131n 90 illik yubileyinin ke\u00e7irilm\u0259si haqq\u0131nda Prezident \u0130lham \u018fliyevin m\u00fcvafiq S\u0259r\u0259ncam\u0131n\u0131n b\u00f6y\u00fck \u0259h\u0259miyy\u0259t k\u0259sb etdiyi bildirilmi\u015f, Nax\u00e7\u0131van MR-in ke\u00e7diyi tarixi inki\u015faf yolundan \u0259trafl\u0131 s\u00f6hb\u0259t a\u00e7\u0131lm\u0131\u015f, \u00fcmummilli lider Heyd\u0259r \u018fliyevin Nax\u00e7\u0131vanda tarixi f\u0259aliyy\u0259ti x\u00fcsusil\u0259 qeyd edilmi\u015fdir. \u00d6lk\u0259mizin dig\u0259r regionlar\u0131 il\u0259 yana\u015f\u0131, Nax\u00e7\u0131vana da d\u00f6vl\u0259t t\u0259r\u0259find\u0259n x\u00fcsusi qay\u011f\u0131 g\u00f6st\u0259rildiyi bildirilmi\u015fdir. Natiql\u0259r \u00dcmummilli Liderin o ill\u0259rd\u0259 Nax\u00e7\u0131vanda ya\u015fay\u0131b i\u015fl\u0259m\u0259sinin Nax\u00e7\u0131van\u0131n bug\u00fcnk\u00fc m\u00f6vcudlu\u011funa v\u0259 inki\u015faf\u0131na \u015f\u0259rait yaratd\u0131\u011f\u0131n\u0131, Nax\u00e7\u0131vanda i\u015fl\u0259diyi d\u00f6vrd\u0259 onun t\u0259\u015f\u0259bb\u00fcs\u00fc v\u0259 r\u0259hb\u0259rliyi il\u0259 q\u0259bul olunan bir s\u0131ra q\u0259rarlar\u0131n sonradan Az\u0259rbaycan\u0131n da m\u00fcst\u0259qilliyinin qorunub saxlan\u0131lmas\u0131nda, Az\u0259rbaycan\u0131n \u00e7i\u00e7\u0259kl\u0259nm\u0259sind\u0259 \u0259v\u0259zsiz rola malik oldu\u011funu qeyd etmi\u015f, Ulu \u00d6nd\u0259rin v\u0259t\u0259n v\u0259 xalq qar\u015f\u0131s\u0131ndak\u0131 misilsiz xidm\u0259tl\u0259ri, \u00f6lk\u0259mizin m\u00fcasir inki\u015faf tarixinin Ulu \u00d6nd\u0259rin ad\u0131 il\u0259 ba\u011fl\u0131 oldu\u011fu, onun yenid\u0259n hakimiyy\u0259t\u0259 qay\u0131d\u0131\u015f\u0131 M\u00fcst\u0259qil Az\u0259rbaycan\u0131n qurtu\u0131u\u015funun, m\u00fcst\u0259qilliyinin, davaml\u0131 inki\u015faf\u0131n\u0131n \u0259sas\u0131 qoyuldu\u011fu diqq\u0259t\u0259 \u00e7atd\u0131rm\u0131\u015fd\u0131r.<\/p>\n\n\n\n<p>Elmi-praktik konfransda Nax\u00e7\u0131van\u0131n 90 illik tarixi inki\u015faf yoluna h\u0259sr edilmi\u015f film n\u00fcmayi\u015f etdirilmi\u015fdir.<\/p>","protected":false},"excerpt":{"rendered":"<p>Az\u0259rbaycan Respublikas\u0131n\u0131n Prezidenti yan\u0131nda D\u00f6vl\u0259t \u0130dar\u0259\u00e7ilik Akademiyas\u0131nda Nax\u00e7\u0131van Muxtar Respublikas\u0131n\u0131n 90 illik yubileyin\u0259 h\u0259sr olunmu\u015f \u201cNax\u00e7\u0131van Muxtar Respublikas\u0131 90: innovativ, davaml\u0131 inki\u015faf modeli\u201d m\u00f6vzusunda elmi-praktiki konfrans ke\u00e7irilmi\u015fdirSen 29 , 2014 &#8211; 05:47 Sentyabr\u0131n 29-da Az\u0259rbaycan Respublikas\u0131n\u0131n Prezidenti yan\u0131nda D\u00f6vl\u0259t \u0130dar\u0259\u00e7ilik Akademiyas\u0131nda Az\u0259rbaycan Respublikas\u0131n\u0131n Prezidenti \u0130lham \u018fliyevin&nbsp;\u201cNax\u00e7\u0131van Muxtar Respublikas\u0131n\u0131n 90 illik yubileyinin ke\u00e7irilm\u0259si haqq\u0131nda\u201d 2014-c\u00fc il [&hellip;]<\/p>","protected":false},"author":2,"featured_media":9306,"comment_status":"closed","ping_status":"closed","sticky":false,"template":"","format":"standard","meta":[],"categories":[137],"tags":[],"_links":{"self":[{"href":"https:\/\/legacy.dia.edu.az\/ru\/wp-json\/wp\/v2\/posts\/9305"}],"collection":[{"href":"https:\/\/legacy.dia.edu.az\/ru\/wp-json\/wp\/v2\/posts"}],"about":[{"href":"https:\/\/legacy.dia.edu.az\/ru\/wp-json\/wp\/v2\/types\/post"}],"author":[{"embeddable":true,"href":"https:\/\/legacy.dia.edu.az\/ru\/wp-json\/wp\/v2\/users\/2"}],"replies":[{"embeddable":true,"href":"https:\/\/legacy.dia.edu.az\/ru\/wp-json\/wp\/v2\/comments?post=9305"}],"version-history":[{"count":0,"href":"https:\/\/legacy.dia.edu.az\/ru\/wp-json\/wp\/v2\/posts\/9305\/revisions"}],"wp:featuredmedia":[{"embeddable":true,"href":"https:\/\/legacy.dia.edu.az\/ru\/wp-json\/wp\/v2\/media\/9306"}],"wp:attachment":[{"href":"https:\/\/legacy.dia.edu.az\/ru\/wp-json\/wp\/v2\/media?parent=9305"}],"wp:term":[{"taxonomy":"category","embeddable":true,"href":"https:\/\/legacy.dia.edu.az\/ru\/wp-json\/wp\/v2\/categories?post=9305"},{"taxonomy":"post_tag","embeddable":true,"href":"https:\/\/legacy.dia.edu.az\/ru\/wp-json\/wp\/v2\/tags?post=9305"}],"curies":[{"name":"wp","href":"https:\/\/api.w.org\/{rel}","templated":true}]}}