{"id":9303,"date":"2014-09-15T23:14:00","date_gmt":"2014-09-15T20:14:00","guid":{"rendered":"https:\/\/dia.edu.az\/?p=9303"},"modified":"2021-03-09T23:14:59","modified_gmt":"2021-03-09T20:14:59","slug":"dovl%c9%99t-idar%c9%99cilik-akademiyasinda-bilik-gunu","status":"publish","type":"post","link":"https:\/\/legacy.dia.edu.az\/ru\/arxivl\u0259r\/9303","title":{"rendered":"D\u00f6vl\u0259t \u0130dar\u0259\u00e7ilik Akademiyas\u0131nda Bilik G\u00fcn\u00fc"},"content":{"rendered":"<p><strong>D\u00f6vl\u0259t \u0130dar\u0259\u00e7ilik Akademiyas\u0131nda Bilik G\u00fcn\u00fc<\/strong><br><em>Sen 15 , 2014 &#8211; 09:29<\/em><\/p>\n\n\n\n<p>15 sentyabr 2014-c\u00fc ild\u0259 Az\u0259rbaycan Respublikas\u0131n\u0131n Prezidenti yan\u0131nda&nbsp;D\u00f6vl\u0259t \u0130dar\u0259\u00e7ilik Akademiyas\u0131nda \u00abBilik G\u00fcn\u00fc&nbsp;\u00bb&nbsp;m\u00fcnasib\u0259til\u0259 t\u0259dbir ke\u00e7irilib. T\u0259dbiri d\u00f6vl\u0259t himni s\u0259sl\u0259ndikd\u0259n sonra t\u0259brik nitqi il\u0259 a\u00e7an rektor, akademik Urxan \u018fl\u0259kb\u0259rov t\u0259l\u0259b\u0259, magistr v\u0259 m\u00fcdavim ad\u0131n\u0131 qazananlar\u0131, onlar\u0131n valideynl\u0259rini \u00abBilik G\u00fcn\u00fc\u00bb m\u00fcnasib\u0259til\u0259 t\u0259brik edib. Rektor m\u00fcst\u0259qil d\u00f6vl\u0259timizin qurucusu Ulu \u00d6nd\u0259r Heyd\u0259r \u018fliyevin elm v\u0259 t\u0259hsilin inki\u015faf\u0131na daim b\u00f6y\u00fck \u00f6n\u0259m verdiyini, \u00dcmummilli Liderin siyas\u0259tinin bu g\u00fcn d\u0259 \u00f6lk\u0259 ba\u015f\u00e7\u0131s\u0131 c\u0259nab Prezident \u0130lham \u018fliyev t\u0259r\u0259find\u0259n u\u011furla davam etdirildiyini bildirib. Natiq, Prezident \u0130lham \u018fliyevin elm v\u0259 t\u0259hsill\u0259 ba\u011fl\u0131 imzalad\u0131\u011f\u0131 bir \u00e7ox s\u0259n\u0259dl\u0259rin \u0259h\u0259miyy\u0259tini diqq\u0259t\u0259 \u00e7atd\u0131r\u0131b. \u00d6lk\u0259mizd\u0259 g\u0259ncl\u0259r\u0259 g\u00f6st\u0259ril\u0259n d\u00f6vl\u0259t qay\u011f\u0131s\u0131ndan, \u0130dar\u0259\u00e7ilik Akademiyas\u0131nda qazan\u0131lan u\u011furlardan b\u0259hs ed\u0259r\u0259k, bu ild\u0259 D\u00f6vl\u0259t \u0130dar\u0259\u00e7ilik Akademiyas\u0131na q\u0259bul olanlar\u0131n \u0259ks\u0259riyy\u0259tinin y\u00fcks\u0259k balla daxil olduqlar\u0131n\u0131 diqq\u0259t\u0259 \u00e7atd\u0131r\u0131b. Rektor bildirib ki, D\u00f6vl\u0259t \u0130dar\u0259\u00e7ilik Akademiyas\u0131 g\u0259nc n\u0259slin t\u0259lim-t\u0259rbiy\u0259sind\u0259, t\u0259hsilind\u0259, idar\u0259\u00e7i kadrlar\u0131n haz\u0131rlanmas\u0131nda \u00f6z istiqam\u0259ti olan m\u00fc\u0259ssis\u0259l\u0259rd\u0259ndir. Rektor son ill\u0259rd\u0259 \u00f6lk\u0259nin inki\u015faf tempind\u0259n, fantastik statistik g\u00f6st\u0259ricil\u0259rind\u0259n b\u0259hs etmi\u015f, m\u00fcasir d\u00f6vrd\u0259 d\u00f6vl\u0259tin g\u00fcc\u00fc v\u0259 q\u00fcdr\u0259ti onun t\u0259bii s\u0259rv\u0259tl\u0259ri il\u0259 yana\u015f\u0131, el\u0259c\u0259d\u0259 insan potensial\u0131 il\u0259 m\u00fc\u0259yy\u0259n olundu\u011funu qeyd etmi\u015fdir.<\/p>\n\n\n\n<p>Daha sonra Tarix kafedras\u0131n\u0131n professoru Musa Quliyev, Siyasi idar\u0259etm\u0259 fak\u00fclt\u0259sinin dekan\u0131 dos. Zaur Ba\u011f\u0131rov, \u0130nzibati idar\u0259etm\u0259 fak\u00fclt\u0259sinin dekan\u0131 dos. Oktay \u018fliyev, Prezident T\u0259qa\u00fcd\u00fcn\u0259 layiq g\u00f6r\u00fcl\u0259n Siyasi-idar\u0259etm\u0259 fak\u00fclt\u0259sinin t\u0259l\u0259b\u0259l\u0259ri N\u0259z\u0259rova Z\u0259hra, \u018fl\u0259kb\u0259rli \u018fli, \u0130nzibati idar\u0259etm\u0259 fak\u00fclt\u0259sinin t\u0259l\u0259b\u0259si Qafarli Selcan,&nbsp; D\u00f6vl\u0259t \u0130dar\u0259\u00e7ilik Akademiyas\u0131n\u0131n m\u0259zunu \u015eamil \u015eirinov, valideynl\u0259r ad\u0131ndan Az\u0259r Mustafayev v\u0259 dig\u0259rl\u0259ri \u00e7\u0131x\u0131\u015f ed\u0259r\u0259k \u00f6z sevinc v\u0259 t\u0259brikl\u0259rini b\u00f6l\u00fc\u015fd\u00fcl\u0259r.<\/p>","protected":false},"excerpt":{"rendered":"<p>D\u00f6vl\u0259t \u0130dar\u0259\u00e7ilik Akademiyas\u0131nda Bilik G\u00fcn\u00fcSen 15 , 2014 &#8211; 09:29 15 sentyabr 2014-c\u00fc ild\u0259 Az\u0259rbaycan Respublikas\u0131n\u0131n Prezidenti yan\u0131nda&nbsp;D\u00f6vl\u0259t \u0130dar\u0259\u00e7ilik Akademiyas\u0131nda \u00abBilik G\u00fcn\u00fc&nbsp;\u00bb&nbsp;m\u00fcnasib\u0259til\u0259 t\u0259dbir ke\u00e7irilib. T\u0259dbiri d\u00f6vl\u0259t himni s\u0259sl\u0259ndikd\u0259n sonra t\u0259brik nitqi il\u0259 a\u00e7an rektor, akademik Urxan \u018fl\u0259kb\u0259rov t\u0259l\u0259b\u0259, magistr v\u0259 m\u00fcdavim ad\u0131n\u0131 qazananlar\u0131, onlar\u0131n valideynl\u0259rini \u00abBilik G\u00fcn\u00fc\u00bb m\u00fcnasib\u0259til\u0259 t\u0259brik edib. Rektor m\u00fcst\u0259qil d\u00f6vl\u0259timizin qurucusu Ulu [&hellip;]<\/p>","protected":false},"author":2,"featured_media":9058,"comment_status":"closed","ping_status":"closed","sticky":false,"template":"","format":"standard","meta":[],"categories":[137],"tags":[],"_links":{"self":[{"href":"https:\/\/legacy.dia.edu.az\/ru\/wp-json\/wp\/v2\/posts\/9303"}],"collection":[{"href":"https:\/\/legacy.dia.edu.az\/ru\/wp-json\/wp\/v2\/posts"}],"about":[{"href":"https:\/\/legacy.dia.edu.az\/ru\/wp-json\/wp\/v2\/types\/post"}],"author":[{"embeddable":true,"href":"https:\/\/legacy.dia.edu.az\/ru\/wp-json\/wp\/v2\/users\/2"}],"replies":[{"embeddable":true,"href":"https:\/\/legacy.dia.edu.az\/ru\/wp-json\/wp\/v2\/comments?post=9303"}],"version-history":[{"count":0,"href":"https:\/\/legacy.dia.edu.az\/ru\/wp-json\/wp\/v2\/posts\/9303\/revisions"}],"wp:featuredmedia":[{"embeddable":true,"href":"https:\/\/legacy.dia.edu.az\/ru\/wp-json\/wp\/v2\/media\/9058"}],"wp:attachment":[{"href":"https:\/\/legacy.dia.edu.az\/ru\/wp-json\/wp\/v2\/media?parent=9303"}],"wp:term":[{"taxonomy":"category","embeddable":true,"href":"https:\/\/legacy.dia.edu.az\/ru\/wp-json\/wp\/v2\/categories?post=9303"},{"taxonomy":"post_tag","embeddable":true,"href":"https:\/\/legacy.dia.edu.az\/ru\/wp-json\/wp\/v2\/tags?post=9303"}],"curies":[{"name":"wp","href":"https:\/\/api.w.org\/{rel}","templated":true}]}}