{"id":9290,"date":"2014-06-13T23:10:00","date_gmt":"2014-06-13T20:10:00","guid":{"rendered":"https:\/\/dia.edu.az\/?p=9290"},"modified":"2021-03-09T23:11:52","modified_gmt":"2021-03-09T20:11:52","slug":"dovl%c9%99t-idar%c9%99cilik-akademiyasinda-15-iyun-milli-qurtulus-gunu-qeyd-edilmisdir","status":"publish","type":"post","link":"https:\/\/legacy.dia.edu.az\/ru\/arxivl\u0259r\/9290","title":{"rendered":"D\u00f6vl\u0259t \u0130dar\u0259\u00e7ilik Akademiyas\u0131nda 15 iyun Milli Qurtulu\u015f G\u00fcn\u00fc qeyd edilmi\u015fdir"},"content":{"rendered":"<p><strong>D\u00f6vl\u0259t \u0130dar\u0259\u00e7ilik Akademiyas\u0131nda 15 iyun Milli Qurtulu\u015f G\u00fcn\u00fc qeyd edilmi\u015fdir<\/strong><br><em>\u0130yn 13 , 2014 &#8211; 02:10<\/em><\/p>\n\n\n\n<p>Az\u0259rbaycan Respublikas\u0131n\u0131n Prezidenti yan\u0131nda D\u00f6vl\u0259t \u0130dar\u0259\u00e7ilik Akademiyas\u0131nda 15 iyun-Milli Qurtulu\u015f g\u00fcn\u00fcn\u0259 h\u0259sr olunmu\u015f t\u0259dbir ke\u00e7irilmi\u015fdir.<\/p>\n\n\n\n<p>T\u0259dbiri Akademiyan\u0131n rektoru, akademik Urxan \u018fl\u0259kb\u0259rov a\u00e7araq m\u00fcst\u0259qil Az\u0259rbaycan\u0131n memar\u0131 v\u0259 qurucusu, \u00dcmummilli lider Heyd\u0259r \u018fliyevin siyasi hakimiyy\u0259t\u0259 qay\u0131d\u0131\u015f\u0131n\u0131 m\u00fcst\u0259qillik tarixin\u0259 \u201cMilli Qurtulu\u015f G\u00fcn\u00fc\u201d kimi daxil olmas\u0131ndan, 1993-c\u00fc ild\u0259 xalq\u0131n t\u0259kidli t\u0259l\u0259bi il\u0259 hakimiyy\u0259t\u0259 yenid\u0259n g\u0259l\u0259n Ulu \u00d6nd\u0259rin Az\u0259rbaycan\u0131 par\u00e7alanmaqdan, m\u0259hv olma t\u0259hl\u00fck\u0259sind\u0259n v\u0259 v\u0259t\u0259nda\u015f m\u00fcharib\u0259sind\u0259n xilas etdiyini xat\u0131rlatm\u0131\u015fd\u0131r.&nbsp;Rektor, \u00f6lk\u0259nin xaos, anarxiya \u015f\u0259raitind\u0259 ya\u015fad\u0131\u011f\u0131 o g\u00fcnl\u0259rd\u0259 ba\u015f ver\u0259n hadis\u0259l\u0259rin separat\u00e7\u0131 q\u00fcvv\u0259l\u0259rin f\u0259all\u0131\u011f\u0131 il\u0259 daha da g\u0259rginl\u0259\u015fdiyini, Az\u0259rbaycan\u0131n par\u00e7alanmaq, m\u00fcst\u0259qilliyini itirm\u0259k t\u0259hl\u00fck\u0259si qar\u015f\u0131s\u0131nda qald\u0131\u011f\u0131n\u0131 bildirmi\u015f, xalq\u0131m\u0131z\u0131 bu \u00e7\u0259tin \u015f\u0259raitd\u0259n \u00e7\u0131xarmaq \u00fc\u00e7\u00fcn \u00f6z xilaskar\u0131 kimi Heyd\u0259r \u018fliyev\u0259 \u00fcz tutmas\u0131n\u0131n d\u00fczg\u00fcn tarixi se\u00e7im oldu\u011funu qeyd etmi\u015fdir. Rektor Ulu \u00d6nd\u0259rin ideyalar\u0131n\u0131 u\u011furla v\u0259 yarad\u0131c\u0131l\u0131qla h\u0259yata ke\u00e7ir\u0259n \u00f6lk\u0259 prezidenti c\u0259nab \u0130lham \u018fliyevin respublikam\u0131z\u0131n davaml\u0131 inki\u015faf\u0131 namin\u0259 g\u00f6rd\u00fcy\u00fc i\u015fl\u0259rd\u0259n dan\u0131\u015fm\u0131\u015f, bu ill\u0259r \u0259rzind\u0259 \u0259ld\u0259 etdiyimiz u\u011furlar\u0131n qazan\u0131lmas\u0131 istiqam\u0259tind\u0259 onun apard\u0131\u011f\u0131 m\u00fcdrik siyas\u0259t n\u0259tic\u0259sind\u0259 \u00f6lk\u0259mizin potensial\u0131n\u0131n v\u0259 n\u00fcfuzunun g\u00fcnb\u0259g\u00fcn artd\u0131\u011f\u0131n\u0131 qeyd etmi\u015fdir.<\/p>\n\n\n\n<p>T\u0259dbird\u0259 \u00e7\u0131x\u0131\u015f ed\u0259n Milli M\u0259clisin deputat\u0131 professor Had\u0131 R\u0259c\u0259bli qeyd etmi\u015fdi ki, Az\u0259rbaycan\u0131n g\u00f6rk\u0259mli o\u011flu b\u00f6y\u00fck v\u0259t\u0259np\u0259rv\u0259r Heyd\u0259r \u018fliyev xalq\u0131n bu a\u011f\u0131r g\u00fcn\u00fcnd\u0259, \u015f\u00fcbh\u0259siz, k\u0259nardan baxa bilm\u0259zdi. O, xalq\u0131n t\u0259kidli d\u0259v\u0259tini q\u0259bul edib Bak\u0131ya g\u0259ldi. Bununla da daxili v\u0259 xarici d\u00fc\u015fm\u0259nl\u0259rimizin b\u00fct\u00fcn planlar\u0131 iflasa u\u011frad\u0131. Xilaskarl\u0131q missiyas\u0131n\u0131 \u00f6z \u00fcz\u0259rin\u0259 g\u00f6t\u00fcr\u0259n bu dahi \u015f\u0259xsiyy\u0259t h\u0259yat\u0131n\u0131 t\u0259hl\u00fck\u0259 alt\u0131nda qoyaraq G\u0259nc\u0259y\u0259 getdi. Hadis\u0259l\u0259rin daha faci\u0259li n\u0259tic\u0259l\u0259r\u0259 g\u0259tirib \u00e7\u0131xarmamas\u0131 \u00fc\u00e7\u00fcn \u00f6z m\u00fcdrik, a\u011fsaqqal s\u00f6z\u00fcn\u00fc dedi, v\u0259t\u0259nda\u015f qar\u015f\u0131durmas\u0131n\u0131n geni\u015fl\u0259nm\u0259sinin qar\u015f\u0131s\u0131n\u0131 ald\u0131. Heyd\u0259r \u018fliyevin xilaskarl\u0131q missiyas\u0131 bu g\u00fcn\u00fc tariximiz\u0259 Milli Qurtulu\u015f G\u00fcn\u00fc kimi daxil etdi.<\/p>\n\n\n\n<p>Daha sonra D\u00f6vl\u0259t \u0130dar\u0259\u00e7ilik Akademiyas\u0131 \u201cSiyasi idar\u0259etm\u0259 v\u0259 politologiya kafedras\u0131n\u0131n m\u00fcdiri, professor Nigar \u018fl\u0259kb\u0259rova qeyd etmi\u015fdi ki, tariximiz\u0259 Milli Qurtulu\u015f G\u00fcn\u00fc kimi daxil olmu\u015f 1993-c\u00fc ilin 15 iyun g\u00fcn\u00fc m\u00fcst\u0259qillik tariximizin t\u0259dqiqi bax\u0131m\u0131ndan \u00e7ox \u0259h\u0259miyy\u0259tlidir. V\u0259t\u0259nini, xalq\u0131n\u0131 sev\u0259n h\u0259min \u00e7\u0259tin, a\u011fr\u0131l\u0131 g\u00fcnl\u0259rin d\u0259h\u015f\u0259tl\u0259rini ya\u015fayan, hadis\u0259l\u0259ri g\u00f6zl\u0259ri il\u0259 g\u00f6r\u0259n insanlar \u00fc\u00e7\u00fcn 15 iyun \u0259sl qurtulu\u015f tarixi, m\u00fcbariz\u0259 tarixidir. Bu tarixi yaradan is\u0259 Az\u0259rbaycan\u0131n inki\u015faf\u0131nda, m\u00fcst\u0259qilliyinin qorunub saxlan\u0131lmas\u0131nda, \u00f6lk\u0259nin g\u0259l\u0259c\u0259k inki\u015faf\u0131nda m\u00fcst\u0259sna rol oynayan Ulu \u00d6nd\u0259r Heyd\u0259r \u018fliyevdir.<\/p>\n\n\n\n<p>Daha sonra Beyn\u0259lxalq m\u00fcnasib\u0259tl\u0259r v\u0259 xarici siyas\u0259t kafedras\u0131\u201dn\u0131n m\u00fc\u0259llimi prof. Namiq Axundov \u00e7\u0131x\u0131\u015f ed\u0259r\u0259k Heyd\u0259r \u018fliyevin xalq\u0131m\u0131z\u0131n v\u0259 tariximizin qar\u015f\u0131s\u0131nda \u0259n b\u00f6y\u00fck xidm\u0259tl\u0259ri, k\u0259skin geosiyasi ziddiyy\u0259tl\u0259rin m\u00f6vcud oldu\u011fu bir \u015f\u0259raitd\u0259 Az\u0259rbaycan d\u00f6vl\u0259t\u00e7iliyini xilas etm\u0259sind\u0259n, Az\u0259rbaycan\u0131n varl\u0131\u011f\u0131n\u0131 par\u00e7alan\u0131b yox olmaq t\u0259hl\u00fck\u0259sind\u0259n qurtarmaqs\u0131ndan dan\u0131\u015fd\u0131. Qeyd etdi ki,&nbsp; o zaman d\u00f6vl\u0259timizin qorunub saxlan\u0131lmas\u0131 azadl\u0131\u011f\u0131m\u0131z\u0131n, m\u00fcst\u0259qilliyimizin qorunub saxlanmas\u0131 dem\u0259k idi, qurtulu\u015f dem\u0259k idi.<\/p>\n\n\n\n<p>Daha sonra D\u0130A-n\u0131n \u201cSiyasi ara\u015fd\u0131rmalar institutu\u201dnun dirktoru professor Elman N\u0259sirov, D\u0130A-n\u0131n Elmi katibi dos. Sakit \u018fliyev v\u0259 dig\u0259rl\u0259ri \u00e7\u0131x\u0131\u015f ed\u0259r\u0259k bildirmi\u015fl\u0259r ki, Ulu \u00d6nd\u0259rin siyasi hakimiyy\u0259t\u0259 qay\u0131d\u0131\u015f\u0131 xalq\u0131n qurtulu\u015f, nicat yolu olmu\u015f, bu b\u00f6y\u00fck \u015f\u0259xsiyy\u0259tin v\u0259t\u0259nin a\u011f\u0131r g\u00fcnl\u0259rind\u0259 \u00f6z xalq\u0131n\u0131n yan\u0131nda olmas\u0131 insanlar\u0131n itmi\u015f \u00fcmidl\u0259rini \u00f6zl\u0259rin\u0259 qaytarm\u0131\u015f, Ulu \u00d6nd\u0259r Heyd\u0259r \u018fliyevin respublika r\u0259hb\u0259rliyin\u0259 vaxt\u0131nda v\u0259 yenid\u0259n qay\u0131d\u0131\u015f\u0131 \u00f6lk\u0259mizi m\u0259hv olmaqdan qurtarm\u0131\u015f, onun q\u0259tiyy\u0259ti xalqa ruh y\u00fcks\u0259kliyi g\u0259tirmi\u015f, \u00f6lk\u0259d\u0259 sabitlik v\u0259 \u0259min-amanl\u0131q yaratm\u0131\u015fd\u0131r.<\/p>\n\n\n\n<figure class=\"wp-container-2 wp-block-gallery-1 wp-block-gallery columns-1 is-cropped\"><ul class=\"blocks-gallery-grid\"><li class=\"blocks-gallery-item\"><figure><img width=\"640\" height=\"426\" src=\"https:\/\/dia.edu.az\/wp-content\/uploads\/2021\/03\/9-3.jpg\" alt=\"\" data-id=\"9291\" data-full-url=\"https:\/\/dia.edu.az\/wp-content\/uploads\/2021\/03\/9-3.jpg\" data-link=\"https:\/\/dia.edu.az\/?attachment_id=9291\" class=\"wp-image-9291\" srcset=\"https:\/\/legacy.dia.edu.az\/wp-content\/uploads\/2021\/03\/9-3.jpg 640w, https:\/\/legacy.dia.edu.az\/wp-content\/uploads\/2021\/03\/9-3-300x200.jpg 300w, https:\/\/legacy.dia.edu.az\/wp-content\/uploads\/2021\/03\/9-3-150x100.jpg 150w, https:\/\/legacy.dia.edu.az\/wp-content\/uploads\/2021\/03\/9-3-300x200@2x.jpg 600w\" sizes=\"(max-width: 640px) 100vw, 640px\" \/><\/figure><\/li><\/ul><\/figure>","protected":false},"excerpt":{"rendered":"<p>D\u00f6vl\u0259t \u0130dar\u0259\u00e7ilik Akademiyas\u0131nda 15 iyun Milli Qurtulu\u015f G\u00fcn\u00fc qeyd edilmi\u015fdir\u0130yn 13 , 2014 &#8211; 02:10 Az\u0259rbaycan Respublikas\u0131n\u0131n Prezidenti yan\u0131nda D\u00f6vl\u0259t \u0130dar\u0259\u00e7ilik Akademiyas\u0131nda 15 iyun-Milli Qurtulu\u015f g\u00fcn\u00fcn\u0259 h\u0259sr olunmu\u015f t\u0259dbir ke\u00e7irilmi\u015fdir. T\u0259dbiri Akademiyan\u0131n rektoru, akademik Urxan \u018fl\u0259kb\u0259rov a\u00e7araq m\u00fcst\u0259qil Az\u0259rbaycan\u0131n memar\u0131 v\u0259 qurucusu, \u00dcmummilli lider Heyd\u0259r \u018fliyevin siyasi hakimiyy\u0259t\u0259 qay\u0131d\u0131\u015f\u0131n\u0131 m\u00fcst\u0259qillik tarixin\u0259 \u201cMilli Qurtulu\u015f G\u00fcn\u00fc\u201d kimi [&hellip;]<\/p>","protected":false},"author":2,"featured_media":9294,"comment_status":"closed","ping_status":"closed","sticky":false,"template":"","format":"standard","meta":[],"categories":[137],"tags":[],"_links":{"self":[{"href":"https:\/\/legacy.dia.edu.az\/ru\/wp-json\/wp\/v2\/posts\/9290"}],"collection":[{"href":"https:\/\/legacy.dia.edu.az\/ru\/wp-json\/wp\/v2\/posts"}],"about":[{"href":"https:\/\/legacy.dia.edu.az\/ru\/wp-json\/wp\/v2\/types\/post"}],"author":[{"embeddable":true,"href":"https:\/\/legacy.dia.edu.az\/ru\/wp-json\/wp\/v2\/users\/2"}],"replies":[{"embeddable":true,"href":"https:\/\/legacy.dia.edu.az\/ru\/wp-json\/wp\/v2\/comments?post=9290"}],"version-history":[{"count":0,"href":"https:\/\/legacy.dia.edu.az\/ru\/wp-json\/wp\/v2\/posts\/9290\/revisions"}],"wp:featuredmedia":[{"embeddable":true,"href":"https:\/\/legacy.dia.edu.az\/ru\/wp-json\/wp\/v2\/media\/9294"}],"wp:attachment":[{"href":"https:\/\/legacy.dia.edu.az\/ru\/wp-json\/wp\/v2\/media?parent=9290"}],"wp:term":[{"taxonomy":"category","embeddable":true,"href":"https:\/\/legacy.dia.edu.az\/ru\/wp-json\/wp\/v2\/categories?post=9290"},{"taxonomy":"post_tag","embeddable":true,"href":"https:\/\/legacy.dia.edu.az\/ru\/wp-json\/wp\/v2\/tags?post=9290"}],"curies":[{"name":"wp","href":"https:\/\/api.w.org\/{rel}","templated":true}]}}