{"id":9263,"date":"2014-05-27T23:04:00","date_gmt":"2014-05-27T20:04:00","guid":{"rendered":"https:\/\/dia.edu.az\/?p=9263"},"modified":"2021-03-09T23:06:10","modified_gmt":"2021-03-09T20:06:10","slug":"dia-da-28-may-respublika-gunun%c9%99-h%c9%99sr-olunmus-elmi-praktik-konfrans-kecirilmisdir","status":"publish","type":"post","link":"https:\/\/legacy.dia.edu.az\/ru\/arxivl\u0259r\/9263","title":{"rendered":"D\u0130A-da \u201c28 may-Respublika g\u00fcn\u00fc\u201dn\u0259 h\u0259sr olunmu\u015f elmi-praktik konfrans ke\u00e7irilmi\u015fdir"},"content":{"rendered":"<p><strong>D\u0130A-da \u201c28 may-Respublika g\u00fcn\u00fc\u201dn\u0259 h\u0259sr olunmu\u015f elmi-praktik konfrans ke\u00e7irilmi\u015fdir<\/strong><br><em>May 27 , 2014 &#8211; 11:47<\/em><\/p>\n\n\n\n<p>May\u0131n 27-d\u0259 Az\u0259rbaycan Respublikas\u0131n\u0131n Prezidenti yan\u0131nda D\u00f6vl\u0259t \u0130dar\u0259\u00e7ilik Akademiyas\u0131nda 28 may\u2013Respublika g\u00fcn\u00fcn\u0259 h\u0259sr olunmu\u015f elmi-praktik konfrans ke\u00e7irilmi\u015fdir. Az\u0259rbaycan\u0131n d\u00f6vl\u0259t himni il\u0259 ba\u015flayan elmi-praktik konfrans Akademiyan\u0131n rektoru, akademik Urxan \u018fl\u0259kb\u0259rov a\u00e7araq, akademiyan\u0131n professor-m\u00fc\u0259llim, t\u0259l\u0259b\u0259 v\u0259 m\u00fcdavim, el\u0259c\u0259 d\u0259 b\u00fct\u00fcn kollektivini bayram m\u00fcnasib\u0259til\u0259 t\u0259brik etdi.<\/p>\n\n\n\n<p>Natiq d\u00f6vl\u0259t\u00e7ilik salnam\u0259mizin \u015f\u0259r\u0259fli tarixi olan Az\u0259rbaycan Xalq C\u00fcmhuriyy\u0259tinin yaranmas\u0131ndan, az vaxt \u0259rzind\u0259 s\u00fcquta u\u011framas\u0131n\u0131n s\u0259b\u0259bl\u0259rind\u0259n dan\u0131\u015fm\u0131\u015f, m\u00fcst\u0259qilliyin b\u0259rpas\u0131 v\u0259 qorunub saxlan\u0131lmas\u0131 istiqam\u0259tind\u0259 azadl\u0131q m\u00fccadil\u0259si yolunda apar\u0131lan m\u00fcbariz\u0259d\u0259 ba\u015f vermi\u015f hadis\u0259l\u0259ri xat\u0131rlatm\u0131\u015fd\u0131r. M\u00fcst\u0259qilliyimizi yenid\u0259n b\u0259rpa etdiyimiz g\u00fcnl\u0259rd\u0259 rastla\u015fd\u0131\u011f\u0131m\u0131z mane\u0259l\u0259ri, t\u0259hl\u00fck\u0259l\u0259ri xat\u0131rladaraq \u00dcmummilli Lider Heyd\u0259r \u018fliyevin b\u00f6y\u00fck \u00e7\u0259tinlikl\u0259r\u0259 baxmayaraq m\u00fcst\u0259qilliyimizin qorunmas\u0131 istiqam\u0259tind\u0259 apard\u0131\u011f\u0131 m\u00fcdrik siyas\u0259td\u0259n, h\u0259m\u00e7inin bug\u00fcnk\u00fc y\u00fcks\u0259k davaml\u0131 inki\u015fafa nail olma\u011f\u0131m\u0131z\u0131n \u0259saslar\u0131n\u0131 qeyd etmi\u015f, \u00f6lk\u0259 Prezidenti c\u0259nab \u0130lham \u018fliyevin \u00f6lk\u0259nin t\u0259r\u0259qqisi, xalq\u0131n rifah\u0131 namin\u0259 g\u00f6rd\u00fcy\u00fc i\u015fl\u0259rin \u0259h\u0259miyy\u0259tind\u0259n s\u00f6z a\u00e7m\u0131\u015fd\u0131r.<\/p>\n\n\n\n<p>Elmi-praktik konfransda \u201cTarix\u201d kafedras\u0131n\u0131n m\u00fcdiri dos. Firdovsiyy\u0259 \u018fhm\u0259dova \u201cAz\u0259rbaycan Xalq Cumhuriyy\u0259ti: u\u011furlar v\u0259 perespektivl\u0259r\u201d, Tarix\u201d kafedras\u0131n\u0131n m\u00fc\u0259llimi dos. R\u0259na Bayramova \u201cAz\u0259rbaycan Xalq Cumhuriyy\u0259tinin t\u0259hsil siyas\u0259ti\u201d, \u201cD\u00f6vl\u0259t idar\u0259\u00e7iliyinin h\u00fcquqi t\u0259nziml\u0259nm\u0259si\u201d kafedras\u0131n\u0131n m\u00fcdiri, dos. Oruc M\u0259mm\u0259dov, \u201cAz\u0259rbaycan Xalq Cumhuriyy\u0259tind\u0259 d\u00f6vl\u0259t qullu\u011fu m\u00fcnasib\u0259tl\u0259ri\u201d,\u00a0 D\u0130A-n\u0131n \u0130nzibati-idar\u0259etm\u0259 fak\u00fclt\u0259si I kurs t\u0259l\u0259b\u0259si Anar Pa\u015fazad\u0259 \u201cAz\u0259rbaycan Xalq Cumhuriyy\u0259tind\u0259 d\u00f6vl\u0259t idar\u0259\u00e7iliyi sistemi\u201d adl\u0131 m\u0259ruz\u0259l\u0259rl\u0259 \u00e7\u0131x\u0131\u015f ed\u0259r\u0259k 28 may\u2013Respublika g\u00fcn\u00fcn\u00fcn qeyd olunmas\u0131n\u0131n vacibliyi, xalq\u0131m\u0131z\u0131n ke\u00e7irdiyi bayramlar s\u0131ras\u0131nda bu g\u00fcn\u00fcn b\u00f6y\u00fck \u00f6n\u0259m k\u0259sb etdiyini, azadl\u0131q m\u00fccadil\u0259mizin tarixi \u015fahidi kimi unudulmaz bir s\u0259hif\u0259 oldu\u011funu qeyd etmi\u015fl\u0259r.<\/p>\n\n\n\n<figure class=\"wp-container-2 wp-block-gallery-1 wp-block-gallery columns-1 is-cropped\"><ul class=\"blocks-gallery-grid\"><li class=\"blocks-gallery-item\"><figure><img width=\"640\" height=\"426\" src=\"https:\/\/dia.edu.az\/wp-content\/uploads\/2021\/03\/2-55.jpg\" alt=\"\" data-id=\"9264\" data-full-url=\"https:\/\/dia.edu.az\/wp-content\/uploads\/2021\/03\/2-55.jpg\" data-link=\"https:\/\/dia.edu.az\/?attachment_id=9264\" class=\"wp-image-9264\" srcset=\"https:\/\/legacy.dia.edu.az\/wp-content\/uploads\/2021\/03\/2-55.jpg 640w, https:\/\/legacy.dia.edu.az\/wp-content\/uploads\/2021\/03\/2-55-300x200.jpg 300w, https:\/\/legacy.dia.edu.az\/wp-content\/uploads\/2021\/03\/2-55-150x100.jpg 150w, https:\/\/legacy.dia.edu.az\/wp-content\/uploads\/2021\/03\/2-55-300x200@2x.jpg 600w\" sizes=\"(max-width: 640px) 100vw, 640px\" \/><\/figure><\/li><\/ul><\/figure>","protected":false},"excerpt":{"rendered":"<p>D\u0130A-da \u201c28 may-Respublika g\u00fcn\u00fc\u201dn\u0259 h\u0259sr olunmu\u015f elmi-praktik konfrans ke\u00e7irilmi\u015fdirMay 27 , 2014 &#8211; 11:47 May\u0131n 27-d\u0259 Az\u0259rbaycan Respublikas\u0131n\u0131n Prezidenti yan\u0131nda D\u00f6vl\u0259t \u0130dar\u0259\u00e7ilik Akademiyas\u0131nda 28 may\u2013Respublika g\u00fcn\u00fcn\u0259 h\u0259sr olunmu\u015f elmi-praktik konfrans ke\u00e7irilmi\u015fdir. Az\u0259rbaycan\u0131n d\u00f6vl\u0259t himni il\u0259 ba\u015flayan elmi-praktik konfrans Akademiyan\u0131n rektoru, akademik Urxan \u018fl\u0259kb\u0259rov a\u00e7araq, akademiyan\u0131n professor-m\u00fc\u0259llim, t\u0259l\u0259b\u0259 v\u0259 m\u00fcdavim, el\u0259c\u0259 d\u0259 b\u00fct\u00fcn kollektivini bayram m\u00fcnasib\u0259til\u0259 [&hellip;]<\/p>","protected":false},"author":2,"featured_media":9264,"comment_status":"closed","ping_status":"closed","sticky":false,"template":"","format":"standard","meta":[],"categories":[137],"tags":[],"_links":{"self":[{"href":"https:\/\/legacy.dia.edu.az\/ru\/wp-json\/wp\/v2\/posts\/9263"}],"collection":[{"href":"https:\/\/legacy.dia.edu.az\/ru\/wp-json\/wp\/v2\/posts"}],"about":[{"href":"https:\/\/legacy.dia.edu.az\/ru\/wp-json\/wp\/v2\/types\/post"}],"author":[{"embeddable":true,"href":"https:\/\/legacy.dia.edu.az\/ru\/wp-json\/wp\/v2\/users\/2"}],"replies":[{"embeddable":true,"href":"https:\/\/legacy.dia.edu.az\/ru\/wp-json\/wp\/v2\/comments?post=9263"}],"version-history":[{"count":0,"href":"https:\/\/legacy.dia.edu.az\/ru\/wp-json\/wp\/v2\/posts\/9263\/revisions"}],"wp:featuredmedia":[{"embeddable":true,"href":"https:\/\/legacy.dia.edu.az\/ru\/wp-json\/wp\/v2\/media\/9264"}],"wp:attachment":[{"href":"https:\/\/legacy.dia.edu.az\/ru\/wp-json\/wp\/v2\/media?parent=9263"}],"wp:term":[{"taxonomy":"category","embeddable":true,"href":"https:\/\/legacy.dia.edu.az\/ru\/wp-json\/wp\/v2\/categories?post=9263"},{"taxonomy":"post_tag","embeddable":true,"href":"https:\/\/legacy.dia.edu.az\/ru\/wp-json\/wp\/v2\/tags?post=9263"}],"curies":[{"name":"wp","href":"https:\/\/api.w.org\/{rel}","templated":true}]}}