{"id":9256,"date":"2014-05-20T23:03:00","date_gmt":"2014-05-20T20:03:00","guid":{"rendered":"https:\/\/dia.edu.az\/?p=9256"},"modified":"2021-03-09T23:04:30","modified_gmt":"2021-03-09T20:04:30","slug":"az%c9%99rbaycan-respublikasinin-prezidenti-yaninda-dovl%c9%99t-idar%c9%99cilik-akademiyasinin-tarix-kaferasinin-professoru-%c9%99m%c9%99kdar-mu%c9%99llim-az%c9%99rbaycan-yazicilar","status":"publish","type":"post","link":"https:\/\/legacy.dia.edu.az\/ru\/arxivl\u0259r\/9256","title":{"rendered":"Az\u0259rbaycan Respublikas\u0131n\u0131n Prezidenti yan\u0131nda D\u00f6vl\u0259t \u0130dar\u0259\u00e7ilik Akademiyas\u0131n\u0131n \u201cTarix\u201d kaferas\u0131n\u0131n professoru, \u018fm\u0259kdar m\u00fc\u0259llim, Az\u0259rbaycan Yaz\u0131\u00e7\u0131lar Birliyinin \u00fczv\u00fc Musa Nizam o\u011flu Quluzad\u0259nin 75 illik yubileyin\u0259 h\u0259sr edilmi\u015f t\u0259dbir ke\u00e7irilmi\u015fdir."},"content":{"rendered":"<p><strong>Az\u0259rbaycan Respublikas\u0131n\u0131n Prezidenti yan\u0131nda D\u00f6vl\u0259t \u0130dar\u0259\u00e7ilik Akademiyas\u0131n\u0131n \u201cTarix\u201d kaferas\u0131n\u0131n professoru, \u018fm\u0259kdar m\u00fc\u0259llim, Az\u0259rbaycan Yaz\u0131\u00e7\u0131lar Birliyinin \u00fczv\u00fc Musa Nizam o\u011flu Quluzad\u0259nin 75 illik yubileyin\u0259 h\u0259sr edilmi\u015f t\u0259dbir ke\u00e7irilmi\u015fdir.<\/strong><br><em>May 20 , 2014 &#8211; 11:54<\/em><\/p>\n\n\n\n<p>Az\u0259rbaycan Respublikas\u0131n\u0131n Prezidenti yan\u0131nda D\u00f6vl\u0259t \u0130dar\u0259\u00e7ilik Akademiyas\u0131n\u0131n \u201cTarix\u201d kaferas\u0131n\u0131n professoru, \u018fm\u0259kdar m\u00fc\u0259llim, Az\u0259rbaycan Yaz\u0131\u00e7\u0131lar Birliyinin \u00fczv\u00fc<\/p>\n\n\n\n<p><em><strong>Musa Nizam o\u011flu Quluzad\u0259nin<\/strong><\/em><\/p>\n\n\n\n<p>75 illik yubileyin\u0259 h\u0259sr edilmi\u015f t\u0259dbir ke\u00e7irilmi\u015fdir.<\/p>\n\n\n\n<figure class=\"wp-container-2 wp-block-gallery-1 wp-block-gallery columns-1 is-cropped\"><ul class=\"blocks-gallery-grid\"><li class=\"blocks-gallery-item\"><figure><img width=\"480\" height=\"588\" src=\"https:\/\/dia.edu.az\/wp-content\/uploads\/2021\/03\/1-58.jpg\" alt=\"\" data-id=\"9257\" data-full-url=\"https:\/\/dia.edu.az\/wp-content\/uploads\/2021\/03\/1-58.jpg\" data-link=\"https:\/\/dia.edu.az\/?attachment_id=9257\" class=\"wp-image-9257\" srcset=\"https:\/\/legacy.dia.edu.az\/wp-content\/uploads\/2021\/03\/1-58.jpg 480w, https:\/\/legacy.dia.edu.az\/wp-content\/uploads\/2021\/03\/1-58-245x300.jpg 245w\" sizes=\"(max-width: 480px) 100vw, 480px\" \/><\/figure><\/li><\/ul><\/figure>","protected":false},"excerpt":{"rendered":"<p>Az\u0259rbaycan Respublikas\u0131n\u0131n Prezidenti yan\u0131nda D\u00f6vl\u0259t \u0130dar\u0259\u00e7ilik Akademiyas\u0131n\u0131n \u201cTarix\u201d kaferas\u0131n\u0131n professoru, \u018fm\u0259kdar m\u00fc\u0259llim, Az\u0259rbaycan Yaz\u0131\u00e7\u0131lar Birliyinin \u00fczv\u00fc Musa Nizam o\u011flu Quluzad\u0259nin 75 illik yubileyin\u0259 h\u0259sr edilmi\u015f t\u0259dbir ke\u00e7irilmi\u015fdir.May 20 , 2014 &#8211; 11:54 Az\u0259rbaycan Respublikas\u0131n\u0131n Prezidenti yan\u0131nda D\u00f6vl\u0259t \u0130dar\u0259\u00e7ilik Akademiyas\u0131n\u0131n \u201cTarix\u201d kaferas\u0131n\u0131n professoru, \u018fm\u0259kdar m\u00fc\u0259llim, Az\u0259rbaycan Yaz\u0131\u00e7\u0131lar Birliyinin \u00fczv\u00fc Musa Nizam o\u011flu Quluzad\u0259nin 75 illik yubileyin\u0259 [&hellip;]<\/p>","protected":false},"author":2,"featured_media":9257,"comment_status":"closed","ping_status":"closed","sticky":false,"template":"","format":"standard","meta":[],"categories":[137],"tags":[],"_links":{"self":[{"href":"https:\/\/legacy.dia.edu.az\/ru\/wp-json\/wp\/v2\/posts\/9256"}],"collection":[{"href":"https:\/\/legacy.dia.edu.az\/ru\/wp-json\/wp\/v2\/posts"}],"about":[{"href":"https:\/\/legacy.dia.edu.az\/ru\/wp-json\/wp\/v2\/types\/post"}],"author":[{"embeddable":true,"href":"https:\/\/legacy.dia.edu.az\/ru\/wp-json\/wp\/v2\/users\/2"}],"replies":[{"embeddable":true,"href":"https:\/\/legacy.dia.edu.az\/ru\/wp-json\/wp\/v2\/comments?post=9256"}],"version-history":[{"count":0,"href":"https:\/\/legacy.dia.edu.az\/ru\/wp-json\/wp\/v2\/posts\/9256\/revisions"}],"wp:featuredmedia":[{"embeddable":true,"href":"https:\/\/legacy.dia.edu.az\/ru\/wp-json\/wp\/v2\/media\/9257"}],"wp:attachment":[{"href":"https:\/\/legacy.dia.edu.az\/ru\/wp-json\/wp\/v2\/media?parent=9256"}],"wp:term":[{"taxonomy":"category","embeddable":true,"href":"https:\/\/legacy.dia.edu.az\/ru\/wp-json\/wp\/v2\/categories?post=9256"},{"taxonomy":"post_tag","embeddable":true,"href":"https:\/\/legacy.dia.edu.az\/ru\/wp-json\/wp\/v2\/tags?post=9256"}],"curies":[{"name":"wp","href":"https:\/\/api.w.org\/{rel}","templated":true}]}}