{"id":9242,"date":"2014-05-15T22:59:00","date_gmt":"2014-05-15T19:59:00","guid":{"rendered":"https:\/\/dia.edu.az\/?p=9242"},"modified":"2021-03-09T23:02:01","modified_gmt":"2021-03-09T20:02:01","slug":"umumdunya-%c9%99qli-mulkiyy%c9%99t-t%c9%99skilatinin-bas-direktoru-frensis-qarri-dovl%c9%99t-idar%c9%99cilik-akademiyasinin-f%c9%99xri-doktoru-adina-layiq-gorulub","status":"publish","type":"post","link":"https:\/\/legacy.dia.edu.az\/ru\/arxivl\u0259r\/9242","title":{"rendered":"\u00dcmumd\u00fcnya \u018fqli M\u00fclkiyy\u0259t T\u0259\u015fkilat\u0131n\u0131n Ba\u015f Direktoru Frensis Qarri D\u00f6vl\u0259t \u0130dar\u0259\u00e7ilik Akademiyas\u0131n\u0131n \u201cF\u0259xri Doktoru\u201d ad\u0131na layiq g\u00f6r\u00fcl\u00fcb"},"content":{"rendered":"<p><strong>\u00dcmumd\u00fcnya \u018fqli M\u00fclkiyy\u0259t T\u0259\u015fkilat\u0131n\u0131n Ba\u015f Direktoru Frensis Qarri D\u00f6vl\u0259t \u0130dar\u0259\u00e7ilik Akademiyas\u0131n\u0131n \u201cF\u0259xri Doktoru\u201d ad\u0131na layiq g\u00f6r\u00fcl\u00fcb<\/strong><br><em>May 15 , 2014 &#8211; 03:51<\/em><\/p>\n\n\n\n<p>15 may 2014-c\u00fc ild\u0259 Az\u0259rbaycan Respublikas\u0131n\u0131n Prezidenti yan\u0131nda D\u00f6vl\u0259t \u0130dar\u0259\u00e7ilik Akademiyas\u0131nda \u00dcmumd\u00fcnya \u018fqli M\u00fclkiyy\u0259t T\u0259\u015fkilat\u0131n\u0131n Ba\u015f Direktoru c\u0259nab Frensis Qarriy\u0259 Az\u0259rbaycan Respublikas\u0131n\u0131n Prezidenti yan\u0131nda D\u00f6vl\u0259t \u0130dar\u0259\u00e7ilik Akademiyas\u0131n\u0131n \u201cF\u0259xri Doktor\u201du ad\u0131n\u0131n verilm\u0259si il\u0259 \u0259laq\u0259dar t\u0259dbir ke\u00e7irilmi\u015fdir.<\/p>\n\n\n\n<p>T\u0259dbird\u0259 Az\u0259rbaycan Respublikas\u0131n\u0131n Prezidenti yan\u0131nda D\u00f6vl\u0259t idar\u0259\u00e7ilik Akademiyas\u0131n\u0131n rektoru, akademik Urxan \u018fl\u0259kb\u0259rov qona\u011f\u0131 salamlam\u0131\u015f Ulu \u00d6nd\u0259r Heyd\u0259r \u018fliyev t\u0259r\u0259find\u0259n yarad\u0131lm\u0131\u015f m\u00fc\u0259llif-h\u00fcquq sisteminin v\u0259 M\u00fc\u0259llif H\u00fcquqlar\u0131 Agentliyinin m\u00fcst\u0259qillik d\u00f6vr\u00fcnd\u0259ki f\u0259aliyy\u0259tini, respublikam\u0131zda \u0259qli m\u00fclkiyy\u0259t, o c\u00fcml\u0259d\u0259n qeyri-maddi m\u0259d\u0259ni irsin qorunmas\u0131 sah\u0259sind\u0259 qanunvericilik, idar\u0259\u00e7ilik sisteminin yarad\u0131ld\u0131\u011f\u0131n\u0131 bildirmi\u015fdir. \u00d6lk\u0259 prezidenti \u0130lham \u018fliyev t\u0259r\u0259find\u0259n h\u0259yata ke\u00e7iril\u0259n u\u011furlu siyas\u0259t n\u0259tic\u0259sind\u0259 d\u00f6vl\u0259t qay\u011f\u0131s\u0131 il\u0259 \u0259qli m\u00fclkiyy\u0259t sisteminin u\u011furlu f\u0259aliyy\u0259tin\u0259 t\u0259minat yarad\u0131ld\u0131\u011f\u0131n\u0131, \u0259qli m\u00fclkiyy\u0259tin m\u00fchafiz\u0259si sah\u0259sind\u0259 \u00f6lk\u0259nin elmi-texniki potensial\u0131n\u0131n saxlanmas\u0131, qorunmas\u0131 \u00fc\u00e7\u00fcn z\u0259ruri i\u015fl\u0259rin h\u0259yata ke\u00e7irildiyini qeyd etmi\u015fdir. Qona\u011f\u0131 Elmi \u015eura \u00fczvl\u0259rin\u0259 t\u0259qdim ed\u0259n rektor bildirdi ki,&nbsp; c\u0259nab Frensis Qarri bir s\u0131ra Avropa \u00f6lk\u0259l\u0259rinin v\u0259 d\u00fcnyan\u0131n \u0259n n\u00fcfuzlu universitetl\u0259rinin y\u00fcks\u0259k m\u00fckafatlar\u0131 v\u0259 f\u0259xri doktoru adlar\u0131 il\u0259 t\u0259ltif olunub, BMT sistemi r\u0259hb\u0259rl\u0259rinin M\u0259\u015fv\u0259r\u0259t \u015euras\u0131n\u0131n \u0130dar\u0259etm\u0259 m\u0259s\u0259l\u0259l\u0259ri \u00fczr\u0259 y\u00fcks\u0259k s\u0259viyy\u0259li komit\u0259sinin s\u0259dri, Cenevr\u0259d\u0259ki beyn\u0259lxalq t\u0259\u015fkilatlarla qar\u015f\u0131l\u0131ql\u0131 \u0259laq\u0259 \u00fczr\u0259 M\u0259\u015fv\u0259r\u0259t\u00e7i Komissiyan\u0131n \u00fczv\u00fc kimi f\u0259aliyy\u0259t g\u00f6st\u0259rib, bu g\u00fcn d\u0259 pe\u015f\u0259kar m\u00fc\u0259llim kimi d\u0259 f\u0259aliyy\u0259tini davam etdirir.<\/p>\n\n\n\n<p>Az\u0259rbaycan Respublikas\u0131 v\u0259 \u00dcmumd\u00fcnya \u018fqli M\u00fclkiyy\u0259t T\u0259\u015fkilat\u0131 aras\u0131ndak\u0131 \u0259laq\u0259l\u0259rinin m\u00f6hk\u0259ml\u0259nm\u0259sind\u0259 m\u00fcst\u0259sna xidm\u0259tl\u0259rini, d\u00fcnyada \u0259qli m\u00fclkiyy\u0259tin qorunmas\u0131ndak\u0131 f\u0259aliyy\u0259tini, beyn\u0259lxalq arenada dostluq m\u00fcnasib\u0259tl\u0259rinin m\u00f6hk\u0259ml\u0259ndirilm\u0259si v\u0259 inki\u015faf\u0131na olan t\u00f6hf\u0259l\u0259rin\u0259 g\u00f6r\u0259 D\u00f6vl\u0259t \u0130dar\u0259\u00e7ilik Akademiyan\u0131n Elmi \u015euras\u0131 15 may 2014-c\u00fc il tarixli iclas\u0131nda \u00dcmumd\u00fcnya \u018fqli M\u00fclkiyy\u0259t T\u0259\u015fkilat\u0131n\u0131n Ba\u015f Direktoru c\u0259nab Frensis Qarriy\u0259 Akademiyan\u0131n \u201cF\u0259xri Doktoru\u201d ad\u0131n\u0131n verilm\u0259sini bar\u0259d\u0259 q\u0259rar q\u0259bul edilmi\u015fdir. Elmi \u015euran\u0131n q\u0259rar\u0131 elan edildikd\u0259n sonra qona\u011fa \u201cF\u0259xri Doktor\u201d diplomu, xatir\u0259 medal\u0131, xatir\u0259 plaketi, mantiya v\u0259 h\u0259diyy\u0259 t\u0259qdim olunmu\u015fdur.<\/p>\n\n\n\n<p>Daha sonra \u00e7\u0131x\u0131\u015f ed\u0259n qonaq ona \u201cF\u0259xri Doktor\u201d ad\u0131n\u0131n verilm\u0259sin\u0259 g\u00f6r\u0259 Az\u0259rbaycan Respublikas\u0131n\u0131n Prezidenti yan\u0131nda D\u00f6vl\u0259t \u0130dar\u0259\u00e7ilik Akademiyas\u0131n\u0131n r\u0259hb\u0259rliyin\u0259, onun professor-m\u00fc\u0259llim v\u0259 elmi hey\u0259tin\u0259 d\u0259rin minn\u0259tdarl\u0131\u011f\u0131n\u0131 bildirib, bu y\u00fcks\u0259k ada layiq g\u00f6r\u00fclm\u0259sind\u0259n m\u0259mnun oldu\u011funu deyib. Az\u0259rbaycan\u0131n s\u00fcr\u0259tli v\u0259 davaml\u0131 inki\u015faf yolunda oldu\u011funu, beyn\u0259lxalq arenada artan n\u00fcfuzunu v\u0259 beyn\u0259lxalq t\u0259\u015fkilatlarla u\u011furlu \u0259m\u0259kda\u015fl\u0131\u011f\u0131n\u0131 x\u00fcsusi qeyd edib.<\/p>\n\n\n\n<p>M\u0259rasimd\u0259 Az\u0259rbaycan Respublikas\u0131 M\u00fc\u0259llif H\u00fcquqlar\u0131 Agentliyin\u0131n s\u0259dri Kamran \u0130manov \u00e7\u0131x\u0131\u015f ed\u0259r\u0259k qeyd etdi ki, \u0259sas\u0131 \u00dcmummilli liderimiz Heyd\u0259r \u018fliyevin qoydu\u011fu v\u0259 bu g\u00fcn m\u00f6ht\u0259r\u0259m c\u0259nab Prezident \u0130lham \u018fliyevin u\u011furla davam etdirdiyi strateji kurs Az\u0259rbaycanda m\u00fc\u0259llif-h\u00fcquq institutunun daha da inki\u015faf etm\u0259sin\u0259, \u0259qli m\u00fclkiyy\u0259tin beyn\u0259lxalq qorunma standartlar\u0131na uy\u011funla\u015fd\u0131r\u0131lmas\u0131na v\u0259 y\u00fcks\u0259k templ\u0259rl\u0259 inki\u015faf ed\u0259n iqtisadiyyat\u0131m\u0131zda vacib faktora \u00e7evrilm\u0259sin\u0259 z\u0259min yaratm\u0131\u015fd\u0131r. O, \u00dcmumd\u00fcnya \u018fqli M\u00fclkiyy\u0259t T\u0259\u015fkilat\u0131n\u0131n r\u0259smi m\u0259qs\u0259dinin i\u015ftirak\u00e7\u0131 \u00f6lk\u0259l\u0259rin yaratd\u0131\u011f\u0131 ittifaqlar aras\u0131nda qar\u015f\u0131l\u0131ql\u0131 f\u0259aliyy\u0259t v\u0259 d\u00f6vl\u0259tl\u0259r aras\u0131nda \u0259m\u0259kda\u015fl\u0131q yolu il\u0259 \u0259qli m\u00fclkiyy\u0259tin m\u00fchafiz\u0259sin\u0259 yard\u0131m g\u00f6st\u0259rm\u0259k, \u00dcmumd\u00fcnya \u018fqli M\u00fclkiyy\u0259t T\u0259\u015fkilat\u0131n\u0131n \u00f6lk\u0259mizl\u0259 beyn\u0259lxalq m\u00fcqavil\u0259nin ba\u011flanmas\u0131, milli qanunvericiliyin t\u0259kmill\u0259\u015fm\u0259sin\u0259 d\u0259st\u0259k verilm\u0259si, texniki v\u0259 h\u00fcquqi yard\u0131m g\u00f6st\u0259rilm\u0259si v\u0259. s istiqam\u0259tind\u0259 oldu\u011funu bildirdi. O, \u00f6lk\u0259nin texniki v\u0259 iqtisadi siyas\u0259tinin h\u0259yata ke\u00e7irilm\u0259sind\u0259 \u00f6z\u00fcn\u0259m\u0259xsus rol oynayan, intellektual kapitaldan istifad\u0259nin geni\u015fl\u0259ndirilm\u0259si v\u0259 texnoloji inki\u015faf\u0131n stimulla\u015fd\u0131r\u0131lmas\u0131, bu sah\u0259d\u0259 h\u00fcquqlar\u0131n qorunmas\u0131na v\u0259 beyn\u0259lxalq sisteml\u0259r\u0259 inteqrasiyaya t\u0259minat\u0131n yarad\u0131lmas\u0131, qanunvericiliy\u0259 uy\u011fun dig\u0259r i\u015fl\u0259r yerin\u0259 yetirilm\u0259si istiqam\u0259tind\u0259ki f\u0259aliyy\u0259ti, beyn\u0259lxalq am\u0259kda\u015fl\u0131\u011f\u0131n \u0259h\u0259miyy\u0259ti bar\u0259d\u0259 fikirl\u0259rini b\u00f6l\u00fc\u015fd\u00fc.<\/p>\n\n\n\n<p>T\u0259dbird\u0259 h\u0259m\u00e7inin Az\u0259rbaycan Respublikas\u0131 Standartla\u015fd\u0131rma, Metrologiya v\u0259 Patent \u00fczr\u0259 D\u00f6vl\u0259t Komit\u0259sinin s\u0259dri, c\u0259nab Ramiz H\u0259s\u0259nov da i\u015ftirak edib.<\/p>\n\n\n\n<figure class=\"wp-container-2 wp-block-gallery-1 wp-block-gallery columns-3 is-cropped\"><ul class=\"blocks-gallery-grid\"><li class=\"blocks-gallery-item\"><figure><img width=\"640\" height=\"426\" src=\"https:\/\/dia.edu.az\/wp-content\/uploads\/2021\/03\/3-54.jpg\" alt=\"\" data-id=\"9243\" data-full-url=\"https:\/\/dia.edu.az\/wp-content\/uploads\/2021\/03\/3-54.jpg\" data-link=\"https:\/\/dia.edu.az\/?attachment_id=9243\" class=\"wp-image-9243\" srcset=\"https:\/\/legacy.dia.edu.az\/wp-content\/uploads\/2021\/03\/3-54.jpg 640w, https:\/\/legacy.dia.edu.az\/wp-content\/uploads\/2021\/03\/3-54-300x200.jpg 300w, https:\/\/legacy.dia.edu.az\/wp-content\/uploads\/2021\/03\/3-54-150x100.jpg 150w, https:\/\/legacy.dia.edu.az\/wp-content\/uploads\/2021\/03\/3-54-300x200@2x.jpg 600w\" sizes=\"(max-width: 640px) 100vw, 640px\" \/><\/figure><\/li><li class=\"blocks-gallery-item\"><figure><img width=\"640\" height=\"426\" src=\"https:\/\/dia.edu.az\/wp-content\/uploads\/2021\/03\/4-48.jpg\" alt=\"\" data-id=\"9246\" data-full-url=\"https:\/\/dia.edu.az\/wp-content\/uploads\/2021\/03\/4-48.jpg\" data-link=\"https:\/\/dia.edu.az\/?attachment_id=9246\" class=\"wp-image-9246\" srcset=\"https:\/\/legacy.dia.edu.az\/wp-content\/uploads\/2021\/03\/4-48.jpg 640w, https:\/\/legacy.dia.edu.az\/wp-content\/uploads\/2021\/03\/4-48-300x200.jpg 300w, https:\/\/legacy.dia.edu.az\/wp-content\/uploads\/2021\/03\/4-48-150x100.jpg 150w, https:\/\/legacy.dia.edu.az\/wp-content\/uploads\/2021\/03\/4-48-300x200@2x.jpg 600w\" sizes=\"(max-width: 640px) 100vw, 640px\" \/><\/figure><\/li><li class=\"blocks-gallery-item\"><figure><img width=\"640\" height=\"426\" src=\"https:\/\/dia.edu.az\/wp-content\/uploads\/2021\/03\/5-36.jpg\" alt=\"\" data-id=\"9249\" data-full-url=\"https:\/\/dia.edu.az\/wp-content\/uploads\/2021\/03\/5-36.jpg\" data-link=\"https:\/\/dia.edu.az\/?attachment_id=9249\" class=\"wp-image-9249\" srcset=\"https:\/\/legacy.dia.edu.az\/wp-content\/uploads\/2021\/03\/5-36.jpg 640w, https:\/\/legacy.dia.edu.az\/wp-content\/uploads\/2021\/03\/5-36-300x200.jpg 300w, https:\/\/legacy.dia.edu.az\/wp-content\/uploads\/2021\/03\/5-36-150x100.jpg 150w, https:\/\/legacy.dia.edu.az\/wp-content\/uploads\/2021\/03\/5-36-300x200@2x.jpg 600w\" sizes=\"(max-width: 640px) 100vw, 640px\" \/><\/figure><\/li><li class=\"blocks-gallery-item\"><figure><img width=\"640\" height=\"426\" src=\"https:\/\/dia.edu.az\/wp-content\/uploads\/2021\/03\/6-28.jpg\" alt=\"\" data-id=\"9252\" data-full-url=\"https:\/\/dia.edu.az\/wp-content\/uploads\/2021\/03\/6-28.jpg\" data-link=\"https:\/\/dia.edu.az\/?attachment_id=9252\" class=\"wp-image-9252\" srcset=\"https:\/\/legacy.dia.edu.az\/wp-content\/uploads\/2021\/03\/6-28.jpg 640w, https:\/\/legacy.dia.edu.az\/wp-content\/uploads\/2021\/03\/6-28-300x200.jpg 300w, https:\/\/legacy.dia.edu.az\/wp-content\/uploads\/2021\/03\/6-28-150x100.jpg 150w, https:\/\/legacy.dia.edu.az\/wp-content\/uploads\/2021\/03\/6-28-300x200@2x.jpg 600w\" sizes=\"(max-width: 640px) 100vw, 640px\" \/><\/figure><\/li><\/ul><\/figure>","protected":false},"excerpt":{"rendered":"<p>\u00dcmumd\u00fcnya \u018fqli M\u00fclkiyy\u0259t T\u0259\u015fkilat\u0131n\u0131n Ba\u015f Direktoru Frensis Qarri D\u00f6vl\u0259t \u0130dar\u0259\u00e7ilik Akademiyas\u0131n\u0131n \u201cF\u0259xri Doktoru\u201d ad\u0131na layiq g\u00f6r\u00fcl\u00fcbMay 15 , 2014 &#8211; 03:51 15 may 2014-c\u00fc ild\u0259 Az\u0259rbaycan Respublikas\u0131n\u0131n Prezidenti yan\u0131nda D\u00f6vl\u0259t \u0130dar\u0259\u00e7ilik Akademiyas\u0131nda \u00dcmumd\u00fcnya \u018fqli M\u00fclkiyy\u0259t T\u0259\u015fkilat\u0131n\u0131n Ba\u015f Direktoru c\u0259nab Frensis Qarriy\u0259 Az\u0259rbaycan Respublikas\u0131n\u0131n Prezidenti yan\u0131nda D\u00f6vl\u0259t \u0130dar\u0259\u00e7ilik Akademiyas\u0131n\u0131n \u201cF\u0259xri Doktor\u201du ad\u0131n\u0131n verilm\u0259si il\u0259 \u0259laq\u0259dar t\u0259dbir [&hellip;]<\/p>","protected":false},"author":2,"featured_media":9252,"comment_status":"closed","ping_status":"closed","sticky":false,"template":"","format":"standard","meta":[],"categories":[137],"tags":[],"_links":{"self":[{"href":"https:\/\/legacy.dia.edu.az\/ru\/wp-json\/wp\/v2\/posts\/9242"}],"collection":[{"href":"https:\/\/legacy.dia.edu.az\/ru\/wp-json\/wp\/v2\/posts"}],"about":[{"href":"https:\/\/legacy.dia.edu.az\/ru\/wp-json\/wp\/v2\/types\/post"}],"author":[{"embeddable":true,"href":"https:\/\/legacy.dia.edu.az\/ru\/wp-json\/wp\/v2\/users\/2"}],"replies":[{"embeddable":true,"href":"https:\/\/legacy.dia.edu.az\/ru\/wp-json\/wp\/v2\/comments?post=9242"}],"version-history":[{"count":0,"href":"https:\/\/legacy.dia.edu.az\/ru\/wp-json\/wp\/v2\/posts\/9242\/revisions"}],"wp:featuredmedia":[{"embeddable":true,"href":"https:\/\/legacy.dia.edu.az\/ru\/wp-json\/wp\/v2\/media\/9252"}],"wp:attachment":[{"href":"https:\/\/legacy.dia.edu.az\/ru\/wp-json\/wp\/v2\/media?parent=9242"}],"wp:term":[{"taxonomy":"category","embeddable":true,"href":"https:\/\/legacy.dia.edu.az\/ru\/wp-json\/wp\/v2\/categories?post=9242"},{"taxonomy":"post_tag","embeddable":true,"href":"https:\/\/legacy.dia.edu.az\/ru\/wp-json\/wp\/v2\/tags?post=9242"}],"curies":[{"name":"wp","href":"https:\/\/api.w.org\/{rel}","templated":true}]}}