{"id":9232,"date":"2014-05-06T22:55:00","date_gmt":"2014-05-06T19:55:00","guid":{"rendered":"https:\/\/dia.edu.az\/?p=9232"},"modified":"2021-03-09T22:56:05","modified_gmt":"2021-03-09T19:56:05","slug":"regional-inkisaf-strateji-h%c9%99d%c9%99fl%c9%99r-v%c9%99-perspektivl%c9%99r-movzusunda-elmi-praktiki-konfrans","status":"publish","type":"post","link":"https:\/\/legacy.dia.edu.az\/ru\/arxivl\u0259r\/9232","title":{"rendered":"\u201cRegional inki\u015faf: strateji h\u0259d\u0259fl\u0259r v\u0259 perspektivl\u0259r\u201d m\u00f6vzusunda elmi-praktiki konfrans"},"content":{"rendered":"<p><strong>\u201cRegional inki\u015faf: strateji h\u0259d\u0259fl\u0259r v\u0259 perspektivl\u0259r\u201d m\u00f6vzusunda elmi-praktiki konfrans<\/strong><br><em>May 06 , 2014 &#8211; 04:08<\/em><\/p>\n\n\n\n<p>May\u0131n 6-da Az\u0259rbaycan Respublikas\u0131n\u0131n Prezidenti yan\u0131nda D\u00f6vl\u0259t \u0130dar\u0259\u00e7ilik Akademiyas\u0131n\u0131n \u00fcmummilli lider Heyd\u0259r \u018fliyevin anadan olmas\u0131n\u0131n 91-ci il d\u00f6n\u00fcm\u00fcn\u0259 h\u0259sr olunmu\u015f \u201cRegional inki\u015faf: strateji h\u0259d\u0259fl\u0259r v\u0259 perspektivl\u0259r\u201d m\u00f6vzusunda elmi-praktiki konfrans ke\u00e7irilmi\u015fdir.<\/p>\n\n\n\n<p>Elmi-praktiki konfrans Az\u0259rbaycan Respublikas\u0131n\u0131n Prezidenti yan\u0131nda D\u00f6vl\u0259t \u0130dar\u0259\u00e7ilik Akademiyas\u0131n\u0131n I prorektoru prof. \u018f.Abdullayevin a\u00e7araq Ulu \u00d6nd\u0259rin milli ideologiyan\u0131n formala\u015fmas\u0131nda rolundan, Az\u0259rbaycan xalq\u0131 qar\u015f\u0131s\u0131nda \u0259v\u0259zsiz xidm\u0259tl\u0259rind\u0259n, elm v\u0259 t\u0259hsil\u0259 g\u00f6st\u0259rdiyi diqq\u0259t v\u0259 qay\u011f\u0131dan dan\u0131\u015fm\u0131\u015f, \u00f6lk\u0259 Prezidenti \u0130lham \u018fliyev t\u0259r\u0259find\u0259n u\u011furla davam etdiril\u0259n m\u0259qs\u0259dy\u00f6nl\u00fc sosial-iqtisadi siyas\u0259td\u0259n v\u0259 bu siyas\u0259t n\u0259tic\u0259sind\u0259 Az\u0259rbaycan\u0131n qazand\u0131\u011f\u0131 u\u011furlar\u0131 qeyd etmi\u015fdir. O, bildirilmi\u015fdir ki, ulu \u00f6nd\u0259r Heyd\u0259r \u018fliyev \u00f6lk\u0259miz\u0259 r\u0259hb\u0259rlik etdiyi b\u00fct\u00fcn d\u00f6vrl\u0259rd\u0259 Az\u0259rbaycan xalq\u0131n\u0131n ictimai-sosial fikrinin \u00f6yr\u0259nilm\u0259sin\u0259, insan inki\u015f\u0131af\u0131na x\u00fcsusi diqq\u0259t g\u00f6st\u0259rmi\u015f, onun Az\u0259rbaycan xalq\u0131 qar\u015f\u0131s\u0131nda tarixi xidm\u0259tl\u0259ri, siyasi, iqtisadi v\u0259 m\u0259d\u0259ni quruculuq sah\u0259sind\u0259ki u\u011furlu d\u00f6vl\u0259t siyas\u0259ti h\u0259yata ke\u00e7irilmi\u015f, \u00f6lk\u0259nin b\u00fct\u00fcn b\u00f6lg\u0259l\u0259rinin inki\u015faf\u0131n\u0131n t\u0259min edilm\u0259si istiqam\u0259tind\u0259 sosial-iqtisadi v\u0259 m\u0259d\u0259ni g\u00f6st\u0259ricil\u0259rin \u0259ld\u0259 edilm\u0259sind\u0259 m\u0259hz onun strategiyas\u0131n\u0131n \u0259sas rol oynad\u0131\u011f\u0131n\u0131 qeyd etmi\u015fdir.<\/p>\n\n\n\n<p>Elmi-praktiki konfransda Az\u0259rbaycan Respublikas\u0131n\u0131n Prezidenti yan\u0131nda D\u00f6vl\u0259t \u0130dar\u0259\u00e7ilik Akademiyas\u0131nda Regional \u0130qtisadi v\u0259 Sosial Ara\u015fd\u0131rmalar \u0130nstitutunun direktoru, AMEA-n\u0131n m\u00fcxbir \u00fczv\u00fc, i.e.d., professor \u018fli Nuriyev-\u201cVarisliy\u0259, qabaqc\u0131l t\u0259cr\u00fcb\u0259y\u0259 v\u0259 modernl\u0259\u015fm\u0259y\u0259 \u0259saslanan regional inki\u015faf siyas\u0259ti\u201d, Az\u0259rbaycan Respublikas\u0131n\u0131n Vergil\u0259r Nazirinin vergi siyas\u0259ti m\u0259s\u0259l\u0259l\u0259ri \u00fczr\u0259 m\u00fc\u015faviri, AMEA-n\u0131n m\u00fcxbir \u00fczv\u00fc, i.e.d., professor Akif Musayev-\u201cAz\u0259rbaycan\u0131n vergi sistemi v\u0259 regionlarda sahibkarl\u0131\u011f\u0131n inki\u015faf\u0131n\u0131n stimulla\u015fd\u0131r\u0131lmas\u0131\u201d, Az\u0259rbaycan Respublikas\u0131n\u0131n K\u0259nd T\u0259s\u0259rr\u00fcfat\u0131 Nazirliyi Elmi-T\u0259dqiqat K\u0259nd T\u0259s\u0259rr\u00fcfat\u0131n\u0131n \u0130qtisadiyyat\u0131 v\u0259 T\u0259\u015fkili \u0130nsitutunun direktoru, i.e.d., professor Sad\u0131x Salahov-\u201cK\u0259nd t\u0259s\u0259rr\u00fcfat\u0131n\u0131n inki\u015faf meyill\u0259ri v\u0259 aqrar siyas\u0259tin prioritetl\u0259ri\u201d, Az\u0259rbaycan Respublikas\u0131n\u0131n Prezidenti yan\u0131nda D\u00f6vl\u0259t \u0130dar\u0259\u00e7ilik Akademiyas\u0131n\u0131n D\u00f6vl\u0259t idar\u0259etm\u0259si v\u0259 menecment kafedras\u0131n\u0131n m\u00fcdiri, i.e.n., dosent Natiq Qarayev-\u201cHeyd\u0259r \u018fliyev v\u0259 milli innovasiya sisteminin formala\u015fmas\u0131\u201d m\u00f6vzusunda m\u0259ruz\u0259l\u0259rl\u0259 \u00e7\u0131x\u0131\u015f etmi\u015fl\u0259r.<\/p>","protected":false},"excerpt":{"rendered":"<p>\u201cRegional inki\u015faf: strateji h\u0259d\u0259fl\u0259r v\u0259 perspektivl\u0259r\u201d m\u00f6vzusunda elmi-praktiki konfransMay 06 , 2014 &#8211; 04:08 May\u0131n 6-da Az\u0259rbaycan Respublikas\u0131n\u0131n Prezidenti yan\u0131nda D\u00f6vl\u0259t \u0130dar\u0259\u00e7ilik Akademiyas\u0131n\u0131n \u00fcmummilli lider Heyd\u0259r \u018fliyevin anadan olmas\u0131n\u0131n 91-ci il d\u00f6n\u00fcm\u00fcn\u0259 h\u0259sr olunmu\u015f \u201cRegional inki\u015faf: strateji h\u0259d\u0259fl\u0259r v\u0259 perspektivl\u0259r\u201d m\u00f6vzusunda elmi-praktiki konfrans ke\u00e7irilmi\u015fdir. Elmi-praktiki konfrans Az\u0259rbaycan Respublikas\u0131n\u0131n Prezidenti yan\u0131nda D\u00f6vl\u0259t \u0130dar\u0259\u00e7ilik Akademiyas\u0131n\u0131n I prorektoru [&hellip;]<\/p>","protected":false},"author":2,"featured_media":9176,"comment_status":"closed","ping_status":"closed","sticky":false,"template":"","format":"standard","meta":[],"categories":[137],"tags":[],"_links":{"self":[{"href":"https:\/\/legacy.dia.edu.az\/ru\/wp-json\/wp\/v2\/posts\/9232"}],"collection":[{"href":"https:\/\/legacy.dia.edu.az\/ru\/wp-json\/wp\/v2\/posts"}],"about":[{"href":"https:\/\/legacy.dia.edu.az\/ru\/wp-json\/wp\/v2\/types\/post"}],"author":[{"embeddable":true,"href":"https:\/\/legacy.dia.edu.az\/ru\/wp-json\/wp\/v2\/users\/2"}],"replies":[{"embeddable":true,"href":"https:\/\/legacy.dia.edu.az\/ru\/wp-json\/wp\/v2\/comments?post=9232"}],"version-history":[{"count":0,"href":"https:\/\/legacy.dia.edu.az\/ru\/wp-json\/wp\/v2\/posts\/9232\/revisions"}],"wp:featuredmedia":[{"embeddable":true,"href":"https:\/\/legacy.dia.edu.az\/ru\/wp-json\/wp\/v2\/media\/9176"}],"wp:attachment":[{"href":"https:\/\/legacy.dia.edu.az\/ru\/wp-json\/wp\/v2\/media?parent=9232"}],"wp:term":[{"taxonomy":"category","embeddable":true,"href":"https:\/\/legacy.dia.edu.az\/ru\/wp-json\/wp\/v2\/categories?post=9232"},{"taxonomy":"post_tag","embeddable":true,"href":"https:\/\/legacy.dia.edu.az\/ru\/wp-json\/wp\/v2\/tags?post=9232"}],"curies":[{"name":"wp","href":"https:\/\/api.w.org\/{rel}","templated":true}]}}