{"id":9094,"date":"2021-03-09T13:51:00","date_gmt":"2021-03-09T10:51:00","guid":{"rendered":"https:\/\/dia.edu.az\/?p=9094"},"modified":"2021-03-09T14:52:17","modified_gmt":"2021-03-09T11:52:17","slug":"az%c9%99rbaycanin-huquq-tarixi-adli-d%c9%99rslik-cap-edilib","status":"publish","type":"post","link":"https:\/\/legacy.dia.edu.az\/ru\/arxivl\u0259r\/9094","title":{"rendered":"\u201cAz\u0259rbaycan\u0131n h\u00fcquq tarixi\u201d adl\u0131 d\u0259rslik \u00e7ap edilib"},"content":{"rendered":"<p><strong>\u201cAz\u0259rbaycan\u0131n h\u00fcquq tarixi\u201d adl\u0131 d\u0259rslik \u00e7ap edilib<\/strong><\/p>\n\n\n\n<p>Az\u0259rbaycan Respublikas\u0131n\u0131n Prezidenti yan\u0131nda D\u00f6vl\u0259t \u0130dar\u0259\u00e7ilik Akademiyas\u0131 \u201cH\u00fcquq\u201d kafedras\u0131n\u0131n dosenti Rahib \u018fkb\u0259rovun \u201cAz\u0259rbaycan\u0131n h\u00fcquq tarixi\u201d adl\u0131 d\u0259rsliyi \u00e7ap edilib. Oxucular\u0131n m\u00fchakim\u0259sin\u0259 t\u0259qdim edil\u0259n \u201cAz\u0259rbaycan\u0131n h\u00fcquq tarixi\u201d&nbsp; kitab\u0131&nbsp; Az\u0259rbaycan\u0131n q\u0259dim d\u00f6vl\u0259t\u00e7ilik \u0259n\u0259n\u0259l\u0259ri v\u0259 h\u00fcquq institutlar\u0131&nbsp; bar\u0259d\u0259 geni\u015f m\u0259lumat verir.<\/p>\n\n\n\n<p>Az\u0259rbaycan\u0131n h\u00fcquq tarixi, xalq\u0131m\u0131z\u0131n v\u0259 onun \u00e7ox\u0259srilik\u00a0 d\u00f6vl\u0259t\u00e7iliyinin ayr\u0131lmaz t\u0259rkib hiss\u0259sidir. Kitabda t\u0259qdim edilmi\u015f m\u00f6vzularda d\u00f6vl\u0259t\u0259q\u0259d\u0259rki c\u0259miyy\u0259td\u0259n ba\u015flayaraq XXI \u0259srin \u0259vv\u0259ll\u0259ri d\u0259, daxil olmaqla Az\u0259rbaycan \u0259razisind\u0259 t\u0259\u015f\u0259kk\u00fcl tapm\u0131\u015f d\u00f6vl\u0259tl\u0259rin ictimai qurulu\u015flar\u0131, idar\u0259\u00e7ilik t\u0259sisatlar\u0131, h\u00fcquq m\u0259nb\u0259l\u0259ri v\u0259 h\u00fcquq sah\u0259l\u0259rinin inki\u015faf tarixi ara\u015fd\u0131r\u0131lm\u0131\u015fdir. D\u0259rslik kimi n\u0259z\u0259rd\u0259 tutulan kitabdan ali m\u0259kt\u0259b t\u0259l\u0259b\u0259l\u0259ri, m\u00fc\u0259lliml\u0259r, elmi i\u015f\u00e7il\u0259r, d\u00f6vl\u0259t qulluq\u00e7ular\u0131, habel\u0259 bu sah\u0259 il\u0259 maraqlanan oxucular istifad\u0259 ed\u0259 bil\u0259rl\u0259r.<\/p>\n\n\n\n<figure class=\"wp-container-2 wp-block-gallery-1 wp-block-gallery columns-1 is-cropped\"><ul class=\"blocks-gallery-grid\"><li class=\"blocks-gallery-item\"><figure><img width=\"598\" height=\"857\" src=\"https:\/\/dia.edu.az\/wp-content\/uploads\/2021\/03\/rahib-1.jpg\" alt=\"\" data-id=\"9098\" data-full-url=\"https:\/\/dia.edu.az\/wp-content\/uploads\/2021\/03\/rahib-1.jpg\" data-link=\"https:\/\/dia.edu.az\/?attachment_id=9098\" class=\"wp-image-9098\" srcset=\"https:\/\/legacy.dia.edu.az\/wp-content\/uploads\/2021\/03\/rahib-1.jpg 598w, https:\/\/legacy.dia.edu.az\/wp-content\/uploads\/2021\/03\/rahib-1-209x300.jpg 209w, https:\/\/legacy.dia.edu.az\/wp-content\/uploads\/2021\/03\/rahib-1-209x300@2x.jpg 418w\" sizes=\"(max-width: 598px) 100vw, 598px\" \/><\/figure><\/li><\/ul><\/figure>","protected":false},"excerpt":{"rendered":"<p>\u201cAz\u0259rbaycan\u0131n h\u00fcquq tarixi\u201d adl\u0131 d\u0259rslik \u00e7ap edilib Az\u0259rbaycan Respublikas\u0131n\u0131n Prezidenti yan\u0131nda D\u00f6vl\u0259t \u0130dar\u0259\u00e7ilik Akademiyas\u0131 \u201cH\u00fcquq\u201d kafedras\u0131n\u0131n dosenti Rahib \u018fkb\u0259rovun \u201cAz\u0259rbaycan\u0131n h\u00fcquq tarixi\u201d adl\u0131 d\u0259rsliyi \u00e7ap edilib. Oxucular\u0131n m\u00fchakim\u0259sin\u0259 t\u0259qdim edil\u0259n \u201cAz\u0259rbaycan\u0131n h\u00fcquq tarixi\u201d&nbsp; kitab\u0131&nbsp; Az\u0259rbaycan\u0131n q\u0259dim d\u00f6vl\u0259t\u00e7ilik \u0259n\u0259n\u0259l\u0259ri v\u0259 h\u00fcquq institutlar\u0131&nbsp; bar\u0259d\u0259 geni\u015f m\u0259lumat verir. Az\u0259rbaycan\u0131n h\u00fcquq tarixi, xalq\u0131m\u0131z\u0131n v\u0259 onun \u00e7ox\u0259srilik\u00a0 d\u00f6vl\u0259t\u00e7iliyinin ayr\u0131lmaz t\u0259rkib [&hellip;]<\/p>","protected":false},"author":2,"featured_media":9095,"comment_status":"closed","ping_status":"closed","sticky":false,"template":"","format":"standard","meta":[],"categories":[137],"tags":[],"_links":{"self":[{"href":"https:\/\/legacy.dia.edu.az\/ru\/wp-json\/wp\/v2\/posts\/9094"}],"collection":[{"href":"https:\/\/legacy.dia.edu.az\/ru\/wp-json\/wp\/v2\/posts"}],"about":[{"href":"https:\/\/legacy.dia.edu.az\/ru\/wp-json\/wp\/v2\/types\/post"}],"author":[{"embeddable":true,"href":"https:\/\/legacy.dia.edu.az\/ru\/wp-json\/wp\/v2\/users\/2"}],"replies":[{"embeddable":true,"href":"https:\/\/legacy.dia.edu.az\/ru\/wp-json\/wp\/v2\/comments?post=9094"}],"version-history":[{"count":0,"href":"https:\/\/legacy.dia.edu.az\/ru\/wp-json\/wp\/v2\/posts\/9094\/revisions"}],"wp:featuredmedia":[{"embeddable":true,"href":"https:\/\/legacy.dia.edu.az\/ru\/wp-json\/wp\/v2\/media\/9095"}],"wp:attachment":[{"href":"https:\/\/legacy.dia.edu.az\/ru\/wp-json\/wp\/v2\/media?parent=9094"}],"wp:term":[{"taxonomy":"category","embeddable":true,"href":"https:\/\/legacy.dia.edu.az\/ru\/wp-json\/wp\/v2\/categories?post=9094"},{"taxonomy":"post_tag","embeddable":true,"href":"https:\/\/legacy.dia.edu.az\/ru\/wp-json\/wp\/v2\/tags?post=9094"}],"curies":[{"name":"wp","href":"https:\/\/api.w.org\/{rel}","templated":true}]}}