{"id":5156,"date":"2019-11-13T02:57:00","date_gmt":"2019-11-12T23:57:00","guid":{"rendered":"https:\/\/dia.edu.az\/?p=5156"},"modified":"2021-03-09T02:58:18","modified_gmt":"2021-03-08T23:58:18","slug":"dovl%c9%99t-idar%c9%99cilik-akademiyasinda-az%c9%99rbaycanin-dovl%c9%99t-bayragi-gunun%c9%99-h%c9%99sr-edil%c9%99n-elmi-praktik-konfrans","status":"publish","type":"post","link":"https:\/\/legacy.dia.edu.az\/ru\/arxivl\u0259r\/5156","title":{"rendered":"D\u00f6vl\u0259t \u0130dar\u0259\u00e7ilik Akademiyas\u0131nda Az\u0259rbaycan\u0131n D\u00f6vl\u0259t Bayra\u011f\u0131 G\u00fcn\u00fcn\u0259 h\u0259sr edil\u0259n elmi-praktik konfrans"},"content":{"rendered":"<p><strong>D\u00f6vl\u0259t \u0130dar\u0259\u00e7ilik Akademiyas\u0131nda Az\u0259rbaycan\u0131n D\u00f6vl\u0259t Bayra\u011f\u0131 G\u00fcn\u00fcn\u0259 h\u0259sr edil\u0259n elmi-praktik konfrans<\/strong><br><em>Noy 13 , 2019 &#8211; 02:08<\/em><\/p>\n\n\n\n<p>Noyabr\u0131n 8-d\u0259 Az\u0259rbaycan Respublikas\u0131n\u0131n Prezidenti yan\u0131nda D\u00f6vl\u0259t \u0130dar\u0259\u00e7ilik Akademiyas\u0131nda D\u0259nizk\u0259nar\u0131 Bulvar \u0130dar\u0259sinin v\u0259 D\u00f6vl\u0259t Bayra\u011f\u0131 Muzeyinin t\u0259\u015f\u0259bb\u00fcs\u00fc il\u0259 D\u00f6vl\u0259t Bayra\u011f\u0131 G\u00fcn\u00fcn\u0259 h\u0259sr olunan \u201cAz\u0259rbaycan d\u00f6vl\u0259t\u00e7iliyind\u0259 bayra\u011f\u0131n yeri v\u0259 \u0259h\u0259miyy\u0259ti\u201d m\u00f6vzusunda elmi-praktik konfrans ke\u00e7irilib.<\/p>\n\n\n\n<p>Az\u0259rbaycan Respublikas\u0131n\u0131n d\u00f6vl\u0259t himni il\u0259 ba\u015flanan t\u0259dbird\u0259 D\u00f6vl\u0259t \u0130dar\u0259\u00e7ilik Akademiyas\u0131n\u0131n rektoru, akademik Urxan \u018fl\u0259kb\u0259rov \u00e7\u0131x\u0131\u015f ed\u0259r\u0259k Prezident \u0130lham \u018fliyevin \u201cAz\u0259rbaycan Respublikas\u0131n\u0131n D\u00f6vl\u0259t Bayra\u011f\u0131 G\u00fcn\u00fcn\u00fcn t\u0259sis edilm\u0259si haqq\u0131nda\u201d S\u0259r\u0259ncam\u0131n\u0131n \u0259h\u0259miyy\u0259tini vur\u011fulay\u0131b. Rektor g\u00f6rk\u0259mli siyasi v\u0259 d\u00f6vl\u0259t xadimi Heyd\u0259r \u018fliyevin misilsiz tarixi xidm\u0259tl\u0259rind\u0259n b\u0259hs edib, Ulu \u00d6nd\u0259rin siyasi x\u0259ttinin Prezident \u0130lham \u018fliyev t\u0259r\u0259find\u0259n u\u011furla davam etdirildiyini diqq\u0259t\u0259 \u00e7atd\u0131r\u0131b. Bildirib ki, m\u00fcst\u0259qilliyinin b\u0259rpas\u0131ndan 28 il ke\u00e7m\u0259sin\u0259 baxmayaraq, Az\u0259rbaycan Respublikas\u0131 u\u011furla inki\u015faf edir v\u0259 tarixi bax\u0131mdan \u00e7ox q\u0131sa zaman k\u0259siyind\u0259 d\u00f6vl\u0259t quruculu\u011funun b\u00fct\u00fcn sah\u0259l\u0259rind\u0259 diqq\u0259t\u0259layiq t\u0259r\u0259qqiy\u0259 nail olub. Akademik Urxan \u018fl\u0259kb\u0259rov qazan\u0131lan u\u011furlar\u0131n \u0259sas\u0131nda ulu \u00f6nd\u0259r Heyd\u0259r \u018fliyevin m\u00fc\u0259yy\u0259nl\u0259\u015fdirdiyi v\u0259 Prezident \u0130lham \u018fliyev t\u0259r\u0259find\u0259n u\u011furla davam etdiril\u0259n d\u0259rin d\u00fc\u015f\u00fcn\u00fclm\u00fc\u015f innovativ inki\u015faf siyas\u0259tinin dayand\u0131\u011f\u0131n\u0131 vur\u011fulay\u0131b.<\/p>\n\n\n\n<p>Rektor, eyni zamanda, diqq\u0259t\u0259 \u00e7atd\u0131r\u0131b ki, \u00f6lk\u0259d\u0259 b\u00fct\u00fcn istiqam\u0259tl\u0259rd\u0259 nailiyy\u0259tl\u0259rin qazan\u0131lmas\u0131nda Birinci vitse-prezident Mehriban \u018fliyevan\u0131n \u00f6n\u0259mli rolu var.<\/p>\n\n\n\n<p>Az\u0259rbaycan\u0131n bir \u00e7ox istiqam\u0259tl\u0259rd\u0259 regional v\u0259 qlobal lider\u0259 \u00e7evrildiyini qeyd ed\u0259n akademik Urxan \u018fl\u0259kb\u0259rov \u00f6lk\u0259mizin inki\u015faf g\u00f6st\u0259ricil\u0259rinin bir \u00e7ox beyn\u0259lxalq t\u0259\u015fkilatlar, o c\u00fcml\u0259d\u0259n BMT, UNESKO, D\u00fcnya Bank\u0131 v\u0259 dig\u0259r n\u00fcfuzlu qurumlar\u0131n r\u0259smi s\u0259n\u0259dl\u0259rind\u0259, m\u00fcst\u0259qil ekspertl\u0259r t\u0259r\u0259find\u0259n haz\u0131rlanm\u0131\u015f hesabatlarda t\u0259sdiqini tapd\u0131\u011f\u0131n\u0131 bildirib v\u0259 eyni zamanda, bu m\u00fch\u00fcm nailiyy\u0259tl\u0259rin Erm\u0259nistanla m\u00fcnaqi\u015f\u0259 v\u0259 torpaqlar\u0131m\u0131z\u0131n 20 faizinin i\u015f\u011fal olundu\u011fu bir d\u00f6vrd\u0259 qazan\u0131ld\u0131\u011f\u0131n\u0131 s\u00f6yl\u0259yib. Qeyd edib ki, \u00f6lk\u0259mizin bu probleml\u0259ri olmasayd\u0131, qazan\u0131lacaq u\u011furlar\u0131n miqyas\u0131 daha b\u00f6y\u00fck ola bil\u0259rdi.<\/p>\n\n\n\n<p>Elmi-praktik konfransda \u00e7\u0131x\u0131\u015f ed\u0259n D\u0259nizk\u0259nar\u0131 Bulvar \u0130dar\u0259sinin D\u00f6vl\u0259t Bayra\u011f\u0131 Muzeyinin&nbsp;direktoru K\u00f6n\u00fcl \u0130mamverdiyeva Az\u0259rbaycan bayraqlar\u0131 haqq\u0131nda dan\u0131\u015f\u0131b, bayra\u011f\u0131n m\u00fcq\u0259dd\u0259s d\u00f6vl\u0259t r\u0259mzl\u0259rind\u0259n biri oldu\u011funu deyib. Ulu \u00f6nd\u0259r Heyd\u0259r \u018fliyevin m\u00fcst\u0259sna tarixi xidm\u0259tl\u0259rind\u0259n s\u00f6z a\u00e7an K\u00f6n\u00fcl \u0130mamverdiyeva D\u00f6vl\u0259t Bayra\u011f\u0131 G\u00fcn\u00fcn\u00fcn geni\u015f qeyd edilm\u0259sinin \u0259h\u0259miyy\u0259tini vur\u011fulay\u0131b.<\/p>\n\n\n\n<p>M\u00fcdafi\u0259 Nazirliyinin \u0259m\u0259kda\u015f\u0131, polkovnik Abdulla Qurbani Az\u0259rbaycan\u0131n d\u00f6vl\u0259t\u00e7ilik tarixind\u0259n dan\u0131\u015f\u0131b. O, m\u00fcasir m\u00fcst\u0259qil d\u00f6vl\u0259timizin qurulmas\u0131nda v\u0259 inki\u015faf\u0131nda dahi r\u0259hb\u0259r Heyd\u0259r \u018fliyevin \u0259v\u0259zsiz xidm\u0259tl\u0259rini diqq\u0259t\u0259 \u00e7atd\u0131r\u0131b, Ulu \u00d6nd\u0259rin ideyalar\u0131n\u0131n Prezident \u0130lham \u018fliyev t\u0259r\u0259find\u0259n u\u011furla h\u0259yata ke\u00e7irildiyini bildirib.<\/p>\n\n\n\n<p>Az\u0259rbaycan Respublikas\u0131n\u0131n Prezidenti yan\u0131nda D\u00f6vl\u0259t \u0130dar\u0259\u00e7ilik Akademiyas\u0131n\u0131n professoru, siyasi elml\u0259r doktoru, \u201cAz\u0259rbaycan Respublikas\u0131 Da\u011fl\u0131q Qaraba\u011f B\u00f6lg\u0259sinin Az\u0259rbaycanl\u0131 \u0130cmas\u0131\u201d \u0130ctimai Birliyinin s\u0259dr m\u00fcavini El\u00e7in \u018fhm\u0259dov Prezident \u0130lham \u018fliyevin apard\u0131\u011f\u0131 m\u0259qs\u0259dy\u00f6nl\u00fc siyas\u0259tin u\u011furlu n\u0259tic\u0259l\u0259rind\u0259n b\u0259hs edib, D\u00f6vl\u0259t Bayra\u011f\u0131 G\u00fcn\u00fcn\u00fcn sonsuz q\u00fcrur hissl\u0259ri il\u0259 qeyd olundu\u011funu s\u00f6yl\u0259yib.<\/p>\n\n\n\n<p>D\u00f6vl\u0259t \u0130dar\u0259\u00e7ilik Akademiyas\u0131n\u0131n Tarix kafedras\u0131n\u0131n m\u00fcdiri Firdovsiyy\u0259 \u018fhm\u0259dova, III kurs t\u0259l\u0259b\u0259si Murad H\u0259s\u0259nxanl\u0131 respublikam\u0131z\u0131n suverenliyinin \u0259sas atributlar\u0131ndan olan D\u00f6vl\u0259t bayra\u011f\u0131m\u0131z\u0131n tarixind\u0259n dan\u0131\u015f\u0131blar. Az\u0259rbaycan Xalq C\u00fcmhuriyy\u0259ti d\u00f6vr\u00fcnd\u0259 q\u0259bul olunmu\u015f \u00fc\u00e7r\u0259ngli bayra\u011f\u0131m\u0131z\u0131n h\u0259l\u0259 SSR\u0130 vaxt\u0131nda ulu \u00f6nd\u0259r Heyd\u0259r \u018fliyev t\u0259r\u0259find\u0259n Nax\u00e7\u0131vanda bir daha ucald\u0131ld\u0131\u011f\u0131 xat\u0131rlad\u0131l\u0131b.<\/p>\n\n\n\n<p>\u00c7\u0131x\u0131\u015f ed\u0259nl\u0259r D\u00f6vl\u0259t bayra\u011f\u0131n\u0131n xalq\u0131m\u0131z\u0131n b\u00f6y\u00fck q\u00fcrur m\u0259nb\u0259yi oldu\u011funu, \u00f6lk\u0259mizin d\u00fcnyada n\u00fcfuzunun y\u00fcks\u0259ldiyini deyib, q\u0259sbkar erm\u0259nil\u0259r t\u0259r\u0259find\u0259n i\u015f\u011fal edilmi\u015f torpaqlar\u0131m\u0131z\u0131n tezlikl\u0259 azad olunaca\u011f\u0131na \u0259minlikl\u0259rini vur\u011fulay\u0131blar.<\/p>\n\n\n\n<p>Sonra D\u00f6vl\u0259t bayra\u011f\u0131na h\u0259sr olunmu\u015f video\u00e7arx n\u00fcmayi\u015f etdirilib.<\/p>\n\n\n\n<figure class=\"wp-container-2 wp-block-gallery-1 wp-block-gallery columns-3 is-cropped\"><ul class=\"blocks-gallery-grid\"><li class=\"blocks-gallery-item\"><figure><img width=\"640\" height=\"424\" src=\"https:\/\/dia.edu.az\/wp-content\/uploads\/2021\/03\/1-55.jpg\" alt=\"\" data-id=\"5157\" data-full-url=\"https:\/\/dia.edu.az\/wp-content\/uploads\/2021\/03\/1-55.jpg\" data-link=\"https:\/\/dia.edu.az\/?attachment_id=5157\" class=\"wp-image-5157\" srcset=\"https:\/\/legacy.dia.edu.az\/wp-content\/uploads\/2021\/03\/1-55.jpg 640w, https:\/\/legacy.dia.edu.az\/wp-content\/uploads\/2021\/03\/1-55-300x199.jpg 300w, https:\/\/legacy.dia.edu.az\/wp-content\/uploads\/2021\/03\/1-55-150x100.jpg 150w, https:\/\/legacy.dia.edu.az\/wp-content\/uploads\/2021\/03\/1-55-300x199@2x.jpg 600w\" sizes=\"(max-width: 640px) 100vw, 640px\" \/><\/figure><\/li><li class=\"blocks-gallery-item\"><figure><img width=\"640\" height=\"424\" src=\"https:\/\/dia.edu.az\/wp-content\/uploads\/2021\/03\/2-52.jpg\" alt=\"\" data-id=\"5160\" data-full-url=\"https:\/\/dia.edu.az\/wp-content\/uploads\/2021\/03\/2-52.jpg\" data-link=\"https:\/\/dia.edu.az\/?attachment_id=5160\" class=\"wp-image-5160\" srcset=\"https:\/\/legacy.dia.edu.az\/wp-content\/uploads\/2021\/03\/2-52.jpg 640w, https:\/\/legacy.dia.edu.az\/wp-content\/uploads\/2021\/03\/2-52-300x199.jpg 300w, https:\/\/legacy.dia.edu.az\/wp-content\/uploads\/2021\/03\/2-52-150x100.jpg 150w, https:\/\/legacy.dia.edu.az\/wp-content\/uploads\/2021\/03\/2-52-300x199@2x.jpg 600w\" sizes=\"(max-width: 640px) 100vw, 640px\" \/><\/figure><\/li><li class=\"blocks-gallery-item\"><figure><img width=\"640\" height=\"424\" src=\"https:\/\/dia.edu.az\/wp-content\/uploads\/2021\/03\/3-52.jpg\" alt=\"\" data-id=\"5163\" data-full-url=\"https:\/\/dia.edu.az\/wp-content\/uploads\/2021\/03\/3-52.jpg\" data-link=\"https:\/\/dia.edu.az\/?attachment_id=5163\" class=\"wp-image-5163\" srcset=\"https:\/\/legacy.dia.edu.az\/wp-content\/uploads\/2021\/03\/3-52.jpg 640w, https:\/\/legacy.dia.edu.az\/wp-content\/uploads\/2021\/03\/3-52-300x199.jpg 300w, https:\/\/legacy.dia.edu.az\/wp-content\/uploads\/2021\/03\/3-52-150x100.jpg 150w, https:\/\/legacy.dia.edu.az\/wp-content\/uploads\/2021\/03\/3-52-300x199@2x.jpg 600w\" sizes=\"(max-width: 640px) 100vw, 640px\" \/><\/figure><\/li><li class=\"blocks-gallery-item\"><figure><img width=\"640\" height=\"424\" src=\"https:\/\/dia.edu.az\/wp-content\/uploads\/2021\/03\/4-44.jpg\" alt=\"\" data-id=\"5166\" data-full-url=\"https:\/\/dia.edu.az\/wp-content\/uploads\/2021\/03\/4-44.jpg\" data-link=\"https:\/\/dia.edu.az\/?attachment_id=5166\" class=\"wp-image-5166\" srcset=\"https:\/\/legacy.dia.edu.az\/wp-content\/uploads\/2021\/03\/4-44.jpg 640w, https:\/\/legacy.dia.edu.az\/wp-content\/uploads\/2021\/03\/4-44-300x199.jpg 300w, https:\/\/legacy.dia.edu.az\/wp-content\/uploads\/2021\/03\/4-44-150x100.jpg 150w, https:\/\/legacy.dia.edu.az\/wp-content\/uploads\/2021\/03\/4-44-300x199@2x.jpg 600w\" sizes=\"(max-width: 640px) 100vw, 640px\" \/><\/figure><\/li><li class=\"blocks-gallery-item\"><figure><img width=\"640\" height=\"424\" src=\"https:\/\/dia.edu.az\/wp-content\/uploads\/2021\/03\/5-35.jpg\" alt=\"\" data-id=\"5169\" data-full-url=\"https:\/\/dia.edu.az\/wp-content\/uploads\/2021\/03\/5-35.jpg\" data-link=\"https:\/\/dia.edu.az\/?attachment_id=5169\" class=\"wp-image-5169\" srcset=\"https:\/\/legacy.dia.edu.az\/wp-content\/uploads\/2021\/03\/5-35.jpg 640w, https:\/\/legacy.dia.edu.az\/wp-content\/uploads\/2021\/03\/5-35-300x199.jpg 300w, https:\/\/legacy.dia.edu.az\/wp-content\/uploads\/2021\/03\/5-35-150x100.jpg 150w, https:\/\/legacy.dia.edu.az\/wp-content\/uploads\/2021\/03\/5-35-300x199@2x.jpg 600w\" sizes=\"(max-width: 640px) 100vw, 640px\" \/><\/figure><\/li><li class=\"blocks-gallery-item\"><figure><img width=\"640\" height=\"424\" src=\"https:\/\/dia.edu.az\/wp-content\/uploads\/2021\/03\/6-27.jpg\" alt=\"\" data-id=\"5172\" data-full-url=\"https:\/\/dia.edu.az\/wp-content\/uploads\/2021\/03\/6-27.jpg\" data-link=\"https:\/\/dia.edu.az\/?attachment_id=5172\" class=\"wp-image-5172\" srcset=\"https:\/\/legacy.dia.edu.az\/wp-content\/uploads\/2021\/03\/6-27.jpg 640w, https:\/\/legacy.dia.edu.az\/wp-content\/uploads\/2021\/03\/6-27-300x199.jpg 300w, https:\/\/legacy.dia.edu.az\/wp-content\/uploads\/2021\/03\/6-27-150x100.jpg 150w, https:\/\/legacy.dia.edu.az\/wp-content\/uploads\/2021\/03\/6-27-300x199@2x.jpg 600w\" sizes=\"(max-width: 640px) 100vw, 640px\" \/><\/figure><\/li><\/ul><\/figure>","protected":false},"excerpt":{"rendered":"<p>D\u00f6vl\u0259t \u0130dar\u0259\u00e7ilik Akademiyas\u0131nda Az\u0259rbaycan\u0131n D\u00f6vl\u0259t Bayra\u011f\u0131 G\u00fcn\u00fcn\u0259 h\u0259sr edil\u0259n elmi-praktik konfransNoy 13 , 2019 &#8211; 02:08 Noyabr\u0131n 8-d\u0259 Az\u0259rbaycan Respublikas\u0131n\u0131n Prezidenti yan\u0131nda D\u00f6vl\u0259t \u0130dar\u0259\u00e7ilik Akademiyas\u0131nda D\u0259nizk\u0259nar\u0131 Bulvar \u0130dar\u0259sinin v\u0259 D\u00f6vl\u0259t Bayra\u011f\u0131 Muzeyinin t\u0259\u015f\u0259bb\u00fcs\u00fc il\u0259 D\u00f6vl\u0259t Bayra\u011f\u0131 G\u00fcn\u00fcn\u0259 h\u0259sr olunan \u201cAz\u0259rbaycan d\u00f6vl\u0259t\u00e7iliyind\u0259 bayra\u011f\u0131n yeri v\u0259 \u0259h\u0259miyy\u0259ti\u201d m\u00f6vzusunda elmi-praktik konfrans ke\u00e7irilib. Az\u0259rbaycan Respublikas\u0131n\u0131n d\u00f6vl\u0259t himni il\u0259 ba\u015flanan [&hellip;]<\/p>","protected":false},"author":2,"featured_media":5169,"comment_status":"closed","ping_status":"closed","sticky":false,"template":"","format":"standard","meta":[],"categories":[137],"tags":[],"_links":{"self":[{"href":"https:\/\/legacy.dia.edu.az\/ru\/wp-json\/wp\/v2\/posts\/5156"}],"collection":[{"href":"https:\/\/legacy.dia.edu.az\/ru\/wp-json\/wp\/v2\/posts"}],"about":[{"href":"https:\/\/legacy.dia.edu.az\/ru\/wp-json\/wp\/v2\/types\/post"}],"author":[{"embeddable":true,"href":"https:\/\/legacy.dia.edu.az\/ru\/wp-json\/wp\/v2\/users\/2"}],"replies":[{"embeddable":true,"href":"https:\/\/legacy.dia.edu.az\/ru\/wp-json\/wp\/v2\/comments?post=5156"}],"version-history":[{"count":0,"href":"https:\/\/legacy.dia.edu.az\/ru\/wp-json\/wp\/v2\/posts\/5156\/revisions"}],"wp:featuredmedia":[{"embeddable":true,"href":"https:\/\/legacy.dia.edu.az\/ru\/wp-json\/wp\/v2\/media\/5169"}],"wp:attachment":[{"href":"https:\/\/legacy.dia.edu.az\/ru\/wp-json\/wp\/v2\/media?parent=5156"}],"wp:term":[{"taxonomy":"category","embeddable":true,"href":"https:\/\/legacy.dia.edu.az\/ru\/wp-json\/wp\/v2\/categories?post=5156"},{"taxonomy":"post_tag","embeddable":true,"href":"https:\/\/legacy.dia.edu.az\/ru\/wp-json\/wp\/v2\/tags?post=5156"}],"curies":[{"name":"wp","href":"https:\/\/api.w.org\/{rel}","templated":true}]}}