{"id":5119,"date":"2019-12-04T02:53:00","date_gmt":"2019-12-03T23:53:00","guid":{"rendered":"https:\/\/dia.edu.az\/?p=5119"},"modified":"2021-03-09T02:54:26","modified_gmt":"2021-03-08T23:54:26","slug":"unesko-uzr%c9%99-az%c9%99rbaycan-milli-komissiyasinin-25-illiyi-il%c9%99-%c9%99laq%c9%99dar-dovl%c9%99t-idar%c9%99cilik-akademiyasinda-d%c9%99yirmi-masa-kecirilib","status":"publish","type":"post","link":"https:\/\/legacy.dia.edu.az\/ru\/arxivl\u0259r\/5119","title":{"rendered":"UNESKO \u00fczr\u0259 Az\u0259rbaycan Milli Komissiyas\u0131n\u0131n 25 illiyi il\u0259 \u0259laq\u0259dar D\u00f6vl\u0259t \u0130dar\u0259\u00e7ilik Akademiyas\u0131nda d\u0259yirmi masa ke\u00e7irilib"},"content":{"rendered":"<p><strong>UNESKO \u00fczr\u0259 Az\u0259rbaycan Milli Komissiyas\u0131n\u0131n 25 illiyi il\u0259 \u0259laq\u0259dar D\u00f6vl\u0259t \u0130dar\u0259\u00e7ilik Akademiyas\u0131nda d\u0259yirmi masa ke\u00e7irilib<\/strong><br><em>Dek 04 , 2019 &#8211; 05:03<\/em><\/p>\n\n\n\n<p>Dekabr\u0131n 4-d\u0259 Az\u0259rbaycan Respublikas\u0131n\u0131n Prezidenti yan\u0131nda D\u00f6vl\u0259t \u0130dar\u0259\u00e7ilik Akademiyas\u0131nda UNESKO \u00fczr\u0259 Az\u0259rbaycan Respublikas\u0131n\u0131n Milli Komissiyas\u0131n\u0131n yarad\u0131lmas\u0131n\u0131n 25 illik yubileyin\u0259 h\u0259sr olunmu\u015f \u201cAz\u0259rbaycan Respublikas\u0131n\u0131n davaml\u0131 inkl\u00fcziv inki\u015faf\u0131 sah\u0259sind\u0259 d\u00fcnya liderliyini t\u0259min ed\u0259n d\u00f6vl\u0259t idar\u0259\u00e7iliyi texnologiyalar\u0131\u201d m\u00f6vzusunda d\u0259yirmi masa ke\u00e7irilib. D\u0259yirmi masa Az\u0259rbaycan Milli Elml\u0259r Akademiyas\u0131, Xarici \u0130\u015fl\u0259r, T\u0259hsil, M\u0259d\u0259niyy\u0259t, Ekologiya v\u0259 T\u0259bii S\u0259rv\u0259tl\u0259r, N\u0259qliyyat, Rabit\u0259 v\u0259 Y\u00fcks\u0259k Texnologiyalar, G\u0259ncl\u0259r v\u0259 \u0130dman nazirlikl\u0259rinin d\u0259st\u0259yi il\u0259 ba\u015f tutub.<\/p>\n\n\n\n<p>D\u0259yirmi masan\u0131 giri\u015f s\u00f6z\u00fc il\u0259 a\u00e7an Az\u0259rbaycan Respublikas\u0131n\u0131n Prezidenti yan\u0131nda D\u00f6vl\u0259t \u0130dar\u0259\u00e7ilik Akademiyas\u0131n\u0131n rektoru, akademik Urxan \u018fl\u0259kb\u0259rov Az\u0259rbaycan Respublikas\u0131n\u0131n iqtisadi, sosial v\u0259 humanitar sah\u0259l\u0259rd\u0259 u\u011furlu inki\u015faf n\u00fcmayi\u015f etdirdiyini bildirib. Rektor bu u\u011furlar\u0131n k\u00f6k\u00fcnd\u0259 \u0259sas\u0131 ulu \u00f6nd\u0259r Heyd\u0259r \u018fliyev t\u0259r\u0259find\u0259n qoyulmu\u015f v\u0259 Prezident \u0130lham \u018fliyevin inki\u015faf etdirdiyi innovativ d\u00f6vl\u0259t idar\u0259\u00e7iliyi strategiyas\u0131n\u0131n durdu\u011funu vur\u011fulay\u0131b.<\/p>\n\n\n\n<p>Urxan \u018fl\u0259kb\u0259rov deyib ki, Az\u0259rbaycan Respublikas\u0131 2018-ci ild\u0259 b\u00fct\u00fcn d\u00fcnya \u00fc\u00e7\u00fcn prioritet kimi q\u0259bul edil\u0259n davaml\u0131 inkl\u00fcziv inki\u015faf siyas\u0259tini s\u0259m\u0259r\u0259li \u015f\u0259kild\u0259 realla\u015fd\u0131ran \u00f6lk\u0259dir. O, eyni ild\u0259 Davos D\u00fcnya \u0130qtisadi Forumunda d\u00fcnya \u00f6lk\u0259l\u0259rind\u0259 davaml\u0131 inkl\u00fcziv inki\u015fafla ba\u011fl\u0131 durumun t\u0259hlil olundu\u011funa diqq\u0259t \u00e7\u0259kib. Qeyd edib ki, bu t\u0259hlil \u0259sas\u0131nda haz\u0131rlanan hesabata g\u00f6r\u0259, Az\u0259rbaycan Respublikas\u0131 inkl\u00fcziv c\u0259miyy\u0259tin formala\u015fd\u0131r\u0131lmas\u0131 v\u0259 bu prosesin davaml\u0131l\u0131\u011f\u0131n\u0131n t\u0259min olunmas\u0131 sah\u0259sind\u0259 \u0259h\u0259miyy\u0259tli d\u0259r\u0259c\u0259d\u0259 u\u011fur qazan\u0131b. Davos D\u00fcnya \u0130qtisadi Forumunun 2018-ci il \u00fc\u00e7\u00fcn t\u0259hlill\u0259rin\u0259 g\u00f6r\u0259, Az\u0259rbaycan Respublikas\u0131n\u0131n inkl\u00fcziv inki\u015faf indeksi 4,69 t\u0259\u015fkil edib. H\u0259min g\u00f6st\u0259rici il\u0259 \u00f6lk\u0259miz bir \u00e7ox d\u00f6vl\u0259tl\u0259ri, o c\u00fcml\u0259d\u0259n y\u00fcks\u0259k iqtisadi inki\u015faf s\u0259viyy\u0259sin\u0259 malik \u00f6lk\u0259l\u0259ri gerid\u0259 qoyub. Akademik inkl\u00fcziv inki\u015faf g\u00f6st\u0259ricil\u0259ri Az\u0259rbaycandan a\u015fa\u011f\u0131 olan \u00f6lk\u0259l\u0259r aras\u0131nda AB\u015e, Yaponiya, \u0130srail, \u0130taliya, \u0130spaniya, T\u00fcrkiy\u0259, Portuqaliya, Yunan\u0131stan v\u0259 dig\u0259r \u00f6lk\u0259l\u0259rin oldu\u011funu vur\u011fulay\u0131b. Rektor diqq\u0259t\u0259 \u00e7atd\u0131r\u0131b ki, nisb\u0259t\u0259n m\u0259hdud maliyy\u0259 imkanlar\u0131 \u015f\u0259raitind\u0259 Az\u0259rbaycan\u0131n inkl\u00fcziv inki\u015faf indeksinin iqtisadi bax\u0131mdan daha inki\u015faf etmi\u015f \u00f6lk\u0259l\u0259rd\u0259kind\u0259n y\u00fcks\u0259k olmas\u0131 \u00f6lk\u0259nin iqtisadi potensial\u0131n\u0131n h\u0259rt\u0259r\u0259fli inki\u015faf\u0131 v\u0259 \u0259halinin rifah hal\u0131n\u0131n y\u00fcks\u0259ldilm\u0259si \u00fc\u00e7\u00fcn daha s\u0259m\u0259r\u0259li istifad\u0259sinin beyn\u0259lxalq t\u0259sdiqidir. Az\u0259rbaycan\u0131n inkl\u00fcziv inki\u015faf sah\u0259sind\u0259 y\u00fcks\u0259k g\u00f6st\u0259ricil\u0259r \u0259ld\u0259 etm\u0259si v\u0259 sosial siyas\u0259tin realla\u015fd\u0131r\u0131lmas\u0131 bax\u0131m\u0131ndan d\u00fcnya liderin\u0259 \u00e7evrilm\u0259sind\u0259 \u00f6lk\u0259nin Birinci vitse-prezidenti, Heyd\u0259r \u018fliyev Fondunun prezidenti Mehriban \u018fliyevan\u0131n da m\u00fch\u00fcm xidm\u0259tl\u0259ri var. Mehriban xan\u0131m \u018fliyevan\u0131n insan potensial\u0131n\u0131n inki\u015faf\u0131, inki\u015faf prosesl\u0259rinin inkl\u00fczivliyinin t\u0259mini sah\u0259sind\u0259 t\u0259\u015f\u0259bb\u00fcsl\u0259ri, onun r\u0259hb\u0259rliyi il\u0259 ger\u00e7\u0259kl\u0259\u015fdiril\u0259n iqtisadi, sosial, humanitar v\u0259 m\u0259d\u0259ni layih\u0259l\u0259r Az\u0259rbaycan\u0131n sosial indikatorlar\u0131n\u0131n y\u00fcks\u0259k qalmas\u0131na, h\u0259m\u00e7inin g\u0259l\u0259c\u0259k sosial t\u0259r\u0259qqiy\u0259 imkan yarad\u0131b.<\/p>\n\n\n\n<p>D\u0259yirmi masada Xarici \u0130\u015fl\u0259r Nazirliyinin x\u00fcsusi tap\u015f\u0131r\u0131qlar \u00fczr\u0259 s\u0259firi &#8211; UNESKO \u00fczr\u0259 Az\u0259rbaycan Respublikas\u0131 Milli Komissiyas\u0131n\u0131n ba\u015f katibi Elnur Sultanov, T\u0259hsil nazirinin m\u00fcavini Firudin Qurbanov, M\u0259d\u0259niyy\u0259t nazirinin m\u00fcavini Sevda M\u0259mm\u0259d\u0259liyeva, Ekologiya v\u0259 T\u0259bii S\u0259rv\u0259tl\u0259r nazirinin m\u00fcavini Rauf Hac\u0131yev, N\u0259qliyyat, Rabit\u0259 v\u0259 Y\u00fcks\u0259k Texnologiyalar nazirinin m\u00fcavini Elmir V\u0259lizad\u0259, G\u0259ncl\u0259r v\u0259 \u0130dman nazirinin m\u00fcavini \u0130ntiqam Babayev \u00e7\u0131x\u0131\u015f ed\u0259r\u0259k Az\u0259rbaycan\u0131n inki\u015faf\u0131, bu inki\u015faf\u0131n t\u0259min olunmas\u0131na yol a\u00e7an texnologiyalar, d\u00f6vl\u0259timizin ba\u015f\u00e7\u0131s\u0131n\u0131n ger\u00e7\u0259kl\u0259\u015fdirdiyi islahatlar bar\u0259d\u0259 dan\u0131\u015f\u0131blar.<\/p>\n\n\n\n<figure class=\"wp-container-2 wp-block-gallery-1 wp-block-gallery columns-3 is-cropped\"><ul class=\"blocks-gallery-grid\"><li class=\"blocks-gallery-item\"><figure><img width=\"640\" height=\"424\" src=\"https:\/\/dia.edu.az\/wp-content\/uploads\/2021\/03\/1-53.jpg\" alt=\"\" data-id=\"5120\" data-full-url=\"https:\/\/dia.edu.az\/wp-content\/uploads\/2021\/03\/1-53.jpg\" data-link=\"https:\/\/dia.edu.az\/?attachment_id=5120\" class=\"wp-image-5120\" srcset=\"https:\/\/legacy.dia.edu.az\/wp-content\/uploads\/2021\/03\/1-53.jpg 640w, https:\/\/legacy.dia.edu.az\/wp-content\/uploads\/2021\/03\/1-53-300x199.jpg 300w, https:\/\/legacy.dia.edu.az\/wp-content\/uploads\/2021\/03\/1-53-150x100.jpg 150w, https:\/\/legacy.dia.edu.az\/wp-content\/uploads\/2021\/03\/1-53-300x199@2x.jpg 600w\" sizes=\"(max-width: 640px) 100vw, 640px\" \/><\/figure><\/li><li class=\"blocks-gallery-item\"><figure><img width=\"640\" height=\"424\" src=\"https:\/\/dia.edu.az\/wp-content\/uploads\/2021\/03\/2-50.jpg\" alt=\"\" data-id=\"5123\" data-full-url=\"https:\/\/dia.edu.az\/wp-content\/uploads\/2021\/03\/2-50.jpg\" data-link=\"https:\/\/dia.edu.az\/?attachment_id=5123\" class=\"wp-image-5123\" srcset=\"https:\/\/legacy.dia.edu.az\/wp-content\/uploads\/2021\/03\/2-50.jpg 640w, https:\/\/legacy.dia.edu.az\/wp-content\/uploads\/2021\/03\/2-50-300x199.jpg 300w, https:\/\/legacy.dia.edu.az\/wp-content\/uploads\/2021\/03\/2-50-150x100.jpg 150w, https:\/\/legacy.dia.edu.az\/wp-content\/uploads\/2021\/03\/2-50-300x199@2x.jpg 600w\" sizes=\"(max-width: 640px) 100vw, 640px\" \/><\/figure><\/li><li class=\"blocks-gallery-item\"><figure><img width=\"640\" height=\"424\" src=\"https:\/\/dia.edu.az\/wp-content\/uploads\/2021\/03\/3-50.jpg\" alt=\"\" data-id=\"5126\" data-full-url=\"https:\/\/dia.edu.az\/wp-content\/uploads\/2021\/03\/3-50.jpg\" data-link=\"https:\/\/dia.edu.az\/?attachment_id=5126\" class=\"wp-image-5126\" srcset=\"https:\/\/legacy.dia.edu.az\/wp-content\/uploads\/2021\/03\/3-50.jpg 640w, https:\/\/legacy.dia.edu.az\/wp-content\/uploads\/2021\/03\/3-50-300x199.jpg 300w, https:\/\/legacy.dia.edu.az\/wp-content\/uploads\/2021\/03\/3-50-150x100.jpg 150w, https:\/\/legacy.dia.edu.az\/wp-content\/uploads\/2021\/03\/3-50-300x199@2x.jpg 600w\" sizes=\"(max-width: 640px) 100vw, 640px\" \/><\/figure><\/li><li class=\"blocks-gallery-item\"><figure><img width=\"640\" height=\"424\" src=\"https:\/\/dia.edu.az\/wp-content\/uploads\/2021\/03\/4-43.jpg\" alt=\"\" data-id=\"5129\" data-full-url=\"https:\/\/dia.edu.az\/wp-content\/uploads\/2021\/03\/4-43.jpg\" data-link=\"https:\/\/dia.edu.az\/?attachment_id=5129\" class=\"wp-image-5129\" srcset=\"https:\/\/legacy.dia.edu.az\/wp-content\/uploads\/2021\/03\/4-43.jpg 640w, https:\/\/legacy.dia.edu.az\/wp-content\/uploads\/2021\/03\/4-43-300x199.jpg 300w, https:\/\/legacy.dia.edu.az\/wp-content\/uploads\/2021\/03\/4-43-150x100.jpg 150w, https:\/\/legacy.dia.edu.az\/wp-content\/uploads\/2021\/03\/4-43-300x199@2x.jpg 600w\" sizes=\"(max-width: 640px) 100vw, 640px\" \/><\/figure><\/li><li class=\"blocks-gallery-item\"><figure><img width=\"640\" height=\"424\" src=\"https:\/\/dia.edu.az\/wp-content\/uploads\/2021\/03\/5-34.jpg\" alt=\"\" data-id=\"5132\" data-full-url=\"https:\/\/dia.edu.az\/wp-content\/uploads\/2021\/03\/5-34.jpg\" data-link=\"https:\/\/dia.edu.az\/?attachment_id=5132\" class=\"wp-image-5132\" srcset=\"https:\/\/legacy.dia.edu.az\/wp-content\/uploads\/2021\/03\/5-34.jpg 640w, https:\/\/legacy.dia.edu.az\/wp-content\/uploads\/2021\/03\/5-34-300x199.jpg 300w, https:\/\/legacy.dia.edu.az\/wp-content\/uploads\/2021\/03\/5-34-150x100.jpg 150w, https:\/\/legacy.dia.edu.az\/wp-content\/uploads\/2021\/03\/5-34-300x199@2x.jpg 600w\" sizes=\"(max-width: 640px) 100vw, 640px\" \/><\/figure><\/li><li class=\"blocks-gallery-item\"><figure><img width=\"640\" height=\"424\" src=\"https:\/\/dia.edu.az\/wp-content\/uploads\/2021\/03\/6-26.jpg\" alt=\"\" data-id=\"5135\" data-full-url=\"https:\/\/dia.edu.az\/wp-content\/uploads\/2021\/03\/6-26.jpg\" data-link=\"https:\/\/dia.edu.az\/?attachment_id=5135\" class=\"wp-image-5135\" srcset=\"https:\/\/legacy.dia.edu.az\/wp-content\/uploads\/2021\/03\/6-26.jpg 640w, https:\/\/legacy.dia.edu.az\/wp-content\/uploads\/2021\/03\/6-26-300x199.jpg 300w, https:\/\/legacy.dia.edu.az\/wp-content\/uploads\/2021\/03\/6-26-150x100.jpg 150w, https:\/\/legacy.dia.edu.az\/wp-content\/uploads\/2021\/03\/6-26-300x199@2x.jpg 600w\" sizes=\"(max-width: 640px) 100vw, 640px\" \/><\/figure><\/li><li class=\"blocks-gallery-item\"><figure><img width=\"640\" height=\"424\" src=\"https:\/\/dia.edu.az\/wp-content\/uploads\/2021\/03\/7-15.jpg\" alt=\"\" data-id=\"5138\" data-full-url=\"https:\/\/dia.edu.az\/wp-content\/uploads\/2021\/03\/7-15.jpg\" data-link=\"https:\/\/dia.edu.az\/?attachment_id=5138\" class=\"wp-image-5138\" srcset=\"https:\/\/legacy.dia.edu.az\/wp-content\/uploads\/2021\/03\/7-15.jpg 640w, https:\/\/legacy.dia.edu.az\/wp-content\/uploads\/2021\/03\/7-15-300x199.jpg 300w, https:\/\/legacy.dia.edu.az\/wp-content\/uploads\/2021\/03\/7-15-150x100.jpg 150w, https:\/\/legacy.dia.edu.az\/wp-content\/uploads\/2021\/03\/7-15-300x199@2x.jpg 600w\" sizes=\"(max-width: 640px) 100vw, 640px\" \/><\/figure><\/li><li class=\"blocks-gallery-item\"><figure><img width=\"640\" height=\"424\" src=\"https:\/\/dia.edu.az\/wp-content\/uploads\/2021\/03\/8-12.jpg\" alt=\"\" data-id=\"5141\" data-full-url=\"https:\/\/dia.edu.az\/wp-content\/uploads\/2021\/03\/8-12.jpg\" data-link=\"https:\/\/dia.edu.az\/?attachment_id=5141\" class=\"wp-image-5141\" srcset=\"https:\/\/legacy.dia.edu.az\/wp-content\/uploads\/2021\/03\/8-12.jpg 640w, https:\/\/legacy.dia.edu.az\/wp-content\/uploads\/2021\/03\/8-12-300x199.jpg 300w, https:\/\/legacy.dia.edu.az\/wp-content\/uploads\/2021\/03\/8-12-150x100.jpg 150w, https:\/\/legacy.dia.edu.az\/wp-content\/uploads\/2021\/03\/8-12-300x199@2x.jpg 600w\" sizes=\"(max-width: 640px) 100vw, 640px\" \/><\/figure><\/li><\/ul><\/figure>","protected":false},"excerpt":{"rendered":"<p>UNESKO \u00fczr\u0259 Az\u0259rbaycan Milli Komissiyas\u0131n\u0131n 25 illiyi il\u0259 \u0259laq\u0259dar D\u00f6vl\u0259t \u0130dar\u0259\u00e7ilik Akademiyas\u0131nda d\u0259yirmi masa ke\u00e7irilibDek 04 , 2019 &#8211; 05:03 Dekabr\u0131n 4-d\u0259 Az\u0259rbaycan Respublikas\u0131n\u0131n Prezidenti yan\u0131nda D\u00f6vl\u0259t \u0130dar\u0259\u00e7ilik Akademiyas\u0131nda UNESKO \u00fczr\u0259 Az\u0259rbaycan Respublikas\u0131n\u0131n Milli Komissiyas\u0131n\u0131n yarad\u0131lmas\u0131n\u0131n 25 illik yubileyin\u0259 h\u0259sr olunmu\u015f \u201cAz\u0259rbaycan Respublikas\u0131n\u0131n davaml\u0131 inkl\u00fcziv inki\u015faf\u0131 sah\u0259sind\u0259 d\u00fcnya liderliyini t\u0259min ed\u0259n d\u00f6vl\u0259t idar\u0259\u00e7iliyi texnologiyalar\u0131\u201d m\u00f6vzusunda [&hellip;]<\/p>","protected":false},"author":2,"featured_media":5129,"comment_status":"closed","ping_status":"closed","sticky":false,"template":"","format":"standard","meta":[],"categories":[137],"tags":[],"_links":{"self":[{"href":"https:\/\/legacy.dia.edu.az\/ru\/wp-json\/wp\/v2\/posts\/5119"}],"collection":[{"href":"https:\/\/legacy.dia.edu.az\/ru\/wp-json\/wp\/v2\/posts"}],"about":[{"href":"https:\/\/legacy.dia.edu.az\/ru\/wp-json\/wp\/v2\/types\/post"}],"author":[{"embeddable":true,"href":"https:\/\/legacy.dia.edu.az\/ru\/wp-json\/wp\/v2\/users\/2"}],"replies":[{"embeddable":true,"href":"https:\/\/legacy.dia.edu.az\/ru\/wp-json\/wp\/v2\/comments?post=5119"}],"version-history":[{"count":0,"href":"https:\/\/legacy.dia.edu.az\/ru\/wp-json\/wp\/v2\/posts\/5119\/revisions"}],"wp:featuredmedia":[{"embeddable":true,"href":"https:\/\/legacy.dia.edu.az\/ru\/wp-json\/wp\/v2\/media\/5129"}],"wp:attachment":[{"href":"https:\/\/legacy.dia.edu.az\/ru\/wp-json\/wp\/v2\/media?parent=5119"}],"wp:term":[{"taxonomy":"category","embeddable":true,"href":"https:\/\/legacy.dia.edu.az\/ru\/wp-json\/wp\/v2\/categories?post=5119"},{"taxonomy":"post_tag","embeddable":true,"href":"https:\/\/legacy.dia.edu.az\/ru\/wp-json\/wp\/v2\/tags?post=5119"}],"curies":[{"name":"wp","href":"https:\/\/api.w.org\/{rel}","templated":true}]}}