{"id":5098,"date":"2019-12-09T02:50:00","date_gmt":"2019-12-08T23:50:00","guid":{"rendered":"https:\/\/dia.edu.az\/?p=5098"},"modified":"2021-03-09T02:52:00","modified_gmt":"2021-03-08T23:52:00","slug":"bakida-dovl%c9%99t-qullugunda-insan-resurslarinin-idar%c9%99-olunmasi-movzusunda-beyn%c9%99lxalq-konfrans-kecirilir","status":"publish","type":"post","link":"https:\/\/legacy.dia.edu.az\/ru\/arxivl\u0259r\/5098","title":{"rendered":"Bak\u0131da d\u00f6vl\u0259t qullu\u011funda insan resurslar\u0131n\u0131n idar\u0259 olunmas\u0131 m\u00f6vzusunda beyn\u0259lxalq konfrans ke\u00e7irilir"},"content":{"rendered":"<p><strong>Bak\u0131da d\u00f6vl\u0259t qullu\u011funda insan resurslar\u0131n\u0131n idar\u0259 olunmas\u0131 m\u00f6vzusunda beyn\u0259lxalq konfrans ke\u00e7irilir<\/strong><br><em>Dek 09 , 2019 &#8211; 10:22<\/em><\/p>\n\n\n\n<p>Dekabr\u0131n 5-d\u0259 Az\u0259rbaycan Respublikas\u0131n\u0131n Prezidenti yan\u0131nda D\u00f6vl\u0259t \u0130dar\u0259\u00e7ilik Akademiyas\u0131nda \u201cD\u00f6vl\u0259t qullu\u011funda insan resurslar\u0131n\u0131n idar\u0259 olunmas\u0131: beyn\u0259lxalq trendl\u0259r v\u0259 milli t\u0259cr\u00fcb\u0259l\u0259r\u201d m\u00f6vzusunda beyn\u0259lxalq elmi konfrans i\u015f\u0259 ba\u015flay\u0131b.<\/p>\n\n\n\n<p>T\u0259dbird\u0259n \u0259vv\u0259l i\u015ftirak\u00e7\u0131lar F\u0259xri xiyabanda \u00fcmummilli lider Heyd\u0259r \u018fliyevin m\u0259zar\u0131n\u0131, \u015e\u0259hidl\u0259r xiyaban\u0131n\u0131 v\u0259 \u201cT\u00fcrk \u015f\u0259hidliyi\u201d abid\u0259sini ziyar\u0259t edibl\u0259r.<\/p>\n\n\n\n<p>D\u00f6vl\u0259t qullu\u011funda insan resurslar\u0131n\u0131n idar\u0259 edilm\u0259si sah\u0259sind\u0259 qlobal trendl\u0259rin m\u00fczakir\u0259sin\u0259 h\u0259sr olunan konfrans\u0131n m\u0259qs\u0259di Prezident \u0130lham \u018fliyevin 2018-ci il 23 noyabr tarixli S\u0259r\u0259ncam\u0131 il\u0259 t\u0259sdiq edilmi\u015f &#8220;Az\u0259rbaycan Respublikas\u0131nda d\u00f6vl\u0259t qullu\u011funun inki\u015faf\u0131na dair 2019-2025-ci ill\u0259r \u00fc\u00e7\u00fcn Strategiya\u201dn\u0131n h\u0259yata ke\u00e7irilm\u0259sin\u0259 y\u00f6n\u0259l\u0259n elmi-n\u0259z\u0259ri t\u00f6vsiy\u0259l\u0259rin i\u015fl\u0259nib haz\u0131rlanmas\u0131d\u0131r.<\/p>\n\n\n\n<p>Konfransda akademik Urxan \u018fl\u0259kb\u0259rov \u201cDavaml\u0131 inki\u015faf v\u0259 inkl\u00fcziv c\u0259miyy\u0259tin formala\u015fmas\u0131 insan resurslar\u0131n\u0131n optimal idar\u0259 olunmas\u0131 indikatoru kimi\u201d m\u00f6vzusunda m\u0259ruz\u0259 il\u0259 \u00e7\u0131x\u0131\u015f edib.<\/p>\n\n\n\n<p>Akademik \u00f6lk\u0259mizin iqtisadi, sosial v\u0259 humanitar sah\u0259l\u0259rd\u0259 u\u011furlu inki\u015faf etdiyini, m\u00fcst\u0259qilliyimizin h\u0259r yeni ilind\u0259 nailiyy\u0259tl\u0259rinin artd\u0131\u011f\u0131n\u0131 diqq\u0259t\u0259 \u00e7atd\u0131r\u0131b. Rektor \u0259ld\u0259 olunan nailiyy\u0259tl\u0259rin \u0259sas\u0131nda \u0259sas\u0131 ulu \u00f6nd\u0259r Heyd\u0259r \u018fliyev t\u0259r\u0259find\u0259n qoyulan v\u0259 haz\u0131rda Prezident \u0130lham \u018fliyev t\u0259r\u0259find\u0259n u\u011furla davam etdiril\u0259n innovativ d\u00f6vl\u0259t idar\u0259\u00e7iliyi strategiyas\u0131n\u0131n dayand\u0131\u011f\u0131n\u0131 x\u00fcsusi vur\u011fulay\u0131b.<\/p>\n\n\n\n<p>Rektor bildirib ki, Az\u0259rbaycan 2018-ci ild\u0259 b\u00fct\u00fcn d\u00fcnya \u00fc\u00e7\u00fcn prioritet kimi q\u0259bul edil\u0259n davaml\u0131 inkl\u00fcziv inki\u015faf siyas\u0259tini s\u0259m\u0259r\u0259li \u015f\u0259kild\u0259 realla\u015fd\u0131ran \u00f6lk\u0259dir.<\/p>\n\n\n\n<p>\u00d6t\u0259n il Davos \u0130qtisadi Forumunda d\u00fcnya \u00f6lk\u0259l\u0259rind\u0259 davaml\u0131 inkl\u00fcziv inki\u015fafla ba\u011fl\u0131 v\u0259ziyy\u0259tin t\u0259hlilin\u0259 diqq\u0259t \u00e7\u0259k\u0259n U.\u018fl\u0259kb\u0259rov bildirilib ki, h\u0259min t\u0259hlil \u0259sas\u0131nda haz\u0131rlanan hesabata g\u00f6r\u0259, Az\u0259rbaycan inkl\u00fcziv c\u0259miyy\u0259tin formala\u015fd\u0131r\u0131lmas\u0131 v\u0259 bu prosesin davaml\u0131l\u0131\u011f\u0131n\u0131n t\u0259min olunmas\u0131 sah\u0259sind\u0259 \u0259h\u0259miyy\u0259tli u\u011furlar qazan\u0131b. Bel\u0259 ki, \u00f6lk\u0259mizin inkl\u00fcziv inki\u015faf indeksi 4,69 faiz t\u0259\u015fkil edib. H\u0259min g\u00f6st\u0259rici il\u0259 Az\u0259rbaycan bir \u00e7ox d\u00f6vl\u0259tl\u0259ri, o c\u00fcml\u0259d\u0259n y\u00fcks\u0259k inki\u015faf s\u0259viyy\u0259sin\u0259 malik \u00f6lk\u0259l\u0259ri gerid\u0259 qoyub.<\/p>\n\n\n\n<p>Urxan \u018fl\u0259kb\u0259rov m\u0259ruz\u0259sind\u0259 inkl\u00fcziv inki\u015faf g\u00f6st\u0259ricil\u0259ri Az\u0259rbaycandan a\u015fa\u011f\u0131 olanlar \u00f6lk\u0259l\u0259r aras\u0131nda AB\u015e, Yaponiya, \u0130srail, \u0130taliya, \u0130spaniya, T\u00fcrkiy\u0259, Portuqaliya, Yunan\u0131stan\u0131n oldu\u011funu diqq\u0259t\u0259 \u00e7atd\u0131r\u0131b. Vur\u011fulay\u0131b ki, Az\u0259rbaycan\u0131n iqtisadi c\u0259h\u0259td\u0259n y\u00fcks\u0259k inki\u015faf etmi\u015f \u00f6lk\u0259l\u0259ri gerid\u0259 qoymas\u0131 \u00f6lk\u0259mizin iqtisadi potensial\u0131n\u0131n h\u0259rt\u0259r\u0259fli art\u0131m\u0131 v\u0259 bu inki\u015fafdan \u0259halinin rifah hal\u0131n\u0131n y\u00fcks\u0259ldilm\u0259si \u00fc\u00e7\u00fcn s\u0259m\u0259r\u0259li istifad\u0259 olunmas\u0131n\u0131n beyn\u0259lxalq s\u0259viyy\u0259d\u0259 t\u0259sdiqidir.<\/p>\n\n\n\n<p>Rektor inkl\u00fcziv inki\u015faf sah\u0259sind\u0259 \u00f6lk\u0259mizin y\u00fcks\u0259k g\u00f6st\u0259ricil\u0259r \u0259ld\u0259 etm\u0259sind\u0259 v\u0259 sosial siyas\u0259tin realla\u015fd\u0131r\u0131lmas\u0131 bax\u0131m\u0131ndan d\u00fcnya liderin\u0259 \u00e7evrilm\u0259sind\u0259 Birinci vitse-prezident Mehriban \u018fliyevan\u0131n m\u00fcst\u0259sna xidm\u0259tinin oldu\u011funu vur\u011fulay\u0131b. Bildirib ki, Birinci vitse-prezidentin insan potensial\u0131n\u0131n inki\u015faf\u0131, inki\u015faf prosesl\u0259rinin inkl\u00fczivliyinin t\u0259minat\u0131 sah\u0259sind\u0259 t\u0259\u015f\u0259bb\u00fcsl\u0259ri, onun r\u0259hb\u0259rliyi il\u0259 h\u0259yata ke\u00e7iril\u0259n iqtisadi, sosial, humanitar v\u0259 m\u0259d\u0259ni layih\u0259l\u0259r Az\u0259rbaycan\u0131n sosial indikatorlar\u0131n\u0131n y\u00fcks\u0259k qalmas\u0131na, h\u0259m\u00e7inin g\u0259l\u0259c\u0259k sosial t\u0259r\u0259qqiy\u0259 imkan yarad\u0131b.<\/p>\n\n\n\n<p>Sonra \u00e7\u0131x\u0131\u015f ed\u0259n T\u00fcrkiy\u0259nin Az\u0259rbaycandak\u0131 s\u0259firi Erkan \u00d6zoral, T\u0130KA-n\u0131n Bak\u0131 n\u00fcmay\u0259nd\u0259liyinin \u0259laq\u0259l\u0259ndiricisi Teoman Tiryaki v\u0259 ba\u015fqalar\u0131 dayan\u0131ql\u0131 inkl\u00fcziv inki\u015faf v\u0259 d\u00f6vl\u0259t qullu\u011funda insan resurslar\u0131n\u0131n idar\u0259 olunmas\u0131 il\u0259 maraql\u0131 fikirl\u0259r s\u0259sl\u0259ndiribl\u0259r.<\/p>\n\n\n\n<p>Dekabr\u0131n 6-da konfrans \u201cDavaml\u0131 inkl\u00fcziv inki\u015faf d\u00f6vl\u0259t idar\u0259\u00e7iliyind\u0259 qlobal prioritet kimi\u201d v\u0259 \u201cD\u00f6vl\u0259t qullu\u011funda innovasiyalar: qlobal trendl\u0259r, al\u0259tl\u0259r v\u0259 mexanizml\u0259r\u201d m\u00f6vzusunda m\u00fczakir\u0259l\u0259rl\u0259 i\u015fin\u0259 yekun vuracaq.<\/p>\n\n\n\n<figure class=\"wp-container-2 wp-block-gallery-1 wp-block-gallery columns-3 is-cropped\"><ul class=\"blocks-gallery-grid\"><li class=\"blocks-gallery-item\"><figure><img width=\"640\" height=\"424\" src=\"https:\/\/dia.edu.az\/wp-content\/uploads\/2021\/03\/1-52.jpg\" alt=\"\" data-id=\"5099\" data-full-url=\"https:\/\/dia.edu.az\/wp-content\/uploads\/2021\/03\/1-52.jpg\" data-link=\"https:\/\/dia.edu.az\/?attachment_id=5099\" class=\"wp-image-5099\" srcset=\"https:\/\/legacy.dia.edu.az\/wp-content\/uploads\/2021\/03\/1-52.jpg 640w, https:\/\/legacy.dia.edu.az\/wp-content\/uploads\/2021\/03\/1-52-300x199.jpg 300w, https:\/\/legacy.dia.edu.az\/wp-content\/uploads\/2021\/03\/1-52-150x100.jpg 150w, https:\/\/legacy.dia.edu.az\/wp-content\/uploads\/2021\/03\/1-52-300x199@2x.jpg 600w\" sizes=\"(max-width: 640px) 100vw, 640px\" \/><\/figure><\/li><li class=\"blocks-gallery-item\"><figure><img width=\"640\" height=\"420\" src=\"https:\/\/dia.edu.az\/wp-content\/uploads\/2021\/03\/2-49.jpg\" alt=\"\" data-id=\"5102\" data-full-url=\"https:\/\/dia.edu.az\/wp-content\/uploads\/2021\/03\/2-49.jpg\" data-link=\"https:\/\/dia.edu.az\/?attachment_id=5102\" class=\"wp-image-5102\" srcset=\"https:\/\/legacy.dia.edu.az\/wp-content\/uploads\/2021\/03\/2-49.jpg 640w, https:\/\/legacy.dia.edu.az\/wp-content\/uploads\/2021\/03\/2-49-300x197.jpg 300w, https:\/\/legacy.dia.edu.az\/wp-content\/uploads\/2021\/03\/2-49-300x197@2x.jpg 600w\" sizes=\"(max-width: 640px) 100vw, 640px\" \/><\/figure><\/li><li class=\"blocks-gallery-item\"><figure><img width=\"640\" height=\"424\" src=\"https:\/\/dia.edu.az\/wp-content\/uploads\/2021\/03\/3-49.jpg\" alt=\"\" data-id=\"5105\" data-full-url=\"https:\/\/dia.edu.az\/wp-content\/uploads\/2021\/03\/3-49.jpg\" data-link=\"https:\/\/dia.edu.az\/?attachment_id=5105\" class=\"wp-image-5105\" srcset=\"https:\/\/legacy.dia.edu.az\/wp-content\/uploads\/2021\/03\/3-49.jpg 640w, https:\/\/legacy.dia.edu.az\/wp-content\/uploads\/2021\/03\/3-49-300x199.jpg 300w, https:\/\/legacy.dia.edu.az\/wp-content\/uploads\/2021\/03\/3-49-150x100.jpg 150w, https:\/\/legacy.dia.edu.az\/wp-content\/uploads\/2021\/03\/3-49-300x199@2x.jpg 600w\" sizes=\"(max-width: 640px) 100vw, 640px\" \/><\/figure><\/li><li class=\"blocks-gallery-item\"><figure><img width=\"640\" height=\"424\" src=\"https:\/\/dia.edu.az\/wp-content\/uploads\/2021\/03\/4-42.jpg\" alt=\"\" data-id=\"5108\" data-full-url=\"https:\/\/dia.edu.az\/wp-content\/uploads\/2021\/03\/4-42.jpg\" data-link=\"https:\/\/dia.edu.az\/?attachment_id=5108\" class=\"wp-image-5108\" srcset=\"https:\/\/legacy.dia.edu.az\/wp-content\/uploads\/2021\/03\/4-42.jpg 640w, https:\/\/legacy.dia.edu.az\/wp-content\/uploads\/2021\/03\/4-42-300x199.jpg 300w, https:\/\/legacy.dia.edu.az\/wp-content\/uploads\/2021\/03\/4-42-150x100.jpg 150w, https:\/\/legacy.dia.edu.az\/wp-content\/uploads\/2021\/03\/4-42-300x199@2x.jpg 600w\" sizes=\"(max-width: 640px) 100vw, 640px\" \/><\/figure><\/li><li class=\"blocks-gallery-item\"><figure><img width=\"640\" height=\"358\" src=\"https:\/\/dia.edu.az\/wp-content\/uploads\/2021\/03\/5-33.jpg\" alt=\"\" data-id=\"5111\" data-full-url=\"https:\/\/dia.edu.az\/wp-content\/uploads\/2021\/03\/5-33.jpg\" data-link=\"https:\/\/dia.edu.az\/?attachment_id=5111\" class=\"wp-image-5111\" srcset=\"https:\/\/legacy.dia.edu.az\/wp-content\/uploads\/2021\/03\/5-33.jpg 640w, https:\/\/legacy.dia.edu.az\/wp-content\/uploads\/2021\/03\/5-33-300x168.jpg 300w, https:\/\/legacy.dia.edu.az\/wp-content\/uploads\/2021\/03\/5-33-300x168@2x.jpg 600w\" sizes=\"(max-width: 640px) 100vw, 640px\" \/><\/figure><\/li><li class=\"blocks-gallery-item\"><figure><img width=\"640\" height=\"424\" src=\"https:\/\/dia.edu.az\/wp-content\/uploads\/2021\/03\/6-25.jpg\" alt=\"\" data-id=\"5114\" data-full-url=\"https:\/\/dia.edu.az\/wp-content\/uploads\/2021\/03\/6-25.jpg\" data-link=\"https:\/\/dia.edu.az\/?attachment_id=5114\" class=\"wp-image-5114\" srcset=\"https:\/\/legacy.dia.edu.az\/wp-content\/uploads\/2021\/03\/6-25.jpg 640w, https:\/\/legacy.dia.edu.az\/wp-content\/uploads\/2021\/03\/6-25-300x199.jpg 300w, https:\/\/legacy.dia.edu.az\/wp-content\/uploads\/2021\/03\/6-25-150x100.jpg 150w, https:\/\/legacy.dia.edu.az\/wp-content\/uploads\/2021\/03\/6-25-300x199@2x.jpg 600w\" sizes=\"(max-width: 640px) 100vw, 640px\" \/><\/figure><\/li><\/ul><\/figure>","protected":false},"excerpt":{"rendered":"<p>Bak\u0131da d\u00f6vl\u0259t qullu\u011funda insan resurslar\u0131n\u0131n idar\u0259 olunmas\u0131 m\u00f6vzusunda beyn\u0259lxalq konfrans ke\u00e7irilirDek 09 , 2019 &#8211; 10:22 Dekabr\u0131n 5-d\u0259 Az\u0259rbaycan Respublikas\u0131n\u0131n Prezidenti yan\u0131nda D\u00f6vl\u0259t \u0130dar\u0259\u00e7ilik Akademiyas\u0131nda \u201cD\u00f6vl\u0259t qullu\u011funda insan resurslar\u0131n\u0131n idar\u0259 olunmas\u0131: beyn\u0259lxalq trendl\u0259r v\u0259 milli t\u0259cr\u00fcb\u0259l\u0259r\u201d m\u00f6vzusunda beyn\u0259lxalq elmi konfrans i\u015f\u0259 ba\u015flay\u0131b. T\u0259dbird\u0259n \u0259vv\u0259l i\u015ftirak\u00e7\u0131lar F\u0259xri xiyabanda \u00fcmummilli lider Heyd\u0259r \u018fliyevin m\u0259zar\u0131n\u0131, \u015e\u0259hidl\u0259r xiyaban\u0131n\u0131 v\u0259 [&hellip;]<\/p>","protected":false},"author":2,"featured_media":5102,"comment_status":"closed","ping_status":"closed","sticky":false,"template":"","format":"standard","meta":[],"categories":[137],"tags":[],"_links":{"self":[{"href":"https:\/\/legacy.dia.edu.az\/ru\/wp-json\/wp\/v2\/posts\/5098"}],"collection":[{"href":"https:\/\/legacy.dia.edu.az\/ru\/wp-json\/wp\/v2\/posts"}],"about":[{"href":"https:\/\/legacy.dia.edu.az\/ru\/wp-json\/wp\/v2\/types\/post"}],"author":[{"embeddable":true,"href":"https:\/\/legacy.dia.edu.az\/ru\/wp-json\/wp\/v2\/users\/2"}],"replies":[{"embeddable":true,"href":"https:\/\/legacy.dia.edu.az\/ru\/wp-json\/wp\/v2\/comments?post=5098"}],"version-history":[{"count":0,"href":"https:\/\/legacy.dia.edu.az\/ru\/wp-json\/wp\/v2\/posts\/5098\/revisions"}],"wp:featuredmedia":[{"embeddable":true,"href":"https:\/\/legacy.dia.edu.az\/ru\/wp-json\/wp\/v2\/media\/5102"}],"wp:attachment":[{"href":"https:\/\/legacy.dia.edu.az\/ru\/wp-json\/wp\/v2\/media?parent=5098"}],"wp:term":[{"taxonomy":"category","embeddable":true,"href":"https:\/\/legacy.dia.edu.az\/ru\/wp-json\/wp\/v2\/categories?post=5098"},{"taxonomy":"post_tag","embeddable":true,"href":"https:\/\/legacy.dia.edu.az\/ru\/wp-json\/wp\/v2\/tags?post=5098"}],"curies":[{"name":"wp","href":"https:\/\/api.w.org\/{rel}","templated":true}]}}