{"id":5073,"date":"2019-12-10T02:48:00","date_gmt":"2019-12-09T23:48:00","guid":{"rendered":"https:\/\/dia.edu.az\/?p=5073"},"modified":"2021-03-09T02:49:43","modified_gmt":"2021-03-08T23:49:43","slug":"dovl%c9%99t-idar%c9%99cilik-akademiyasinda-umummilli-lider-heyd%c9%99r-%c9%99liyevin-xatir%c9%99si-anilib-2","status":"publish","type":"post","link":"https:\/\/legacy.dia.edu.az\/ru\/arxivl\u0259r\/5073","title":{"rendered":"D\u00f6vl\u0259t \u0130dar\u0259\u00e7ilik Akademiyas\u0131nda \u00fcmummilli lider Heyd\u0259r \u018fliyevin xatir\u0259si an\u0131l\u0131b"},"content":{"rendered":"<p><strong>D\u00f6vl\u0259t \u0130dar\u0259\u00e7ilik Akademiyas\u0131nda \u00fcmummilli lider Heyd\u0259r \u018fliyevin xatir\u0259si an\u0131l\u0131b<\/strong><br><em>Dek 10 , 2019 &#8211; 03:14<\/em><\/p>\n\n\n\n<p>Dekabr\u0131n 10-da Az\u0259rbaycan Respublikas\u0131n\u0131n Prezidenti yan\u0131nda D\u00f6vl\u0259t \u0130dar\u0259\u00e7ilik Akademiyas\u0131 v\u0259 Yeni Az\u0259rbaycan Partiyas\u0131 (YAP) S\u0259bail rayon t\u0259\u015fkilat\u0131n\u0131n birg\u0259 t\u0259\u015fkilat\u00e7\u0131l\u0131\u011f\u0131 il\u0259 m\u00fcasir m\u00fcst\u0259qil d\u00f6vl\u0259timizin qurucusu v\u0259 YAP-\u0131n yarad\u0131c\u0131s\u0131 ulu \u00f6nd\u0259r Heyd\u0259r \u018fliyevin \u0259b\u0259diya\u015far xatir\u0259sin\u0259 h\u0259sr olunan an\u0131m t\u0259dbiri ke\u00e7irilib.<\/p>\n\n\n\n<p>\u018fvv\u0259lc\u0259 Az\u0259rbaycan xalq\u0131n\u0131n \u00fcmummilli lideri Heyd\u0259r \u018fliyevin \u0259ziz xatir\u0259si bir d\u0259qiq\u0259lik s\u00fckutla yad olunub.<\/p>\n\n\n\n<p>Sonra ulu \u00f6nd\u0259r Heyd\u0259r \u018fliyevin z\u0259ngin d\u00f6vl\u0259t\u00e7ilik f\u0259aliyy\u0259tind\u0259n b\u0259hs ed\u0259n videofilm n\u00fcmayi\u015f olunub.<\/p>\n\n\n\n<p>T\u0259dbiri a\u00e7\u0131q elan ed\u0259n D\u0130A-n\u0131n rektoru, akademik Urxan \u018fl\u0259kb\u0259rov ulu \u00f6nd\u0259r Heyd\u0259r \u018fliyevin Az\u0259rbaycan\u0131n m\u00fcasir siyasi tarixind\u0259ki \u0259v\u0259zolunmaz xidm\u0259tl\u0259rind\u0259n dan\u0131\u015f\u0131b. M\u00fcasir iqtisadi inki\u015faf\u0131m\u0131z\u0131n \u0259sas\u0131n\u0131 t\u0259\u015fkil ed\u0259n Heyd\u0259r \u018fliyev neft strategiyas\u0131n\u0131n v\u0259 \u201c\u018fsrin m\u00fcqavil\u0259si\u201dnin imzalanmas\u0131n\u0131n \u0259h\u0259miyy\u0259tini x\u00fcsusi qeyd ed\u0259n rektor bildirib ki, Prezident \u0130lham \u018fliyev Ulu \u00d6nd\u0259rin siyas\u0259tini v\u0259 yolunu yeni m\u00fcst\u0259vid\u0259 u\u011furla davam etdirir. Bu g\u00fcn Az\u0259rbaycan d\u00fcnyada tan\u0131nan, beyn\u0259lxalq m\u00fcnasib\u0259tl\u0259rd\u0259 \u00f6z s\u00f6z\u00fc v\u0259 yeri olan, dinamik inki\u015faf ed\u0259n modern v\u0259 g\u00fccl\u00fc d\u00f6vl\u0259t\u0259 \u00e7evrilib.<\/p>\n\n\n\n<p>Rektor qeyd edib ki, Az\u0259rbaycan\u0131n m\u00fcasir tarixind\u0259 ulu \u00f6nd\u0259r Heyd\u0259r \u018fliyevin m\u00fcst\u0259sna xidm\u0259tl\u0259rinin ictimai-siyasi mahiyy\u0259ti h\u0259l\u0259 uzun ill\u0259r t\u0259dqiqat\u00e7\u0131lar\u0131n diqq\u0259t m\u0259rk\u0259zind\u0259 olacaq. M\u00fcasir Az\u0259rbaycan d\u00f6vl\u0259tinin memar\u0131 v\u0259 qurucusu Heyd\u0259r \u018fliyevin xatir\u0259si daim xalq\u0131m\u0131z\u0131n yadda\u015f\u0131nda, \u00fcr\u0259kl\u0259rd\u0259 ya\u015fayacaq.<\/p>\n\n\n\n<p>YAP S\u0259bail rayon t\u0259\u015fkilat\u0131n\u0131n s\u0259dri, professor \u015e\u0259ms\u0259ddin Hac\u0131yev b\u00fct\u00fcn varl\u0131\u011f\u0131 il\u0259 m\u00fcst\u0259qil Az\u0259rbaycan d\u00f6vl\u0259t\u00e7iliyin\u0259 ba\u011fl\u0131 olan \u00fcmummilli lider Heyd\u0259r \u018fliyevin \u00f6lk\u0259miz\u0259 r\u0259hb\u0259rlik etdiyi d\u00f6vrl\u0259rd\u0259 taleyin h\u00f6km\u00fc il\u0259 xalq\u0131m\u0131z v\u0259 milli d\u00f6vl\u0259t\u00e7iliyimiz \u00fc\u00e7\u00fcn yerin\u0259 yetirdiyi b\u00f6y\u00fck tarixi missiyalardan dan\u0131\u015f\u0131b. Bildirib ki, dinamik inki\u015faf ed\u0259n v\u0259 ild\u0259n-il\u0259 siyasi, iqtisadi, beyn\u0259lxalq n\u00fcfuzu y\u00fcks\u0259l\u0259n m\u00fcasir Az\u0259rbaycan\u0131n m\u00fcst\u0259qillik d\u00f6vr\u00fcnd\u0259 \u0259ld\u0259 etdiyi b\u00fct\u00fcn u\u011furlar\u0131n b\u00fcn\u00f6vr\u0259si dahi siyas\u0259t\u00e7i v\u0259 g\u00f6rk\u0259mli d\u00f6vl\u0259t xadimi Heyd\u0259r \u018fliyev amili v\u0259 Heyd\u0259r \u018fliyev \u015f\u0259xsiyy\u0259ti il\u0259 ba\u011fl\u0131d\u0131r. \u015e\u0259ms\u0259ddin Hac\u0131yev vur\u011fulay\u0131b ki, zaman ke\u00e7dikc\u0259 biz Heyd\u0259r \u018fliyev d\u00fchas\u0131n\u0131n \u0259z\u0259m\u0259tini, b\u00f6y\u00fckl\u00fcy\u00fcn\u00fc daha \u00e7ox hiss edir, h\u0259yata ke\u00e7irdiyi \u00e7ox\u015fax\u0259li i\u015fl\u0259rin, xalq\u0131m\u0131z v\u0259 m\u00fcst\u0259qil d\u00f6vl\u0259t\u00e7iliyimiz \u00fc\u00e7\u00fcn \u0259n \u00e7\u0259tin, taley\u00fckl\u00fc anlarda yerin\u0259 yetirdiyi xilaskarl\u0131q missiyalar\u0131n n\u0259h\u0259ngliyini daha d\u0259rind\u0259n d\u0259rk edirik. Az\u0259rbaycan xalq\u0131 ulu \u00f6nd\u0259r Heyd\u0259r \u018fliyevin \u0259b\u0259diya\u015far xatir\u0259sini ehtiramla ya\u015fad\u0131r.<\/p>\n\n\n\n<p>\u015e\u0259ms\u0259ddin Hac\u0131yev ulu \u00f6nd\u0259r Heyd\u0259r \u018fliyevin z\u0259ngin d\u00f6vl\u0259t\u00e7ilik v\u0259 idar\u0259\u00e7ilik irsi haqq\u0131nda t\u0259dbir i\u015ftirak\u00e7\u0131lar\u0131na xronoloji ard\u0131c\u0131ll\u0131qla geni\u015f v\u0259 \u0259trafl\u0131 m\u0259lumat verib. O qeyd edib ki, sovet d\u00f6vr\u00fcnd\u0259 Heyd\u0259r \u018fliyev yaln\u0131z \u015f\u0259xsi bacar\u0131\u011f\u0131, istedad\u0131 v\u0259 i\u015fg\u00fczarl\u0131\u011f\u0131 il\u0259 g\u0259nc ya\u015flar\u0131ndan etibar\u0259n d\u00fcnyan\u0131 idar\u0259 ed\u0259n iki n\u0259h\u0259ng d\u00f6vl\u0259td\u0259n birinin \u0259n y\u00fcks\u0259k r\u0259hb\u0259r v\u0259zif\u0259l\u0259rin\u0259 q\u0259d\u0259r y\u00fcks\u0259l\u0259n ilk m\u00fcs\u0259lman-t\u00fcrk, az\u0259rbaycanl\u0131 olub. Ulu \u00d6nd\u0259r 1969-cu ild\u0259 m\u00fctt\u0259fiq respublikalar aras\u0131nda \u0259n gerid\u0259 qalm\u0131\u015f aqrar-xammal \u00f6lk\u0259l\u0259rind\u0259n biri olan Az\u0259rbaycana r\u0259hb\u0259r t\u0259yin olunmas\u0131ndan sonra c\u0259mi 13 il \u0259rzind\u0259 Az\u0259rbaycan SSR-ni sovet respublikalar\u0131 s\u0131ras\u0131nda \u0259n s\u00fcr\u0259tl\u0259 inki\u015faf ed\u0259n v\u0259 \u00f6z\u00fcn\u00fc tam t\u0259min ed\u0259n aqrar-s\u0259naye respublikas\u0131na \u00e7evrib. SSR\u0130 kimi f\u00f6vq\u0259ld\u00f6vl\u0259td\u0259 y\u00fcks\u0259k m\u0259suliyy\u0259t t\u0259l\u0259b ed\u0259n elm, t\u0259hsil, m\u0259d\u0259niyy\u0259t, n\u0259qliyyat, ma\u015f\u0131nqay\u0131rma, d\u0259mir yollar\u0131 v\u0259 dig\u0259r m\u00fch\u00fcm strateji sah\u0259l\u0259r\u0259 m\u0259hz Heyd\u0259r \u018fliyev r\u0259hb\u0259rlik edib v\u0259 bu sah\u0259l\u0259rin inki\u015faf\u0131nda \u0259h\u0259miyy\u0259tli n\u0259tic\u0259l\u0259r \u0259ld\u0259 edilib. Az\u0259rbaycan m\u00fcst\u0259qilliyini b\u0259rpa etdikd\u0259n sonra Heyd\u0259r \u018fliyevin xalq\u0131n ist\u0259yi v\u0259 d\u0259st\u0259yi il\u0259 1993-c\u00fc ilin iyununda Az\u0259rbaycanda hakimiyy\u0259t\u0259 g\u0259lm\u0259si onun tarixi qurtulu\u015f missiyas\u0131n\u0131n ba\u015flan\u011f\u0131c\u0131d\u0131r. 1992-ci il noyabr\u0131n 21-d\u0259 Heyd\u0259r \u018fliyevin t\u0259\u015f\u0259bb\u00fcs\u00fc v\u0259 bilavasit\u0259 r\u0259hb\u0259rliyi il\u0259 Yeni Az\u0259rbaycan Partiyas\u0131n\u0131n t\u0259sis olunmas\u0131 v\u0259 q\u0131sa m\u00fcdd\u0259td\u0259 xalq\u0131n d\u0259st\u0259yi il\u0259 iqtidar partiyas\u0131na \u00e7evrilm\u0259si Az\u0259rbaycan\u0131n siyasi tarixind\u0259 m\u00fch\u00fcm hadis\u0259dir.<\/p>\n\n\n\n<p>Bildirilib ki, Az\u0259rbaycana r\u0259hb\u0259rlik etdiyi 10 il \u0259rzind\u0259 Ulu \u00d6nd\u0259r \u00f6lk\u0259mizi d\u00fc\u015fd\u00fcy\u00fc b\u0259lalardan, m\u0259hv olmaq v\u0259 d\u00fcnyan\u0131n siyasi x\u0259rit\u0259sind\u0259n silinm\u0259k t\u0259hl\u00fck\u0259sind\u0259n xilas edib. \u00dcmummilli lider Heyd\u0259r \u018fliyev son d\u0259r\u0259c\u0259 m\u00fcr\u0259kk\u0259b siyasi v\u0259 iqtisadi \u015f\u0259raitd\u0259 Az\u0259rbaycan\u0131n m\u00fcst\u0259qilliyini qoruyub, m\u00f6hk\u0259ml\u0259ndirib v\u0259 \u00f6lk\u0259mizi iqtisadi t\u0259n\u0259zz\u00fcld\u0259n s\u00fcr\u0259tli inki\u015faf v\u0259 t\u0259r\u0259qqi yoluna \u00e7\u0131xar\u0131b.<\/p>\n\n\n\n<p>\u015e\u0259ms\u0259ddin Hac\u0131yev Heyd\u0259r \u018fliyevin m\u00fcasir m\u00fcst\u0259qil Az\u0259rbaycan d\u00f6vl\u0259t\u00e7iliyinin inki\u015faf\u0131 \u00fc\u00e7\u00fcn haz\u0131rlad\u0131\u011f\u0131 fundamental siyasi v\u0259 iqtisadi bazan\u0131n t\u0259rkib elementl\u0259rini t\u0259hlil edib. O, Ulu \u00d6nd\u0259rin misilsiz xidm\u0259tl\u0259ri s\u0131ras\u0131nda 1994-c\u00fc ild\u0259 Az\u0259rbaycan \u00fc\u00e7\u00fcn \u0259lveri\u015fli \u015f\u0259rtl\u0259rl\u0259 \u201c\u018fsrin m\u00fcqavil\u0259si\u201dnin imzalanmas\u0131n\u0131n, 1995-ci ild\u0259 \u0259sl sivil, m\u00fcasir t\u0259l\u0259bl\u0259r\u0259 cavab ver\u0259n v\u0259 sonradan d\u00f6vl\u0259tin b\u00fct\u00fcn qanunvericilik bazas\u0131n\u0131n yarad\u0131lmas\u0131nda h\u0259lledici rol oynayan m\u00fcst\u0259qil Az\u0259rbaycan\u0131n yeni Konstitusiyas\u0131n\u0131n haz\u0131rlanmas\u0131n\u0131n v\u0259 q\u0259bulunun, \u00f6lk\u0259d\u0259 bazar iqtisadiyyat\u0131na ke\u00e7id \u00fc\u00e7\u00fcn z\u0259ruri institutlar\u0131n v\u0259 infrastrukturun yarad\u0131lmas\u0131n\u0131n, c\u0259miyy\u0259t h\u0259yat\u0131n\u0131n b\u00fct\u00fcn sah\u0259l\u0259rini \u0259hat\u0259 ed\u0259n geni\u015f v\u0259 sistemli islahatlar proqram\u0131n\u0131n h\u0259yata ke\u00e7irilm\u0259sinin, el\u0259c\u0259 d\u0259 h\u0259min d\u00f6vrd\u0259 Az\u0259rbaycan\u0131n milli v\u0259 az\u0259rbaycan\u00e7\u0131l\u0131q ideologiyas\u0131n\u0131n formala\u015fd\u0131r\u0131lmas\u0131n\u0131n v\u0259 b\u00fct\u00fcn c\u0259miyy\u0259tin bu ideyalar \u0259traf\u0131nda birl\u0259\u015fdirilm\u0259sinin \u0259h\u0259miyy\u0259tini vur\u011fulay\u0131b.<\/p>\n\n\n\n<p>Ulu \u00f6nd\u0259r Heyd\u0259r \u018fliyevin Az\u0259rbaycan xalq\u0131 qar\u015f\u0131s\u0131ndak\u0131 daha bir tarixi missiyas\u0131n\u0131n sa\u011fl\u0131\u011f\u0131nda \u00f6z\u00fcn\u00fcn siyasi varisini m\u00fc\u0259yy\u0259nl\u0259\u015fdirm\u0259si oldu\u011funu diqq\u0259t\u0259 \u00e7atd\u0131ran \u015e\u0259ms\u0259ddin Hac\u0131yev qeyd edib ki, zaman bu se\u00e7imin n\u0259 d\u0259r\u0259c\u0259d\u0259 d\u00fczg\u00fcn, m\u00fcdrik v\u0259 uzaqg\u00f6r\u0259n q\u0259rar oldu\u011funu s\u00fcbuta yetirib. Az\u0259rbaycan xalq\u0131na firavan h\u0259yat v\u0259 g\u00fccl\u00fc d\u00f6vl\u0259t b\u0259x\u015f etmi\u015f Heyd\u0259r \u018fliyev siyas\u0259ti bu g\u00fcn Prezident \u0130lham \u018fliyev t\u0259r\u0259find\u0259n tamamil\u0259 yeni keyfiyy\u0259t m\u00fcst\u0259visind\u0259 d\u00fcnyada ged\u0259n prosesl\u0259r v\u0259 yeni \u00e7a\u011f\u0131r\u0131\u015flar \u0259sas\u0131nda u\u011furla davam etdirilir. \u00d6lk\u0259 ba\u015f\u00e7\u0131s\u0131n\u0131n r\u0259hb\u0259rliyi il\u0259 Az\u0259rbaycanda son 16 ild\u0259 m\u00f6ht\u0259\u015f\u0259m i\u015fl\u0259r g\u00f6r\u00fcl\u00fcb, \u0259n b\u00f6y\u00fck d\u0259y\u0259rimiz olan ictimai-siyasi sabitliyimiz t\u0259min olunub, iqtisadiyyat\u0131m\u0131z s\u00fcr\u0259tl\u0259 inki\u015faf edib, beyn\u0259lxalq al\u0259md\u0259 Az\u0259rbaycan etibarl\u0131 t\u0259r\u0259fda\u015f imici qazan\u0131b. 2018-ci ild\u0259n etibar\u0259n \u00f6lk\u0259mizd\u0259 davaml\u0131, tarazl\u0131, \u015fax\u0259l\u0259ndirilmi\u015f inki\u015faf v\u0259 c\u0259miyy\u0259t h\u0259yat\u0131n\u0131n b\u00fct\u00fcn sah\u0259l\u0259rini \u0259hat\u0259 ed\u0259n \u0259sasl\u0131 islahatlar h\u0259yata ke\u00e7irilir v\u0259 m\u00fcsb\u0259t n\u0259tic\u0259l\u0259r d\u0259 g\u00f6z \u00f6n\u00fcnd\u0259dir. Az\u0259rbaycan \u00f6z inki\u015faf yolu il\u0259 gedir, bu yol Heyd\u0259r \u018fliyev yolu v\u0259 \u0130lham \u018fliyevin c\u0259sar\u0259tli, m\u00fcst\u0259qil, uzaqg\u00f6r\u0259n siyas\u0259t yoludur. Bu siyas\u0259t Az\u0259rbaycan\u0131 g\u0259l\u0259c\u0259kd\u0259 d\u0259 \u00e7ox u\u011furlara aparacaq.<\/p>\n\n\n\n<p>Ulu \u00f6nd\u0259r Heyd\u0259r \u018fliyevi bir daha q\u00fcrurla v\u0259 ehtiramla yad ed\u0259n \u015e\u0259ms\u0259ddin Hac\u0131yev vur\u011fulay\u0131b ki, Az\u0259rbaycan xalq\u0131n\u0131n dahi o\u011flu Heyd\u0259r \u018fliyev tarixi \u015f\u0259xsiyy\u0259t olmaqla yana\u015f\u0131, h\u0259m d\u0259 tarixin gedi\u015fini d\u0259yi\u015f\u0259n v\u0259 Az\u0259rbaycan\u0131n yeni tarixini yaradan \u015f\u0259xsiyy\u0259tdir. N\u0259 q\u0259d\u0259r Az\u0259rbaycan varsa, Heyd\u0259r \u018fliyev ideyalar\u0131 da ya\u015fayacaq v\u0259 Heyd\u0259r \u018fliyevin qurub yaratd\u0131\u011f\u0131 Az\u0259rbaycan vaxt g\u0259l\u0259c\u0259k ki, d\u00fcnyan\u0131n \u0259n inki\u015faf etmi\u015f \u00f6lk\u0259l\u0259rind\u0259n olacaq.<\/p>\n\n\n\n<p>T\u0259dbird\u0259 \u00e7\u0131x\u0131\u015f ed\u0259n D\u0130A-n\u0131n Siyasi idar\u0259etm\u0259 fak\u00fclt\u0259sinin dekan\u0131, siyasi elml\u0259r doktoru, professor El\u00e7in \u018fhm\u0259dov bildirib ki, otuz be\u015f il\u0259 yax\u0131n bir m\u00fcdd\u0259td\u0259 Az\u0259rbaycan\u0131n taleyi dahi \u015f\u0259xsiyy\u0259t, g\u00f6rk\u0259mli d\u00f6vl\u0259t xadimi Heyd\u0259r \u018fliyevl\u0259 ba\u011fl\u0131 olub. \u00dcmummilli lider Heyd\u0259r \u018fliyevin z\u0259ngin irsi m\u00fcst\u0259qil Az\u0259rbaycan d\u00f6vl\u0259tinin inki\u015faf v\u0259 t\u0259r\u0259qqisi yolunda, indiki v\u0259 g\u0259l\u0259c\u0259k n\u0259sill\u0259r \u00fc\u00e7\u00fcn \u0259v\u0259zsiz s\u0259rv\u0259t, b\u00f6y\u00fck q\u00fcrur v\u0259 iftixar m\u0259nb\u0259yidir. Bu irsi \u00f6yr\u0259nm\u0259k v\u0259 t\u0259bli\u011f etm\u0259k bizim h\u0259r birimizin m\u0259sul v\u0259 \u015f\u0259r\u0259fli borcudur. \u00dcmummilli lider Heyd\u0259r \u018fliyevin m\u00fcdrik r\u0259hb\u0259rliyi, h\u0259yata ke\u00e7irdiyi d\u00fc\u015f\u00fcn\u00fclm\u00fc\u015f, m\u0259qs\u0259dy\u00f6nl\u00fc t\u0259dbirl\u0259ri hesab\u0131na 1969-1982-ci ill\u0259r Az\u0259rbaycan\u0131n intibah d\u00f6vr\u00fc kimi tarix\u0259 d\u00fc\u015f\u00fcb.<\/p>\n\n\n\n<p>Professor El\u00e7in \u018fhm\u0259dov qeyd edib ki, 1993-c\u00fc ilin ikinci yar\u0131s\u0131nda \u00fcmummilli lider Heyd\u0259r \u018fliyevin yenid\u0259n hakimiyy\u0259t\u0259 qay\u0131d\u0131\u015f\u0131 Az\u0259rbaycanda m\u00fcst\u0259qil d\u00f6vl\u0259t\u00e7ilik ideyalar\u0131n\u0131n b\u0259rq\u0259rar olmas\u0131na \u015f\u0259rait yarad\u0131b. \u00dcmummilli lider Heyd\u0259r \u018fliyevin \u00f6lk\u0259miz\u0259 r\u0259hb\u0259rlik etdiyi 1993-2003-c\u00fc ill\u0259rd\u0259 respublikam\u0131z \u00fc\u00e7\u00fcn h\u0259lledici ill\u0259r olub. M\u0259hz h\u0259min ill\u0259rd\u0259 d\u00f6vl\u0259t\u00e7iliyimizin m\u00f6hk\u0259m t\u0259m\u0259li qoyulub. O ill\u0259rd\u0259 Az\u0259rbaycan\u0131n ist\u0259r daxili, ist\u0259rs\u0259 d\u0259 xarici siyas\u0259tl\u0259 ba\u011fl\u0131 strateji x\u0259tti m\u00fc\u0259yy\u0259n edilib, Az\u0259rbaycan d\u00fcnya birliyin\u0259 qovu\u015fub.<\/p>\n\n\n\n<p>\u00dcmummilli lider Heyd\u0259r \u018fliyev t\u0259r\u0259find\u0259n \u0259sas\u0131 qoyulmu\u015f siyasi kursun son 16 ild\u0259 Prezident \u0130lham \u018fliyev t\u0259r\u0259find\u0259n dinamik \u015f\u0259kild\u0259 v\u0259 novatorcas\u0131na inki\u015faf etdirilm\u0259si n\u0259tic\u0259sind\u0259 Az\u0259rbaycan\u0131n \u00e7ox b\u00f6y\u00fck u\u011furlara imza atmas\u0131 \u00f6lk\u0259mizin d\u00fcnya birliyind\u0259 m\u00f6vqel\u0259rinin y\u00fcks\u0259lm\u0259sini t\u0259min edib. H\u0259yata ke\u00e7iril\u0259n qlobalmiqyasl\u0131 t\u0259dbirl\u0259r bu g\u00fcn Az\u0259rbaycan\u0131n d\u00fcnya miqyas\u0131nda n\u00fcfuzunu xeyli art\u0131r\u0131b, \u00f6lk\u0259mizin C\u0259nubi Qafqaz regionunda lider d\u00f6vl\u0259t\u0259 \u00e7evrilm\u0259sini \u015f\u0259rtl\u0259ndirib.<\/p>\n\n\n\n<p>Siyasi idar\u0259etm\u0259 fak\u00fclt\u0259sinin III kurs t\u0259l\u0259b\u0259si \u0130lah\u0259 Balaki\u015fiyeva bildirib ki, \u00dcmummilli Liderin z\u0259ngin d\u00f6vl\u0259t\u00e7ilik irsi g\u0259ncl\u0259r \u00fc\u00e7\u00fcn b\u00f6y\u00fck n\u00fcmun\u0259 t\u0259\u015fkil edib. Heyd\u0259r \u018fliyevin \u015fah \u0259s\u0259ri olan m\u00fcasir Az\u0259rbaycan h\u0259r bir g\u0259nc \u00fc\u00e7\u00fcn f\u0259xr v\u0259 q\u00fcrur m\u0259nb\u0259yidir. \u00d6lk\u0259mizd\u0259 Ulu \u00d6nd\u0259rin \u0259sas\u0131n\u0131 qoydu\u011fu d\u00f6vl\u0259t g\u0259ncl\u0259r siyas\u0259ti Prezident \u0130lham \u018fliyev t\u0259r\u0259find\u0259n layiqinc\u0259 davam etdirilir. Bu g\u00fcn v\u0259t\u0259np\u0259rv\u0259rlik ruhunda formala\u015fan Az\u0259rbaycan g\u0259ncliyi \u00f6lk\u0259mizin son 16 ild\u0259 \u0259ld\u0259 etdiyi misilsiz nailiyy\u0259tl\u0259rind\u0259n ruhlan\u0131r v\u0259 onlara g\u00f6st\u0259ril\u0259n y\u00fcks\u0259k etimada layiq olma\u011fa \u00e7al\u0131\u015f\u0131r.<\/p>\n\n\n\n<p>T\u0259dbird\u0259 D\u00f6vl\u0259t \u0130dar\u0259\u00e7ilik Akademiyas\u0131n\u0131n YAP-\u0131n s\u0131ralar\u0131na yeni q\u0259bul olunan t\u0259l\u0259b\u0259l\u0259rin\u0259 partiya \u00fczvl\u00fck v\u0259siq\u0259l\u0259ri t\u0259qdim olunub.<\/p>\n\n\n\n<figure class=\"wp-container-2 wp-block-gallery-1 wp-block-gallery columns-3 is-cropped\"><ul class=\"blocks-gallery-grid\"><li class=\"blocks-gallery-item\"><figure><img width=\"640\" height=\"424\" src=\"https:\/\/dia.edu.az\/wp-content\/uploads\/2021\/03\/1-51.jpg\" alt=\"\" data-id=\"5074\" data-full-url=\"https:\/\/dia.edu.az\/wp-content\/uploads\/2021\/03\/1-51.jpg\" data-link=\"https:\/\/dia.edu.az\/?attachment_id=5074\" class=\"wp-image-5074\" srcset=\"https:\/\/legacy.dia.edu.az\/wp-content\/uploads\/2021\/03\/1-51.jpg 640w, https:\/\/legacy.dia.edu.az\/wp-content\/uploads\/2021\/03\/1-51-300x199.jpg 300w, https:\/\/legacy.dia.edu.az\/wp-content\/uploads\/2021\/03\/1-51-150x100.jpg 150w, https:\/\/legacy.dia.edu.az\/wp-content\/uploads\/2021\/03\/1-51-300x199@2x.jpg 600w\" sizes=\"(max-width: 640px) 100vw, 640px\" \/><\/figure><\/li><li class=\"blocks-gallery-item\"><figure><img width=\"640\" height=\"424\" src=\"https:\/\/dia.edu.az\/wp-content\/uploads\/2021\/03\/2-48.jpg\" alt=\"\" data-id=\"5077\" data-full-url=\"https:\/\/dia.edu.az\/wp-content\/uploads\/2021\/03\/2-48.jpg\" data-link=\"https:\/\/dia.edu.az\/?attachment_id=5077\" class=\"wp-image-5077\" srcset=\"https:\/\/legacy.dia.edu.az\/wp-content\/uploads\/2021\/03\/2-48.jpg 640w, https:\/\/legacy.dia.edu.az\/wp-content\/uploads\/2021\/03\/2-48-300x199.jpg 300w, https:\/\/legacy.dia.edu.az\/wp-content\/uploads\/2021\/03\/2-48-150x100.jpg 150w, https:\/\/legacy.dia.edu.az\/wp-content\/uploads\/2021\/03\/2-48-300x199@2x.jpg 600w\" sizes=\"(max-width: 640px) 100vw, 640px\" \/><\/figure><\/li><li class=\"blocks-gallery-item\"><figure><img width=\"640\" height=\"424\" src=\"https:\/\/dia.edu.az\/wp-content\/uploads\/2021\/03\/3-48.jpg\" alt=\"\" data-id=\"5080\" data-full-url=\"https:\/\/dia.edu.az\/wp-content\/uploads\/2021\/03\/3-48.jpg\" data-link=\"https:\/\/dia.edu.az\/?attachment_id=5080\" class=\"wp-image-5080\" srcset=\"https:\/\/legacy.dia.edu.az\/wp-content\/uploads\/2021\/03\/3-48.jpg 640w, https:\/\/legacy.dia.edu.az\/wp-content\/uploads\/2021\/03\/3-48-300x199.jpg 300w, https:\/\/legacy.dia.edu.az\/wp-content\/uploads\/2021\/03\/3-48-150x100.jpg 150w, https:\/\/legacy.dia.edu.az\/wp-content\/uploads\/2021\/03\/3-48-300x199@2x.jpg 600w\" sizes=\"(max-width: 640px) 100vw, 640px\" \/><\/figure><\/li><li class=\"blocks-gallery-item\"><figure><img width=\"640\" height=\"428\" src=\"https:\/\/dia.edu.az\/wp-content\/uploads\/2021\/03\/4-41.jpg\" alt=\"\" data-id=\"5083\" data-full-url=\"https:\/\/dia.edu.az\/wp-content\/uploads\/2021\/03\/4-41.jpg\" data-link=\"https:\/\/dia.edu.az\/?attachment_id=5083\" class=\"wp-image-5083\" srcset=\"https:\/\/legacy.dia.edu.az\/wp-content\/uploads\/2021\/03\/4-41.jpg 640w, https:\/\/legacy.dia.edu.az\/wp-content\/uploads\/2021\/03\/4-41-300x201.jpg 300w, https:\/\/legacy.dia.edu.az\/wp-content\/uploads\/2021\/03\/4-41-150x100.jpg 150w, https:\/\/legacy.dia.edu.az\/wp-content\/uploads\/2021\/03\/4-41-300x201@2x.jpg 600w\" sizes=\"(max-width: 640px) 100vw, 640px\" \/><\/figure><\/li><li class=\"blocks-gallery-item\"><figure><img width=\"640\" height=\"407\" src=\"https:\/\/dia.edu.az\/wp-content\/uploads\/2021\/03\/5-32.jpg\" alt=\"\" data-id=\"5086\" data-full-url=\"https:\/\/dia.edu.az\/wp-content\/uploads\/2021\/03\/5-32.jpg\" data-link=\"https:\/\/dia.edu.az\/?attachment_id=5086\" class=\"wp-image-5086\" srcset=\"https:\/\/legacy.dia.edu.az\/wp-content\/uploads\/2021\/03\/5-32.jpg 640w, https:\/\/legacy.dia.edu.az\/wp-content\/uploads\/2021\/03\/5-32-300x191.jpg 300w, https:\/\/legacy.dia.edu.az\/wp-content\/uploads\/2021\/03\/5-32-410x260.jpg 410w, https:\/\/legacy.dia.edu.az\/wp-content\/uploads\/2021\/03\/5-32-300x191@2x.jpg 600w\" sizes=\"(max-width: 640px) 100vw, 640px\" \/><\/figure><\/li><li class=\"blocks-gallery-item\"><figure><img width=\"640\" height=\"424\" src=\"https:\/\/dia.edu.az\/wp-content\/uploads\/2021\/03\/6-24.jpg\" alt=\"\" data-id=\"5089\" data-full-url=\"https:\/\/dia.edu.az\/wp-content\/uploads\/2021\/03\/6-24.jpg\" data-link=\"https:\/\/dia.edu.az\/?attachment_id=5089\" class=\"wp-image-5089\" srcset=\"https:\/\/legacy.dia.edu.az\/wp-content\/uploads\/2021\/03\/6-24.jpg 640w, https:\/\/legacy.dia.edu.az\/wp-content\/uploads\/2021\/03\/6-24-300x199.jpg 300w, https:\/\/legacy.dia.edu.az\/wp-content\/uploads\/2021\/03\/6-24-150x100.jpg 150w, https:\/\/legacy.dia.edu.az\/wp-content\/uploads\/2021\/03\/6-24-300x199@2x.jpg 600w\" sizes=\"(max-width: 640px) 100vw, 640px\" \/><\/figure><\/li><li class=\"blocks-gallery-item\"><figure><img width=\"640\" height=\"424\" src=\"https:\/\/dia.edu.az\/wp-content\/uploads\/2021\/03\/7-14.jpg\" alt=\"\" data-id=\"5092\" data-full-url=\"https:\/\/dia.edu.az\/wp-content\/uploads\/2021\/03\/7-14.jpg\" data-link=\"https:\/\/dia.edu.az\/?attachment_id=5092\" class=\"wp-image-5092\" srcset=\"https:\/\/legacy.dia.edu.az\/wp-content\/uploads\/2021\/03\/7-14.jpg 640w, https:\/\/legacy.dia.edu.az\/wp-content\/uploads\/2021\/03\/7-14-300x199.jpg 300w, https:\/\/legacy.dia.edu.az\/wp-content\/uploads\/2021\/03\/7-14-150x100.jpg 150w, https:\/\/legacy.dia.edu.az\/wp-content\/uploads\/2021\/03\/7-14-300x199@2x.jpg 600w\" sizes=\"(max-width: 640px) 100vw, 640px\" \/><\/figure><\/li><\/ul><\/figure>","protected":false},"excerpt":{"rendered":"<p>D\u00f6vl\u0259t \u0130dar\u0259\u00e7ilik Akademiyas\u0131nda \u00fcmummilli lider Heyd\u0259r \u018fliyevin xatir\u0259si an\u0131l\u0131bDek 10 , 2019 &#8211; 03:14 Dekabr\u0131n 10-da Az\u0259rbaycan Respublikas\u0131n\u0131n Prezidenti yan\u0131nda D\u00f6vl\u0259t \u0130dar\u0259\u00e7ilik Akademiyas\u0131 v\u0259 Yeni Az\u0259rbaycan Partiyas\u0131 (YAP) S\u0259bail rayon t\u0259\u015fkilat\u0131n\u0131n birg\u0259 t\u0259\u015fkilat\u00e7\u0131l\u0131\u011f\u0131 il\u0259 m\u00fcasir m\u00fcst\u0259qil d\u00f6vl\u0259timizin qurucusu v\u0259 YAP-\u0131n yarad\u0131c\u0131s\u0131 ulu \u00f6nd\u0259r Heyd\u0259r \u018fliyevin \u0259b\u0259diya\u015far xatir\u0259sin\u0259 h\u0259sr olunan an\u0131m t\u0259dbiri ke\u00e7irilib. \u018fvv\u0259lc\u0259 Az\u0259rbaycan xalq\u0131n\u0131n [&hellip;]<\/p>","protected":false},"author":2,"featured_media":5086,"comment_status":"closed","ping_status":"closed","sticky":false,"template":"","format":"standard","meta":[],"categories":[137],"tags":[],"_links":{"self":[{"href":"https:\/\/legacy.dia.edu.az\/ru\/wp-json\/wp\/v2\/posts\/5073"}],"collection":[{"href":"https:\/\/legacy.dia.edu.az\/ru\/wp-json\/wp\/v2\/posts"}],"about":[{"href":"https:\/\/legacy.dia.edu.az\/ru\/wp-json\/wp\/v2\/types\/post"}],"author":[{"embeddable":true,"href":"https:\/\/legacy.dia.edu.az\/ru\/wp-json\/wp\/v2\/users\/2"}],"replies":[{"embeddable":true,"href":"https:\/\/legacy.dia.edu.az\/ru\/wp-json\/wp\/v2\/comments?post=5073"}],"version-history":[{"count":0,"href":"https:\/\/legacy.dia.edu.az\/ru\/wp-json\/wp\/v2\/posts\/5073\/revisions"}],"wp:featuredmedia":[{"embeddable":true,"href":"https:\/\/legacy.dia.edu.az\/ru\/wp-json\/wp\/v2\/media\/5086"}],"wp:attachment":[{"href":"https:\/\/legacy.dia.edu.az\/ru\/wp-json\/wp\/v2\/media?parent=5073"}],"wp:term":[{"taxonomy":"category","embeddable":true,"href":"https:\/\/legacy.dia.edu.az\/ru\/wp-json\/wp\/v2\/categories?post=5073"},{"taxonomy":"post_tag","embeddable":true,"href":"https:\/\/legacy.dia.edu.az\/ru\/wp-json\/wp\/v2\/tags?post=5073"}],"curies":[{"name":"wp","href":"https:\/\/api.w.org\/{rel}","templated":true}]}}