{"id":5067,"date":"2019-12-11T02:46:00","date_gmt":"2019-12-10T23:46:00","guid":{"rendered":"https:\/\/dia.edu.az\/?p=5067"},"modified":"2021-03-09T02:47:05","modified_gmt":"2021-03-08T23:47:05","slug":"heyd%c9%99r-%c9%99liyevin-idar%c9%99cilik-m%c9%99kt%c9%99bi-az%c9%99rbaycanin-davamli-inkisafinin-t%c9%99m%c9%99li-v%c9%99-qarantidir","status":"publish","type":"post","link":"https:\/\/legacy.dia.edu.az\/ru\/arxivl\u0259r\/5067","title":{"rendered":"Heyd\u0259r \u018fliyevin idar\u0259\u00e7ilik m\u0259kt\u0259bi Az\u0259rbaycan\u0131n davaml\u0131 inki\u015faf\u0131n\u0131n t\u0259m\u0259li v\u0259 qarant\u0131d\u0131r"},"content":{"rendered":"<p><strong>Heyd\u0259r \u018fliyevin idar\u0259\u00e7ilik m\u0259kt\u0259bi Az\u0259rbaycan\u0131n davaml\u0131 inki\u015faf\u0131n\u0131n t\u0259m\u0259li v\u0259 qarant\u0131d\u0131r<\/strong><br><em>Dek 11 , 2019 &#8211; 04:01<\/em><\/p>\n\n\n\n<p>Az\u0259rbaycan Respublikas\u0131n\u0131n Prezidenti yan\u0131nda D\u00f6vl\u0259t \u0130dar\u0259\u00e7ilik Akademiyas\u0131n\u0131n rektoru, akademik Urxan \u018fl\u0259kb\u0259rovun yeni m\u0259qal\u0259si \u00e7ap olunub.&nbsp;<\/p>\n\n\n\n<p>daha \u0259trafl\u0131&nbsp;:&nbsp; &nbsp;&nbsp;<a href=\"http:\/\/www.azerbaijan-news.az\/uploads\/1576013182.pdf?fbclid=IwAR3v9iAJsqFvQqCEjzFtemZ8fLpRJikZect-v_gw_cdnL7XuDMKwUS2OiJ0\">&#8220;Heyd\u0259r \u018fliyevin&nbsp; idar\u0259\u00e7ilik m\u0259kt\u0259bi Az\u0259rbaycan\u0131n davaml\u0131 inki\u015faf\u0131n\u0131n t\u0259m\u0259li v\u0259&nbsp; &nbsp; &nbsp;<\/a><\/p>\n\n\n\n<p>&nbsp; &nbsp; &nbsp; &nbsp; &nbsp; &nbsp; &nbsp; &nbsp; &nbsp; &nbsp; &nbsp; &nbsp;<a href=\"http:\/\/www.azerbaijan-news.az\/uploads\/1576013182.pdf?fbclid=IwAR3v9iAJsqFvQqCEjzFtemZ8fLpRJikZect-v_gw_cdnL7XuDMKwUS2OiJ0\">qarant\u0131d\u0131r&#8221;&nbsp;<\/a><\/p>","protected":false},"excerpt":{"rendered":"<p>Heyd\u0259r \u018fliyevin idar\u0259\u00e7ilik m\u0259kt\u0259bi Az\u0259rbaycan\u0131n davaml\u0131 inki\u015faf\u0131n\u0131n t\u0259m\u0259li v\u0259 qarant\u0131d\u0131rDek 11 , 2019 &#8211; 04:01 Az\u0259rbaycan Respublikas\u0131n\u0131n Prezidenti yan\u0131nda D\u00f6vl\u0259t \u0130dar\u0259\u00e7ilik Akademiyas\u0131n\u0131n rektoru, akademik Urxan \u018fl\u0259kb\u0259rovun yeni m\u0259qal\u0259si \u00e7ap olunub.&nbsp; daha \u0259trafl\u0131&nbsp;:&nbsp; &nbsp;&nbsp;&#8220;Heyd\u0259r \u018fliyevin&nbsp; idar\u0259\u00e7ilik m\u0259kt\u0259bi Az\u0259rbaycan\u0131n davaml\u0131 inki\u015faf\u0131n\u0131n t\u0259m\u0259li v\u0259&nbsp; &nbsp; &nbsp; &nbsp; &nbsp; &nbsp; &nbsp; &nbsp; &nbsp; &nbsp; &nbsp; &nbsp; &nbsp; &nbsp; &nbsp;qarant\u0131d\u0131r&#8221;&nbsp;<\/p>","protected":false},"author":2,"featured_media":5068,"comment_status":"closed","ping_status":"closed","sticky":false,"template":"","format":"standard","meta":[],"categories":[137],"tags":[],"_links":{"self":[{"href":"https:\/\/legacy.dia.edu.az\/ru\/wp-json\/wp\/v2\/posts\/5067"}],"collection":[{"href":"https:\/\/legacy.dia.edu.az\/ru\/wp-json\/wp\/v2\/posts"}],"about":[{"href":"https:\/\/legacy.dia.edu.az\/ru\/wp-json\/wp\/v2\/types\/post"}],"author":[{"embeddable":true,"href":"https:\/\/legacy.dia.edu.az\/ru\/wp-json\/wp\/v2\/users\/2"}],"replies":[{"embeddable":true,"href":"https:\/\/legacy.dia.edu.az\/ru\/wp-json\/wp\/v2\/comments?post=5067"}],"version-history":[{"count":0,"href":"https:\/\/legacy.dia.edu.az\/ru\/wp-json\/wp\/v2\/posts\/5067\/revisions"}],"wp:featuredmedia":[{"embeddable":true,"href":"https:\/\/legacy.dia.edu.az\/ru\/wp-json\/wp\/v2\/media\/5068"}],"wp:attachment":[{"href":"https:\/\/legacy.dia.edu.az\/ru\/wp-json\/wp\/v2\/media?parent=5067"}],"wp:term":[{"taxonomy":"category","embeddable":true,"href":"https:\/\/legacy.dia.edu.az\/ru\/wp-json\/wp\/v2\/categories?post=5067"},{"taxonomy":"post_tag","embeddable":true,"href":"https:\/\/legacy.dia.edu.az\/ru\/wp-json\/wp\/v2\/tags?post=5067"}],"curies":[{"name":"wp","href":"https:\/\/api.w.org\/{rel}","templated":true}]}}