{"id":5019,"date":"2019-10-18T02:39:00","date_gmt":"2019-10-17T23:39:00","guid":{"rendered":"https:\/\/dia.edu.az\/?p=5019"},"modified":"2021-03-09T02:40:50","modified_gmt":"2021-03-08T23:40:50","slug":"dia-da-dovl%c9%99t-must%c9%99qilliyi-gunun%c9%99-h%c9%99sr-olunan-elmi-praktik-konfrans","status":"publish","type":"post","link":"https:\/\/legacy.dia.edu.az\/ru\/arxivl\u0259r\/5019","title":{"rendered":"D\u0130A-da D\u00f6vl\u0259t M\u00fcst\u0259qilliyi G\u00fcn\u00fcn\u0259 h\u0259sr olunan elmi-praktik konfrans"},"content":{"rendered":"<p><strong>D\u0130A-da D\u00f6vl\u0259t M\u00fcst\u0259qilliyi G\u00fcn\u00fcn\u0259 h\u0259sr olunan elmi-praktik konfrans<\/strong><br><em>Okt 18 , 2019 &#8211; 08:46<\/em><\/p>\n\n\n\n<p>Oktyabr\u0131n 18-d\u0259 Az\u0259rbaycan Respublikas\u0131n\u0131n Prezidenti yan\u0131nda D\u00f6vl\u0259t \u0130dar\u0259\u00e7ilik Akademiyas\u0131nda 18 oktyabr &#8211; D\u00f6vl\u0259t M\u00fcst\u0259qilliyi G\u00fcn\u00fcn\u0259 h\u0259sr olunan elmi-praktik konfrans ke\u00e7irilib.<br>T\u0259dbird\u0259 D\u0130A-n\u0131n rektoru, akademik Urxan \u018fl\u0259kb\u0259rov \u00f6t\u0259n 28 il \u0259rzind\u0259 Az\u0259rbaycanda \u0259ld\u0259 edil\u0259n nailiyy\u0259tl\u0259rd\u0259n dan\u0131\u015f\u0131b, \u00f6lk\u0259nin u\u011furlu inki\u015faf\u0131 say\u0259sind\u0259 d\u00f6vl\u0259t\u00e7ilik \u0259n\u0259n\u0259l\u0259rimizin m\u00f6hk\u0259ml\u0259ndiyini, iqtisadi v\u0259 siyasi g\u00fcc\u00fcm\u00fcz\u00fcn artd\u0131\u011f\u0131n\u0131 bildirib. Qeyd edib ki, m\u00fcst\u0259qil Az\u0259rbaycan Respublikas\u0131 bu g\u00fcn h\u0259r bir soyda\u015f\u0131m\u0131z \u00fc\u00e7\u00fcn \u0259sl q\u00fcrur m\u0259nb\u0259yin\u0259 \u00e7evrilib.<br>U.\u018fl\u0259kb\u0259rov vur\u011fulay\u0131b ki, m\u00fcst\u0259qilliyin ilk ill\u0259rind\u0259 Az\u0259rbaycan d\u0259rin siyasi, iqtisadi v\u0259 sosial b\u00f6hranla yana\u015f\u0131, Erm\u0259nistan\u0131n h\u0259rbi t\u0259cav\u00fcz\u00fc, xalq\u0131m\u0131za qar\u015f\u0131 h\u0259yata ke\u00e7iril\u0259n etnik t\u0259mizl\u0259m\u0259 siyas\u0259ti il\u0259 \u00fczl\u0259\u015fib. Xalq\u0131m\u0131z\u0131n t\u0259kidli t\u0259l\u0259bi il\u0259 ulu \u00f6nd\u0259r Heyd\u0259r \u018fliyevin 1993-c\u00fc ild\u0259 hakimiyy\u0259t\u0259 qay\u0131d\u0131\u015f\u0131 v\u0259 apard\u0131\u011f\u0131 m\u00fcdrik siyas\u0259t n\u0259tic\u0259sind\u0259 \u00f6lk\u0259miz par\u00e7alanma t\u0259hl\u00fck\u0259sind\u0259n, v\u0259t\u0259nda\u015f m\u00fcharib\u0259sind\u0259n xilas edildi. H\u0259m\u00e7inin ictimai-siyasi sabitlik b\u0259rq\u0259rar oldu v\u0259 b\u00fct\u00fcn sah\u0259l\u0259rd\u0259 u\u011furlu islahatlar\u0131n ba\u015flanmas\u0131na z\u0259min yarad\u0131ld\u0131. D\u00f6vl\u0259t m\u00fcst\u0259qilliyinin ilk ill\u0259rind\u0259 \u201cM\u00fcst\u0259qilliyimiz d\u00f6nm\u0259zdir, \u0259b\u0259didir\u201d dey\u0259n \u00dcmummilli Liderin Az\u0259rbaycan\u0131n q\u00fcdr\u0259tli \u00f6lk\u0259y\u0259 \u00e7evrilm\u0259sin\u0259 y\u00f6n\u0259lmi\u015f m\u00fcdrik siyas\u0259ti bu g\u00fcn Prezident \u0130lham \u018fliyev t\u0259r\u0259find\u0259n u\u011furla davam etdirilir.<br>Elmi-praktik konfransda Milli M\u0259clisin deputat\u0131, Az\u0259rbaycan Respublikas\u0131n\u0131n Prezidenti yan\u0131nda D\u00f6vl\u0259t \u0130dar\u0259\u00e7ilik Akademiyas\u0131 Siyasi Ara\u015fd\u0131rmalar \u0130nstitutunun direktoru, professor Elman N\u0259sirov \u00e7\u0131x\u0131\u015f ed\u0259r\u0259k d\u00f6vl\u0259t m\u00fcst\u0259qilliyimizin b\u0259rpas\u0131 u\u011frunda ged\u0259n m\u00fcbariz\u0259l\u0259rd\u0259n, \u0259ld\u0259 olunan u\u011furlardan b\u0259hs edib. Professor m\u00fcasir m\u00fcst\u0259qil d\u00f6vl\u0259timizin qurulmas\u0131nda, m\u00f6hk\u0259ml\u0259nm\u0259sind\u0259 v\u0259 d\u00fcnyada tan\u0131nmas\u0131nda dahi r\u0259hb\u0259r Heyd\u0259r \u018fliyevin tarixi xidm\u0259tl\u0259rini vur\u011fulay\u0131b. Alim \u00f6lk\u0259mizd\u0259 qazan\u0131lan nailiyy\u0259tl\u0259rin ulu \u00f6nd\u0259r Heyd\u0259r \u018fliyev siyas\u0259tinin b\u0259hr\u0259si oldu\u011funu deyib.<br>D\u0130A-n\u0131n \u0130nzibati idar\u0259etm\u0259 fak\u00fclt\u0259sinin dekan\u0131, professor Xatir\u0259 H\u00fcseynova, tarix kafedras\u0131n\u0131n professoru Musa Quliyev v\u0259 dig\u0259r \u00e7\u0131x\u0131\u015f ed\u0259nl\u0259r 28 il \u0259vv\u0259l Az\u0259rbaycan\u0131n d\u00f6vl\u0259t m\u00fcst\u0259qilliyinin b\u0259rpa edilm\u0259sini xalq\u0131m\u0131z\u0131n tarixind\u0259 b\u00f6y\u00fck hadis\u0259 kimi qiym\u0259tl\u0259ndirib, \u00f6lk\u0259nin \u0259ld\u0259 etdiyi u\u011furlar bar\u0259d\u0259 fikirl\u0259rini b\u00f6l\u00fc\u015f\u00fcbl\u0259r.<\/p>\n\n\n\n<figure class=\"wp-container-2 wp-block-gallery-1 wp-block-gallery columns-3 is-cropped\"><ul class=\"blocks-gallery-grid\"><li class=\"blocks-gallery-item\"><figure><img width=\"1024\" height=\"683\" src=\"https:\/\/dia.edu.az\/wp-content\/uploads\/2021\/03\/1-49-1024x683.jpg\" alt=\"\" data-id=\"5030\" data-full-url=\"https:\/\/dia.edu.az\/wp-content\/uploads\/2021\/03\/1-49-scaled.jpg\" data-link=\"https:\/\/dia.edu.az\/?attachment_id=5030\" class=\"wp-image-5030\" srcset=\"https:\/\/legacy.dia.edu.az\/wp-content\/uploads\/2021\/03\/1-49-1024x683.jpg 1024w, https:\/\/legacy.dia.edu.az\/wp-content\/uploads\/2021\/03\/1-49-300x200.jpg 300w, https:\/\/legacy.dia.edu.az\/wp-content\/uploads\/2021\/03\/1-49-1536x1024.jpg 1536w, https:\/\/legacy.dia.edu.az\/wp-content\/uploads\/2021\/03\/1-49-2048x1365.jpg 2048w, https:\/\/legacy.dia.edu.az\/wp-content\/uploads\/2021\/03\/1-49-150x100.jpg 150w, https:\/\/legacy.dia.edu.az\/wp-content\/uploads\/2021\/03\/1-49-300x200@2x.jpg 600w\" sizes=\"(max-width: 1024px) 100vw, 1024px\" \/><\/figure><\/li><li class=\"blocks-gallery-item\"><figure><img width=\"1024\" height=\"683\" src=\"https:\/\/dia.edu.az\/wp-content\/uploads\/2021\/03\/2-46-1024x683.jpg\" alt=\"\" data-id=\"5033\" data-full-url=\"https:\/\/dia.edu.az\/wp-content\/uploads\/2021\/03\/2-46-scaled.jpg\" data-link=\"https:\/\/dia.edu.az\/?attachment_id=5033\" class=\"wp-image-5033\" srcset=\"https:\/\/legacy.dia.edu.az\/wp-content\/uploads\/2021\/03\/2-46-1024x683.jpg 1024w, https:\/\/legacy.dia.edu.az\/wp-content\/uploads\/2021\/03\/2-46-300x200.jpg 300w, https:\/\/legacy.dia.edu.az\/wp-content\/uploads\/2021\/03\/2-46-1536x1024.jpg 1536w, https:\/\/legacy.dia.edu.az\/wp-content\/uploads\/2021\/03\/2-46-2048x1365.jpg 2048w, https:\/\/legacy.dia.edu.az\/wp-content\/uploads\/2021\/03\/2-46-150x100.jpg 150w, https:\/\/legacy.dia.edu.az\/wp-content\/uploads\/2021\/03\/2-46-300x200@2x.jpg 600w\" sizes=\"(max-width: 1024px) 100vw, 1024px\" \/><\/figure><\/li><li class=\"blocks-gallery-item\"><figure><img width=\"1024\" height=\"683\" src=\"https:\/\/dia.edu.az\/wp-content\/uploads\/2021\/03\/3-46-1024x683.jpg\" alt=\"\" data-id=\"5036\" data-full-url=\"https:\/\/dia.edu.az\/wp-content\/uploads\/2021\/03\/3-46-scaled.jpg\" data-link=\"https:\/\/dia.edu.az\/?attachment_id=5036\" class=\"wp-image-5036\" srcset=\"https:\/\/legacy.dia.edu.az\/wp-content\/uploads\/2021\/03\/3-46-1024x683.jpg 1024w, https:\/\/legacy.dia.edu.az\/wp-content\/uploads\/2021\/03\/3-46-300x200.jpg 300w, https:\/\/legacy.dia.edu.az\/wp-content\/uploads\/2021\/03\/3-46-1536x1024.jpg 1536w, https:\/\/legacy.dia.edu.az\/wp-content\/uploads\/2021\/03\/3-46-2048x1365.jpg 2048w, https:\/\/legacy.dia.edu.az\/wp-content\/uploads\/2021\/03\/3-46-150x100.jpg 150w, https:\/\/legacy.dia.edu.az\/wp-content\/uploads\/2021\/03\/3-46-300x200@2x.jpg 600w\" sizes=\"(max-width: 1024px) 100vw, 1024px\" \/><\/figure><\/li><li class=\"blocks-gallery-item\"><figure><img width=\"1024\" height=\"683\" src=\"https:\/\/dia.edu.az\/wp-content\/uploads\/2021\/03\/4-40-1024x683.jpg\" alt=\"\" data-id=\"5039\" data-full-url=\"https:\/\/dia.edu.az\/wp-content\/uploads\/2021\/03\/4-40-scaled.jpg\" data-link=\"https:\/\/dia.edu.az\/?attachment_id=5039\" class=\"wp-image-5039\" srcset=\"https:\/\/legacy.dia.edu.az\/wp-content\/uploads\/2021\/03\/4-40-1024x683.jpg 1024w, https:\/\/legacy.dia.edu.az\/wp-content\/uploads\/2021\/03\/4-40-300x200.jpg 300w, https:\/\/legacy.dia.edu.az\/wp-content\/uploads\/2021\/03\/4-40-1536x1024.jpg 1536w, https:\/\/legacy.dia.edu.az\/wp-content\/uploads\/2021\/03\/4-40-2048x1365.jpg 2048w, https:\/\/legacy.dia.edu.az\/wp-content\/uploads\/2021\/03\/4-40-150x100.jpg 150w, https:\/\/legacy.dia.edu.az\/wp-content\/uploads\/2021\/03\/4-40-300x200@2x.jpg 600w\" sizes=\"(max-width: 1024px) 100vw, 1024px\" \/><\/figure><\/li><\/ul><\/figure>","protected":false},"excerpt":{"rendered":"<p>D\u0130A-da D\u00f6vl\u0259t M\u00fcst\u0259qilliyi G\u00fcn\u00fcn\u0259 h\u0259sr olunan elmi-praktik konfransOkt 18 , 2019 &#8211; 08:46 Oktyabr\u0131n 18-d\u0259 Az\u0259rbaycan Respublikas\u0131n\u0131n Prezidenti yan\u0131nda D\u00f6vl\u0259t \u0130dar\u0259\u00e7ilik Akademiyas\u0131nda 18 oktyabr &#8211; D\u00f6vl\u0259t M\u00fcst\u0259qilliyi G\u00fcn\u00fcn\u0259 h\u0259sr olunan elmi-praktik konfrans ke\u00e7irilib.T\u0259dbird\u0259 D\u0130A-n\u0131n rektoru, akademik Urxan \u018fl\u0259kb\u0259rov \u00f6t\u0259n 28 il \u0259rzind\u0259 Az\u0259rbaycanda \u0259ld\u0259 edil\u0259n nailiyy\u0259tl\u0259rd\u0259n dan\u0131\u015f\u0131b, \u00f6lk\u0259nin u\u011furlu inki\u015faf\u0131 say\u0259sind\u0259 d\u00f6vl\u0259t\u00e7ilik \u0259n\u0259n\u0259l\u0259rimizin m\u00f6hk\u0259ml\u0259ndiyini, iqtisadi [&hellip;]<\/p>","protected":false},"author":2,"featured_media":5030,"comment_status":"closed","ping_status":"closed","sticky":false,"template":"","format":"standard","meta":[],"categories":[137],"tags":[],"_links":{"self":[{"href":"https:\/\/legacy.dia.edu.az\/ru\/wp-json\/wp\/v2\/posts\/5019"}],"collection":[{"href":"https:\/\/legacy.dia.edu.az\/ru\/wp-json\/wp\/v2\/posts"}],"about":[{"href":"https:\/\/legacy.dia.edu.az\/ru\/wp-json\/wp\/v2\/types\/post"}],"author":[{"embeddable":true,"href":"https:\/\/legacy.dia.edu.az\/ru\/wp-json\/wp\/v2\/users\/2"}],"replies":[{"embeddable":true,"href":"https:\/\/legacy.dia.edu.az\/ru\/wp-json\/wp\/v2\/comments?post=5019"}],"version-history":[{"count":0,"href":"https:\/\/legacy.dia.edu.az\/ru\/wp-json\/wp\/v2\/posts\/5019\/revisions"}],"wp:featuredmedia":[{"embeddable":true,"href":"https:\/\/legacy.dia.edu.az\/ru\/wp-json\/wp\/v2\/media\/5030"}],"wp:attachment":[{"href":"https:\/\/legacy.dia.edu.az\/ru\/wp-json\/wp\/v2\/media?parent=5019"}],"wp:term":[{"taxonomy":"category","embeddable":true,"href":"https:\/\/legacy.dia.edu.az\/ru\/wp-json\/wp\/v2\/categories?post=5019"},{"taxonomy":"post_tag","embeddable":true,"href":"https:\/\/legacy.dia.edu.az\/ru\/wp-json\/wp\/v2\/tags?post=5019"}],"curies":[{"name":"wp","href":"https:\/\/api.w.org\/{rel}","templated":true}]}}