{"id":5006,"date":"2019-10-18T02:38:00","date_gmt":"2019-10-17T23:38:00","guid":{"rendered":"https:\/\/dia.edu.az\/?p=5006"},"modified":"2021-03-09T02:39:09","modified_gmt":"2021-03-08T23:39:09","slug":"g%c9%99ncl%c9%99r-sektorunun-idar%c9%99-edilm%c9%99si-v%c9%99-g%c9%99ncl%c9%99r-siyas%c9%99ti-uzr%c9%99-1-ci-magistr-proqraminin-t%c9%99qdimat-m%c9%99rasimi-kecirilib","status":"publish","type":"post","link":"https:\/\/legacy.dia.edu.az\/ru\/arxivl\u0259r\/5006","title":{"rendered":"\u201cG\u0259ncl\u0259r sektorunun idar\u0259 edilm\u0259si v\u0259 g\u0259ncl\u0259r siyas\u0259ti \u00fczr\u0259 1-ci Magistr proqram\u0131\u201dn\u0131n t\u0259qdimat m\u0259rasimi ke\u00e7irilib"},"content":{"rendered":"<p><strong>\u201cG\u0259ncl\u0259r sektorunun idar\u0259 edilm\u0259si v\u0259 g\u0259ncl\u0259r siyas\u0259ti \u00fczr\u0259 1-ci Magistr proqram\u0131\u201dn\u0131n t\u0259qdimat m\u0259rasimi ke\u00e7irilib<\/strong><br><em>Okt 18 , 2019 &#8211; 01:46<\/em><\/p>\n\n\n\n<p>Oktyabr\u0131n 17-d\u0259 \u201cG\u0259ncl\u0259r sektorunun idar\u0259 edilm\u0259si v\u0259 g\u0259ncl\u0259r siyas\u0259ti \u00fczr\u0259 1-ci Magistr proqram\u0131\u201dn\u0131n t\u0259qdimat m\u0259rasimi ke\u00e7irilib. Proqram BMT-nin U\u015faq Fondu (UN\u0130SEF), G\u0259ncl\u0259r v\u0259 \u0130dman Nazirliyi, T\u0259hsil Nazirliyi v\u0259 Az\u0259rbaycan Respublikas\u0131n\u0131n Prezidenti yan\u0131nda D\u00f6vl\u0259t \u0130dar\u0259\u00e7ilik Akademiyas\u0131n\u0131n d\u0259st\u0259yi il\u0259 t\u0259rtib edilib.<br>T\u0259dbird\u0259 G\u0259ncl\u0259r v\u0259 \u0130dman naziri Azad R\u0259himov bildirib ki, \u201cG\u0259ncl\u0259r siyas\u0259ti haqq\u0131nda\u201d Az\u0259rbaycan Respublikas\u0131n\u0131n Qanununda son ill\u0259r edilmi\u015f d\u0259yi\u015fiklikl\u0259r\u0259 \u0259sas\u0259n bu sah\u0259d\u0259 kadr haz\u0131rlanmas\u0131 v\u0259 \u0259lav\u0259 t\u0259hsilin t\u0259min olunmas\u0131 il\u0259 \u0259laq\u0259dar m\u00fcvafiq i\u015fl\u0259r g\u00f6r\u00fcl\u00fcb. Haz\u0131rda h\u0259yata ke\u00e7iril\u0259n \u201cAz\u0259rbaycan g\u0259ncliyi 2017-2021-ci ill\u0259rd\u0259\u201d D\u00f6vl\u0259t Proqram\u0131nda bu m\u0259s\u0259l\u0259 \u00f6z \u0259ksini tap\u0131b.<br>Nazir deyib ki, \u00f6lk\u0259 \u0259halisinin t\u0259qribi yar\u0131s\u0131n\u0131n 29 ya\u015f\u0131na q\u0259d\u0259r oldu\u011funu n\u0259z\u0259r\u0259 alsaq, g\u0259ncl\u0259r siyas\u0259ti sah\u0259sind\u0259 v\u0259 g\u0259ncl\u0259rl\u0259 birba\u015fa i\u015fl\u0259y\u0259n m\u00fct\u0259x\u0259ssisl\u0259rin haz\u0131rlanmas\u0131 olduqca vacib m\u0259s\u0259l\u0259dir. Bizim t\u0259\u015f\u0259bb\u00fcs\u00fcm\u00fcz\u00fc d\u0259st\u0259kl\u0259y\u0259n BMT-nin U\u015faq Fondu bu layih\u0259y\u0259 beyn\u0259lxalq ekspertl\u0259ri c\u0259lb edib, g\u0259ncl\u0259r siyas\u0259ti v\u0259 menecmenti sah\u0259sind\u0259 m\u00fct\u0259x\u0259ssisl\u0259r \u00fc\u00e7\u00fcn magistr proqram\u0131 haz\u0131rlama\u011fa ba\u015flay\u0131b. Bu i\u015fd\u0259 \u0259sas t\u0259r\u0259fda\u015f\u0131m\u0131z Az\u0259rbaycan Respublikas\u0131n\u0131n Prezidenti yan\u0131nda D\u00f6vl\u0259t \u0130dar\u0259\u00e7ilik Akademiyas\u0131 olub.<br>Beyn\u0259lxalq ekspertl\u0259rin layih\u0259d\u0259 \u0259m\u0259yini y\u00fcks\u0259k qiym\u0259tl\u0259ndir\u0259n nazir deyib: \u201cEkspertl\u0259r qismind\u0259 Estoniyan\u0131n Tallinn D\u00f6vl\u0259t Universitetinin m\u00fct\u0259x\u0259ssisl\u0259ri c\u0259lb olunub. Onlar bu sah\u0259d\u0259 bir ne\u00e7\u0259 \u00f6lk\u0259nin qabaqc\u0131l t\u0259cr\u00fcb\u0259sini n\u0259z\u0259rd\u0259n ke\u00e7ir\u0259r\u0259k bizim 6 ali t\u0259hsil oca\u011f\u0131n\u0131n m\u00fc\u0259llim v\u0259 m\u00fct\u0259x\u0259ssisl\u0259ri il\u0259 birg\u0259 Az\u0259rbaycan \u00fc\u00e7\u00fcn uy\u011funla\u015fd\u0131r\u0131lm\u0131\u015f t\u0259dris proqram\u0131 haz\u0131rlay\u0131blar. Sevindirici hald\u0131r ki, layih\u0259nin ikinci m\u0259rh\u0259l\u0259sind\u0259 &#8211; n\u00f6vb\u0259ti iki il \u0259rzind\u0259 Tallinn D\u00f6vl\u0259t Universitetinin k\u00f6m\u0259yi v\u0259 UN\u0130SEF-in d\u0259st\u0259yi il\u0259 Az\u0259rbaycan v\u0259 Estoniya aras\u0131nda \u201cG\u0259ncl\u0259rl\u0259 i\u015f\u201d ixtisas\u0131 \u00fczr\u0259 m\u00fc\u0259llim m\u00fcbadil\u0259si apar\u0131lacaq. \u018fmin\u0259m ki, n\u00f6vb\u0259ti ill\u0259rd\u0259 ham\u0131m\u0131z bu proqram\u0131n faydas\u0131n\u0131 g\u00f6r\u0259c\u0259k v\u0259 g\u0259ncl\u0259rl\u0259 i\u015fin daha m\u00fct\u0259\u015f\u0259kkil \u015f\u0259kild\u0259 h\u0259yata ke\u00e7irilm\u0259sinin \u015fahidi olaca\u011f\u0131q\u201d.<br>UN\u0130SEF-in \u00f6lk\u0259mizd\u0259ki n\u00fcmay\u0259nd\u0259liyinin r\u0259hb\u0259ri Edvard Karvardin qeyd edib ki, magistr proqram\u0131 t\u0259rtib olunark\u0259n g\u0259ncl\u0259rl\u0259 i\u015f \u00fczr\u0259 t\u0259xmin\u0259n 500 m\u00fct\u0259x\u0259ssisin r\u0259yi n\u0259z\u0259r\u0259 al\u0131n\u0131b. 2018-2019-cu ill\u0259rd\u0259 alt\u0131 ali t\u0259hsil m\u00fc\u0259ssis\u0259si &#8211; Az\u0259rbaycan Respublikas\u0131n\u0131n Prezidenti yan\u0131nda D\u00f6vl\u0259t \u0130dar\u0259\u00e7ilik Akademiyas\u0131, Bak\u0131 D\u00f6vl\u0259t Universiteti, Az\u0259rbaycan D\u00f6vl\u0259t M\u0259d\u0259niyy\u0259t v\u0259 \u0130nc\u0259s\u0259n\u0259t Universiteti, Az\u0259rbaycan Turizm v\u0259 Menecment Universiteti, Az\u0259rbaycan Universiteti v\u0259 G\u0259nc\u0259 D\u00f6vl\u0259t Universiteti bu proqram\u0131n t\u0259tbiqin\u0259 ba\u015flay\u0131b. Proqram ixtisasla\u015fma il\u0259 ba\u011fl\u0131 t\u0259dris planlar\u0131na uy\u011funla\u015fd\u0131r\u0131l\u0131b. Bu ali t\u0259hsil m\u00fc\u0259ssis\u0259l\u0259rinin m\u00fct\u0259x\u0259ssisl\u0259ri t\u0259r\u0259find\u0259n UN\u0130SEF-in Estoniyadan olan ekspertinin r\u0259hb\u0259rliyi il\u0259 magistr proqram \u00fczr\u0259 13 akademik kurs haz\u0131rlan\u0131b. Proqram\u0131n t\u0259tbiqi Az\u0259rbaycan\u0131n g\u0259ncl\u0259rl\u0259 i\u015f istiqam\u0259tind\u0259 \u00e7ox m\u00fch\u00fcm m\u0259rh\u0259l\u0259dir.<br>Proqram\u0131n \u0259h\u0259miyy\u0259tind\u0259n dan\u0131\u015fan T\u0259hsil nazirinin m\u00fcavini Firudin Qurbanov bildirib ki, \u00f6lk\u0259 \u0259halisinin magistratura s\u0259viyy\u0259sind\u0259 g\u0259ncl\u0259rl\u0259 i\u015f \u00fczr\u0259 m\u00fct\u0259x\u0259ssisl\u0259rin haz\u0131rlanmas\u0131 u\u011furlu layih\u0259dir. Proqram az sayda \u00f6lk\u0259d\u0259 t\u0259tbiq olunur. Layih\u0259 \u00e7\u0259r\u00e7iv\u0259sind\u0259 y\u00fcks\u0259kixtisasl\u0131 m\u00fct\u0259x\u0259ssisl\u0259rin haz\u0131rlanmas\u0131n\u0131n t\u0259min edilm\u0259si \u00fc\u00e7\u00fcn ciddi add\u0131mlar at\u0131l\u0131b.<br>T\u0259hsil Nazirliyind\u0259 g\u0259ncl\u0259rl\u0259 i\u015fin prioritet sah\u0259 kimi q\u0259bul olundu\u011funu diqq\u0259t\u0259 \u00e7atd\u0131ran nazir m\u00fcavini bu t\u0259\u015f\u0259bb\u00fcs\u00fcn d\u0259st\u0259kl\u0259ndiyini bildirib. Firudin Qurbanov deyib: \u201cNazirl\u0259r Kabinetinin m\u00fcvafiq q\u0259rar\u0131na \u0259sas\u0259n T\u0259hsil Nazirliyi 2018-ci ild\u0259 magistr proqram\u0131n\u0131 t\u0259sdiq edib. \u0130ki ildir ki, bu ixtisasla\u015fma \u00fczr\u0259 6 ali t\u0259hsil m\u00fc\u0259ssis\u0259sind\u0259 q\u0259bul apar\u0131l\u0131r v\u0259 art\u0131q 80 n\u0259f\u0259r\u0259 yax\u0131n g\u0259nc magistratura s\u0259viyy\u0259sind\u0259 t\u0259hsil al\u0131r. Hesab edir\u0259m ki, onlar g\u0259l\u0259c\u0259kd\u0259 y\u00fcks\u0259ks\u0259viyy\u0259li m\u00fct\u0259x\u0259ssis kimi formala\u015fa bil\u0259c\u0259kl\u0259r\u201d.<br>Az\u0259rbaycan Respublikas\u0131n\u0131n Prezidenti yan\u0131nda D\u00f6vl\u0259t \u0130dar\u0259\u00e7ilik Akademiyas\u0131n\u0131n rektoru Urxan \u018fl\u0259kb\u0259rov layih\u0259 i\u015ftirak\u00e7\u0131lar\u0131na minn\u0259tdarl\u0131\u011f\u0131n\u0131 bildirib. G\u0259ncl\u0259r siyas\u0259ti v\u0259 menecmenti sah\u0259sind\u0259 m\u00fct\u0259x\u0259ssisl\u0259r \u00fc\u00e7\u00fcn magistr proqram\u0131n\u0131n haz\u0131rlanmas\u0131n\u0131 y\u00fcks\u0259k qiym\u0259tl\u0259ndir\u0259n rektor bu sah\u0259d\u0259 f\u0259aliyy\u0259tin vacibliyini diqq\u0259t\u0259 \u00e7atd\u0131r\u0131b.<br>Sonra UN\u0130SEF-in beyn\u0259lxalq eksperti xan\u0131m Tanya Dibou Az\u0259rbaycanda magistr proqram\u0131n\u0131n t\u0259tbiqi il\u0259 ba\u011fl\u0131 m\u00f6vcud v\u0259ziyy\u0259t v\u0259 g\u0259l\u0259c\u0259k i\u015fl\u0259r\u201d m\u00f6vzusunda t\u0259qdimat edib.<br>T\u0259dbird\u0259 Az\u0259rbaycan Respublikas\u0131n\u0131n Prezidenti yan\u0131nda D\u00f6vl\u0259t \u0130dar\u0259\u00e7ilik Akademiyas\u0131n\u0131n I kurs magistrl\u0259rinin Estoniyan\u0131n m\u00fct\u0259x\u0259ssisl\u0259ri t\u0259r\u0259find\u0259n ke\u00e7iril\u0259n t\u0259liml\u0259rd\u0259 i\u015ftirak\u0131 il\u0259 ba\u011fl\u0131 video\u00e7arx n\u00fcmayi\u015f olunub.<br>Sonda magistr proqram\u0131n\u0131n praktiki b\u00f6lm\u0259l\u0259rinin i\u015fl\u0259nib haz\u0131rlanmas\u0131na d\u0259st\u0259k vermi\u015f elmi i\u015f\u00e7il\u0259r m\u00fckafatland\u0131r\u0131l\u0131b.<\/p>\n\n\n\n<figure class=\"wp-container-2 wp-block-gallery-1 wp-block-gallery columns-3 is-cropped\"><ul class=\"blocks-gallery-grid\"><li class=\"blocks-gallery-item\"><figure><img width=\"640\" height=\"426\" src=\"https:\/\/dia.edu.az\/wp-content\/uploads\/2021\/03\/4-39.jpg\" alt=\"\" data-id=\"5007\" data-full-url=\"https:\/\/dia.edu.az\/wp-content\/uploads\/2021\/03\/4-39.jpg\" data-link=\"https:\/\/dia.edu.az\/?attachment_id=5007\" class=\"wp-image-5007\" srcset=\"https:\/\/legacy.dia.edu.az\/wp-content\/uploads\/2021\/03\/4-39.jpg 640w, https:\/\/legacy.dia.edu.az\/wp-content\/uploads\/2021\/03\/4-39-300x200.jpg 300w, https:\/\/legacy.dia.edu.az\/wp-content\/uploads\/2021\/03\/4-39-150x100.jpg 150w, https:\/\/legacy.dia.edu.az\/wp-content\/uploads\/2021\/03\/4-39-300x200@2x.jpg 600w\" sizes=\"(max-width: 640px) 100vw, 640px\" \/><\/figure><\/li><li class=\"blocks-gallery-item\"><figure><img width=\"640\" height=\"426\" src=\"https:\/\/dia.edu.az\/wp-content\/uploads\/2021\/03\/5-31.jpg\" alt=\"\" data-id=\"5010\" data-full-url=\"https:\/\/dia.edu.az\/wp-content\/uploads\/2021\/03\/5-31.jpg\" data-link=\"https:\/\/dia.edu.az\/?attachment_id=5010\" class=\"wp-image-5010\" srcset=\"https:\/\/legacy.dia.edu.az\/wp-content\/uploads\/2021\/03\/5-31.jpg 640w, https:\/\/legacy.dia.edu.az\/wp-content\/uploads\/2021\/03\/5-31-300x200.jpg 300w, https:\/\/legacy.dia.edu.az\/wp-content\/uploads\/2021\/03\/5-31-150x100.jpg 150w, https:\/\/legacy.dia.edu.az\/wp-content\/uploads\/2021\/03\/5-31-300x200@2x.jpg 600w\" sizes=\"(max-width: 640px) 100vw, 640px\" \/><\/figure><\/li><li class=\"blocks-gallery-item\"><figure><img width=\"640\" height=\"426\" src=\"https:\/\/dia.edu.az\/wp-content\/uploads\/2021\/03\/6-23.jpg\" alt=\"\" data-id=\"5013\" data-full-url=\"https:\/\/dia.edu.az\/wp-content\/uploads\/2021\/03\/6-23.jpg\" data-link=\"https:\/\/dia.edu.az\/?attachment_id=5013\" class=\"wp-image-5013\" srcset=\"https:\/\/legacy.dia.edu.az\/wp-content\/uploads\/2021\/03\/6-23.jpg 640w, https:\/\/legacy.dia.edu.az\/wp-content\/uploads\/2021\/03\/6-23-300x200.jpg 300w, https:\/\/legacy.dia.edu.az\/wp-content\/uploads\/2021\/03\/6-23-150x100.jpg 150w, https:\/\/legacy.dia.edu.az\/wp-content\/uploads\/2021\/03\/6-23-300x200@2x.jpg 600w\" sizes=\"(max-width: 640px) 100vw, 640px\" \/><\/figure><\/li><\/ul><\/figure>","protected":false},"excerpt":{"rendered":"<p>\u201cG\u0259ncl\u0259r sektorunun idar\u0259 edilm\u0259si v\u0259 g\u0259ncl\u0259r siyas\u0259ti \u00fczr\u0259 1-ci Magistr proqram\u0131\u201dn\u0131n t\u0259qdimat m\u0259rasimi ke\u00e7irilibOkt 18 , 2019 &#8211; 01:46 Oktyabr\u0131n 17-d\u0259 \u201cG\u0259ncl\u0259r sektorunun idar\u0259 edilm\u0259si v\u0259 g\u0259ncl\u0259r siyas\u0259ti \u00fczr\u0259 1-ci Magistr proqram\u0131\u201dn\u0131n t\u0259qdimat m\u0259rasimi ke\u00e7irilib. Proqram BMT-nin U\u015faq Fondu (UN\u0130SEF), G\u0259ncl\u0259r v\u0259 \u0130dman Nazirliyi, T\u0259hsil Nazirliyi v\u0259 Az\u0259rbaycan Respublikas\u0131n\u0131n Prezidenti yan\u0131nda D\u00f6vl\u0259t \u0130dar\u0259\u00e7ilik Akademiyas\u0131n\u0131n d\u0259st\u0259yi [&hellip;]<\/p>","protected":false},"author":2,"featured_media":5007,"comment_status":"closed","ping_status":"closed","sticky":false,"template":"","format":"standard","meta":[],"categories":[137],"tags":[],"_links":{"self":[{"href":"https:\/\/legacy.dia.edu.az\/ru\/wp-json\/wp\/v2\/posts\/5006"}],"collection":[{"href":"https:\/\/legacy.dia.edu.az\/ru\/wp-json\/wp\/v2\/posts"}],"about":[{"href":"https:\/\/legacy.dia.edu.az\/ru\/wp-json\/wp\/v2\/types\/post"}],"author":[{"embeddable":true,"href":"https:\/\/legacy.dia.edu.az\/ru\/wp-json\/wp\/v2\/users\/2"}],"replies":[{"embeddable":true,"href":"https:\/\/legacy.dia.edu.az\/ru\/wp-json\/wp\/v2\/comments?post=5006"}],"version-history":[{"count":0,"href":"https:\/\/legacy.dia.edu.az\/ru\/wp-json\/wp\/v2\/posts\/5006\/revisions"}],"wp:featuredmedia":[{"embeddable":true,"href":"https:\/\/legacy.dia.edu.az\/ru\/wp-json\/wp\/v2\/media\/5007"}],"wp:attachment":[{"href":"https:\/\/legacy.dia.edu.az\/ru\/wp-json\/wp\/v2\/media?parent=5006"}],"wp:term":[{"taxonomy":"category","embeddable":true,"href":"https:\/\/legacy.dia.edu.az\/ru\/wp-json\/wp\/v2\/categories?post=5006"},{"taxonomy":"post_tag","embeddable":true,"href":"https:\/\/legacy.dia.edu.az\/ru\/wp-json\/wp\/v2\/tags?post=5006"}],"curies":[{"name":"wp","href":"https:\/\/api.w.org\/{rel}","templated":true}]}}