{"id":4830,"date":"2020-01-16T02:17:00","date_gmt":"2020-01-15T23:17:00","guid":{"rendered":"https:\/\/dia.edu.az\/?p=4830"},"modified":"2021-03-09T02:18:20","modified_gmt":"2021-03-08T23:18:20","slug":"az%c9%99rbaycan-respublikasinin-prezidenti-yaninda-dovl%c9%99t-idar%c9%99cilik-akademiyasinin-rektoru-akademik-urxan-%c9%99l%c9%99kb%c9%99rovun-yeni-m%c9%99qal%c9%99l%c9%99ri-n%c9%99sr-edilib","status":"publish","type":"post","link":"https:\/\/legacy.dia.edu.az\/ru\/arxivl\u0259r\/4830","title":{"rendered":"Az\u0259rbaycan Respublikas\u0131n\u0131n Prezidenti yan\u0131nda D\u00f6vl\u0259t \u0130dar\u0259\u00e7ilik Akademiyas\u0131n\u0131n rektoru, akademik Urxan \u018fl\u0259kb\u0259rovun yeni m\u0259qal\u0259l\u0259ri n\u0259\u015fr edilib"},"content":{"rendered":"<p><strong>Az\u0259rbaycan Respublikas\u0131n\u0131n Prezidenti yan\u0131nda D\u00f6vl\u0259t \u0130dar\u0259\u00e7ilik Akademiyas\u0131n\u0131n rektoru, akademik Urxan \u018fl\u0259kb\u0259rovun yeni m\u0259qal\u0259l\u0259ri n\u0259\u015fr edilib<\/strong><br><em>Yan 16 , 2020 &#8211; 03:25<\/em><\/p>\n\n\n\n<p>1. &#8220;U\u011furlu inki\u015faf strategiyas\u0131&#8221;&nbsp; &nbsp; &#8211;&nbsp;<a href=\"http:\/\/www.azerbaijan-news.az\/uploads\/1579126778.pdf\">&nbsp;&#8220;Az\u0259rbaycan&#8221; q\u0259zetin\u0259 ke\u00e7id<\/a><\/p>\n\n\n\n<p>2. &#8220;\u041d\u043e\u0432\u044b\u0435 \u0442\u0435\u0445\u043d\u043e\u043b\u043e\u0433\u0438\u0438 \u0433\u043e\u0441\u0443\u0434\u0430\u0440\u0441\u0442\u0432\u0435\u043d\u043d\u043e\u0433\u043e \u0443\u043f\u0440\u0430\u0432\u043b\u0435\u043d\u0438\u044f \u041f\u0440\u0435\u0437\u0438\u0434\u0435\u043d\u0442\u0430 \u0418\u043b\u044c\u0445\u0430\u043c\u0430 \u0410\u043b\u0438\u0435\u0432\u0430 \u044f\u0432\u043b\u044f\u044e\u0442\u0441\u044f \u0433\u0430\u0440\u0430\u043d\u0442\u0438\u0435\u0439 \u0443\u0441\u043f\u0435\u0448\u043d\u043e\u0433\u043e \u0438\u043d\u043d\u043e\u0432\u0430\u0442\u0438\u0432\u043d\u043e\u0433\u043e \u0440\u0430\u0437\u0432\u0438\u0442\u0438\u044f \u0410\u0437\u0435\u0440\u0431\u0430\u0439\u0434\u0436\u0430\u043d\u0441\u043a\u043e\u0439 \u0420\u0435\u0441\u043f\u0443\u0431\u043b\u0438\u043a\u0438&#8221;<\/p>\n\n\n\n<p>&#8211;&nbsp;<a href=\"http:\/\/www.br.az\/earchive\/2020\/2020-01-16.pdf\">&#8220;\u0411\u0430\u043a\u0438\u043d\u0441\u043a\u0438\u0439 \u0440\u0430\u0431\u043e\u0447\u0438\u0439&#8221; q\u0259zetin\u0259 ke\u00e7id<\/a><\/p>","protected":false},"excerpt":{"rendered":"<p>Az\u0259rbaycan Respublikas\u0131n\u0131n Prezidenti yan\u0131nda D\u00f6vl\u0259t \u0130dar\u0259\u00e7ilik Akademiyas\u0131n\u0131n rektoru, akademik Urxan \u018fl\u0259kb\u0259rovun yeni m\u0259qal\u0259l\u0259ri n\u0259\u015fr edilibYan 16 , 2020 &#8211; 03:25 1. &#8220;U\u011furlu inki\u015faf strategiyas\u0131&#8221;&nbsp; &nbsp; &#8211;&nbsp;&nbsp;&#8220;Az\u0259rbaycan&#8221; q\u0259zetin\u0259 ke\u00e7id 2. &#8220;\u041d\u043e\u0432\u044b\u0435 \u0442\u0435\u0445\u043d\u043e\u043b\u043e\u0433\u0438\u0438 \u0433\u043e\u0441\u0443\u0434\u0430\u0440\u0441\u0442\u0432\u0435\u043d\u043d\u043e\u0433\u043e \u0443\u043f\u0440\u0430\u0432\u043b\u0435\u043d\u0438\u044f \u041f\u0440\u0435\u0437\u0438\u0434\u0435\u043d\u0442\u0430 \u0418\u043b\u044c\u0445\u0430\u043c\u0430 \u0410\u043b\u0438\u0435\u0432\u0430 \u044f\u0432\u043b\u044f\u044e\u0442\u0441\u044f \u0433\u0430\u0440\u0430\u043d\u0442\u0438\u0435\u0439 \u0443\u0441\u043f\u0435\u0448\u043d\u043e\u0433\u043e \u0438\u043d\u043d\u043e\u0432\u0430\u0442\u0438\u0432\u043d\u043e\u0433\u043e \u0440\u0430\u0437\u0432\u0438\u0442\u0438\u044f \u0410\u0437\u0435\u0440\u0431\u0430\u0439\u0434\u0436\u0430\u043d\u0441\u043a\u043e\u0439 \u0420\u0435\u0441\u043f\u0443\u0431\u043b\u0438\u043a\u0438&#8221; &#8211;&nbsp;&#8220;\u0411\u0430\u043a\u0438\u043d\u0441\u043a\u0438\u0439 \u0440\u0430\u0431\u043e\u0447\u0438\u0439&#8221; q\u0259zetin\u0259 ke\u00e7id<\/p>","protected":false},"author":2,"featured_media":4831,"comment_status":"closed","ping_status":"closed","sticky":false,"template":"","format":"standard","meta":[],"categories":[137],"tags":[],"_links":{"self":[{"href":"https:\/\/legacy.dia.edu.az\/ru\/wp-json\/wp\/v2\/posts\/4830"}],"collection":[{"href":"https:\/\/legacy.dia.edu.az\/ru\/wp-json\/wp\/v2\/posts"}],"about":[{"href":"https:\/\/legacy.dia.edu.az\/ru\/wp-json\/wp\/v2\/types\/post"}],"author":[{"embeddable":true,"href":"https:\/\/legacy.dia.edu.az\/ru\/wp-json\/wp\/v2\/users\/2"}],"replies":[{"embeddable":true,"href":"https:\/\/legacy.dia.edu.az\/ru\/wp-json\/wp\/v2\/comments?post=4830"}],"version-history":[{"count":0,"href":"https:\/\/legacy.dia.edu.az\/ru\/wp-json\/wp\/v2\/posts\/4830\/revisions"}],"wp:featuredmedia":[{"embeddable":true,"href":"https:\/\/legacy.dia.edu.az\/ru\/wp-json\/wp\/v2\/media\/4831"}],"wp:attachment":[{"href":"https:\/\/legacy.dia.edu.az\/ru\/wp-json\/wp\/v2\/media?parent=4830"}],"wp:term":[{"taxonomy":"category","embeddable":true,"href":"https:\/\/legacy.dia.edu.az\/ru\/wp-json\/wp\/v2\/categories?post=4830"},{"taxonomy":"post_tag","embeddable":true,"href":"https:\/\/legacy.dia.edu.az\/ru\/wp-json\/wp\/v2\/tags?post=4830"}],"curies":[{"name":"wp","href":"https:\/\/api.w.org\/{rel}","templated":true}]}}