{"id":4791,"date":"2020-02-25T02:12:00","date_gmt":"2020-02-24T23:12:00","guid":{"rendered":"https:\/\/dia.edu.az\/?p=4791"},"modified":"2021-03-09T02:13:51","modified_gmt":"2021-03-08T23:13:51","slug":"dovl%c9%99t-idar%c9%99cilik-akademiyasinda-xocali-soyqirimi-qurbanlarinin-xatir%c9%99si-anilib","status":"publish","type":"post","link":"https:\/\/legacy.dia.edu.az\/ru\/arxivl\u0259r\/4791","title":{"rendered":"D\u00f6vl\u0259t \u0130dar\u0259\u00e7ilik Akademiyas\u0131nda Xocal\u0131 soyq\u0131r\u0131m\u0131 qurbanlar\u0131n\u0131n xatir\u0259si an\u0131l\u0131b"},"content":{"rendered":"<p><strong>D\u00f6vl\u0259t \u0130dar\u0259\u00e7ilik Akademiyas\u0131nda Xocal\u0131 soyq\u0131r\u0131m\u0131 qurbanlar\u0131n\u0131n xatir\u0259si an\u0131l\u0131b<\/strong><br><em>Fev 25 , 2020 &#8211; 05:03<\/em><\/p>\n\n\n\n<p>Fevral\u0131n 25-d\u0259 Az\u0259rbaycan Respublikas\u0131n\u0131n Prezidenti yan\u0131nda D\u00f6vl\u0259t \u0130dar\u0259\u00e7ilik Akademiyas\u0131nda (D\u0130A) Xocal\u0131 soyq\u0131r\u0131m\u0131n\u0131n iyirmi s\u0259kkizinci ild\u00f6n\u00fcm\u00fcn\u0259 h\u0259sr olunan t\u0259dbir ke\u00e7irilib.<\/p>\n\n\n\n<p>\u018fvv\u0259lc\u0259 Xocal\u0131 faci\u0259si qurbanlar\u0131n\u0131n xatir\u0259si bir d\u0259qiq\u0259lik s\u00fckutla yad edilib.<\/p>\n\n\n\n<p>T\u0259dbird\u0259 \u00e7\u0131x\u0131\u015f ed\u0259n D\u0130A-n\u0131n rektoru, akademik Urxan \u018fl\u0259kb\u0259rov 1992-ci il fevral\u0131n 26-da Erm\u0259nistan silahl\u0131 birl\u0259\u015fm\u0259l\u0259rinin Az\u0259rbaycan xalq\u0131na qar\u015f\u0131 n\u00f6vb\u0259ti qanl\u0131 t\u0259cav\u00fcz\u0259 \u0259l ataraq tarixd\u0259 misli g\u00f6r\u00fcnm\u0259mi\u015f soyq\u0131r\u0131m\u0131 t\u00f6r\u0259tdiyini deyib. Bildirilib ki, bu faci\u0259y\u0259 ilk d\u0259f\u0259 h\u00fcquqi-siyasi qiym\u0259t yaln\u0131z xalq\u0131m\u0131z\u0131n \u00fcmummilli lideri Heyd\u0259r \u018fliyevin Az\u0259rbaycanda ikinci d\u0259f\u0259 siyasi hakimiyy\u0259t\u0259 qay\u0131d\u0131\u015f\u0131ndan sonra verilib. Xocal\u0131 soyq\u0131r\u0131m\u0131 bar\u0259d\u0259 d\u00fcnya ictimaiyy\u0259tinin m\u0259lumatland\u0131r\u0131lmas\u0131 i\u015find\u0259 d\u00f6vl\u0259t strukturlar\u0131 il\u0259 yana\u015f\u0131, ictimai birlikl\u0259r, v\u0259t\u0259nda\u015f c\u0259miyy\u0259ti institutlar\u0131 da m\u00fch\u00fcm rol oynay\u0131r. Rektor Xocal\u0131 soyq\u0131r\u0131m\u0131n\u0131n d\u00fcnyada tan\u0131d\u0131lmas\u0131 istiqam\u0259tind\u0259 Heyd\u0259r \u018fliyev Fondunun, o c\u00fcml\u0259d\u0259n Fondunun vitse-prezidenti Leyla \u018fliyevan\u0131n t\u0259\u015f\u0259bb\u00fcs\u00fc il\u0259 realla\u015fd\u0131r\u0131lan \u201cXocal\u0131ya \u0259dal\u0259t!\u201d beyn\u0259lxalq kampaniyas\u0131 \u00e7\u0259r\u00e7iv\u0259sind\u0259 h\u0259yata ke\u00e7iril\u0259n f\u0259aliyy\u0259ti x\u00fcsusi vur\u011fulay\u0131b.<\/p>\n\n\n\n<p>Az\u0259rbaycan Respublikas\u0131n\u0131n Prezidenti yan\u0131nda D\u00f6vl\u0259t \u0130dar\u0259\u00e7ilik Akademiyas\u0131n\u0131n siyasi idar\u0259etm\u0259 fak\u00fclt\u0259sinin dekan\u0131, siyasi elml\u0259r doktoru, professor El\u00e7in \u018fhm\u0259dov, G\u0259ncl\u0259r v\u0259 \u0130dman Nazirliyi yan\u0131nda G\u0259ncl\u0259rl\u0259 i\u015f \u00fczr\u0259 \u0130ctimai \u015euran\u0131n s\u0259dri Nur\u0259dddin Mehdiyev v\u0259 dig\u0259r \u00e7\u0131x\u0131\u015f ed\u0259nl\u0259r Xocal\u0131 soyq\u0131r\u0131m\u0131n\u0131 Az\u0259rbaycan xalq\u0131na qar\u015f\u0131 t\u00f6r\u0259dilmi\u015f \u0259n qat\u0131 cinay\u0259tl\u0259rd\u0259n biri oldu\u011funu diqq\u0259t\u0259 \u00e7atd\u0131r\u0131blar. Onlar faci\u0259y\u0259 siyasi-h\u00fcquqi qiym\u0259t verilm\u0259si, onun b\u00fct\u00f6vl\u00fckd\u0259 insanl\u0131q \u0259leyhin\u0259 cinay\u0259t fakt\u0131n\u0131n olmas\u0131, analoji faci\u0259l\u0259rl\u0259 m\u00fcqayis\u0259d\u0259 t\u0259hlili bar\u0259d\u0259 fikir v\u0259 m\u00fclahiz\u0259l\u0259rini ir\u0259li s\u00fcr\u00fcbl\u0259r.<\/p>\n\n\n\n<p>\u00c7\u0131x\u0131\u015f ed\u0259nl\u0259r vur\u011fulay\u0131blar ki, \u201cXocal\u0131ya \u0259dal\u0259t!\u201d beyn\u0259lxalq kampaniyas\u0131n\u0131n d\u00fcnya ictimaiyy\u0259tinin m\u0259lumatland\u0131rmaqla yana\u015f\u0131, d\u00fcnyada ox\u015far hadis\u0259l\u0259rin c\u0259r\u0259yan etm\u0259m\u0259sin\u0259 \u00e7a\u011f\u0131r\u0131\u015f m\u0259qs\u0259di da\u015f\u0131y\u0131r. Kampaniya \u00e7\u0259r\u00e7iv\u0259sind\u0259 m\u00fcxt\u0259lif \u00f6lk\u0259l\u0259rd\u0259 h\u0259yata ke\u00e7iril\u0259n t\u0259dbirl\u0259r, Xocal\u0131 soyq\u0131r\u0131m\u0131n\u0131n d\u00fcnyada tan\u0131d\u0131lmas\u0131 istiqam\u0259tind\u0259 g\u00f6r\u00fcl\u0259n i\u015fl\u0259r art\u0131q \u00f6z n\u0259tic\u0259l\u0259rini verir. Sonda \u201cQaraba\u011f \u0259cdad\u0131m\u0131z\u0131n miras\u0131\u201d adl\u0131 s\u0259n\u0259dli filmi n\u00fcmayi\u015f etdirilib.<\/p>\n\n\n\n<figure class=\"wp-container-2 wp-block-gallery-1 wp-block-gallery columns-3 is-cropped\"><ul class=\"blocks-gallery-grid\"><li class=\"blocks-gallery-item\"><figure><img width=\"1024\" height=\"678\" src=\"https:\/\/dia.edu.az\/wp-content\/uploads\/2021\/03\/1-41-1024x678.jpg\" alt=\"\" data-id=\"4792\" data-full-url=\"https:\/\/dia.edu.az\/wp-content\/uploads\/2021\/03\/1-41.jpg\" data-link=\"https:\/\/dia.edu.az\/?attachment_id=4792\" class=\"wp-image-4792\" srcset=\"https:\/\/legacy.dia.edu.az\/wp-content\/uploads\/2021\/03\/1-41-1024x678.jpg 1024w, https:\/\/legacy.dia.edu.az\/wp-content\/uploads\/2021\/03\/1-41-300x199.jpg 300w, https:\/\/legacy.dia.edu.az\/wp-content\/uploads\/2021\/03\/1-41-1536x1017.jpg 1536w, https:\/\/legacy.dia.edu.az\/wp-content\/uploads\/2021\/03\/1-41-150x100.jpg 150w, https:\/\/legacy.dia.edu.az\/wp-content\/uploads\/2021\/03\/1-41.jpg 1848w, https:\/\/legacy.dia.edu.az\/wp-content\/uploads\/2021\/03\/1-41-300x199@2x.jpg 600w\" sizes=\"(max-width: 1024px) 100vw, 1024px\" \/><\/figure><\/li><li class=\"blocks-gallery-item\"><figure><img width=\"640\" height=\"424\" src=\"https:\/\/dia.edu.az\/wp-content\/uploads\/2021\/03\/2-39.jpg\" alt=\"\" data-id=\"4795\" data-full-url=\"https:\/\/dia.edu.az\/wp-content\/uploads\/2021\/03\/2-39.jpg\" data-link=\"https:\/\/dia.edu.az\/?attachment_id=4795\" class=\"wp-image-4795\" srcset=\"https:\/\/legacy.dia.edu.az\/wp-content\/uploads\/2021\/03\/2-39.jpg 640w, https:\/\/legacy.dia.edu.az\/wp-content\/uploads\/2021\/03\/2-39-300x199.jpg 300w, https:\/\/legacy.dia.edu.az\/wp-content\/uploads\/2021\/03\/2-39-150x100.jpg 150w, https:\/\/legacy.dia.edu.az\/wp-content\/uploads\/2021\/03\/2-39-300x199@2x.jpg 600w\" sizes=\"(max-width: 640px) 100vw, 640px\" \/><\/figure><\/li><li class=\"blocks-gallery-item\"><figure><img width=\"640\" height=\"424\" src=\"https:\/\/dia.edu.az\/wp-content\/uploads\/2021\/03\/3-38.jpg\" alt=\"\" data-id=\"4798\" data-full-url=\"https:\/\/dia.edu.az\/wp-content\/uploads\/2021\/03\/3-38.jpg\" data-link=\"https:\/\/dia.edu.az\/?attachment_id=4798\" class=\"wp-image-4798\" srcset=\"https:\/\/legacy.dia.edu.az\/wp-content\/uploads\/2021\/03\/3-38.jpg 640w, https:\/\/legacy.dia.edu.az\/wp-content\/uploads\/2021\/03\/3-38-300x199.jpg 300w, https:\/\/legacy.dia.edu.az\/wp-content\/uploads\/2021\/03\/3-38-150x100.jpg 150w, https:\/\/legacy.dia.edu.az\/wp-content\/uploads\/2021\/03\/3-38-300x199@2x.jpg 600w\" sizes=\"(max-width: 640px) 100vw, 640px\" \/><\/figure><\/li><li class=\"blocks-gallery-item\"><figure><img width=\"640\" height=\"424\" src=\"https:\/\/dia.edu.az\/wp-content\/uploads\/2021\/03\/4-33.jpg\" alt=\"\" data-id=\"4801\" data-full-url=\"https:\/\/dia.edu.az\/wp-content\/uploads\/2021\/03\/4-33.jpg\" data-link=\"https:\/\/dia.edu.az\/?attachment_id=4801\" class=\"wp-image-4801\" srcset=\"https:\/\/legacy.dia.edu.az\/wp-content\/uploads\/2021\/03\/4-33.jpg 640w, https:\/\/legacy.dia.edu.az\/wp-content\/uploads\/2021\/03\/4-33-300x199.jpg 300w, https:\/\/legacy.dia.edu.az\/wp-content\/uploads\/2021\/03\/4-33-150x100.jpg 150w, https:\/\/legacy.dia.edu.az\/wp-content\/uploads\/2021\/03\/4-33-300x199@2x.jpg 600w\" sizes=\"(max-width: 640px) 100vw, 640px\" \/><\/figure><\/li><li class=\"blocks-gallery-item\"><figure><img width=\"1024\" height=\"678\" src=\"https:\/\/dia.edu.az\/wp-content\/uploads\/2021\/03\/5-27-1024x678.jpg\" alt=\"\" data-id=\"4804\" data-full-url=\"https:\/\/dia.edu.az\/wp-content\/uploads\/2021\/03\/5-27.jpg\" data-link=\"https:\/\/dia.edu.az\/?attachment_id=4804\" class=\"wp-image-4804\" srcset=\"https:\/\/legacy.dia.edu.az\/wp-content\/uploads\/2021\/03\/5-27-1024x678.jpg 1024w, https:\/\/legacy.dia.edu.az\/wp-content\/uploads\/2021\/03\/5-27-300x199.jpg 300w, https:\/\/legacy.dia.edu.az\/wp-content\/uploads\/2021\/03\/5-27-1536x1017.jpg 1536w, https:\/\/legacy.dia.edu.az\/wp-content\/uploads\/2021\/03\/5-27-150x100.jpg 150w, https:\/\/legacy.dia.edu.az\/wp-content\/uploads\/2021\/03\/5-27.jpg 1848w, https:\/\/legacy.dia.edu.az\/wp-content\/uploads\/2021\/03\/5-27-300x199@2x.jpg 600w\" sizes=\"(max-width: 1024px) 100vw, 1024px\" \/><\/figure><\/li><li class=\"blocks-gallery-item\"><figure><img width=\"640\" height=\"450\" src=\"https:\/\/dia.edu.az\/wp-content\/uploads\/2021\/03\/6-22.jpg\" alt=\"\" data-id=\"4807\" data-full-url=\"https:\/\/dia.edu.az\/wp-content\/uploads\/2021\/03\/6-22.jpg\" data-link=\"https:\/\/dia.edu.az\/?attachment_id=4807\" class=\"wp-image-4807\" srcset=\"https:\/\/legacy.dia.edu.az\/wp-content\/uploads\/2021\/03\/6-22.jpg 640w, https:\/\/legacy.dia.edu.az\/wp-content\/uploads\/2021\/03\/6-22-300x211.jpg 300w, https:\/\/legacy.dia.edu.az\/wp-content\/uploads\/2021\/03\/6-22-300x211@2x.jpg 600w\" sizes=\"(max-width: 640px) 100vw, 640px\" \/><\/figure><\/li><\/ul><\/figure>","protected":false},"excerpt":{"rendered":"<p>D\u00f6vl\u0259t \u0130dar\u0259\u00e7ilik Akademiyas\u0131nda Xocal\u0131 soyq\u0131r\u0131m\u0131 qurbanlar\u0131n\u0131n xatir\u0259si an\u0131l\u0131bFev 25 , 2020 &#8211; 05:03 Fevral\u0131n 25-d\u0259 Az\u0259rbaycan Respublikas\u0131n\u0131n Prezidenti yan\u0131nda D\u00f6vl\u0259t \u0130dar\u0259\u00e7ilik Akademiyas\u0131nda (D\u0130A) Xocal\u0131 soyq\u0131r\u0131m\u0131n\u0131n iyirmi s\u0259kkizinci ild\u00f6n\u00fcm\u00fcn\u0259 h\u0259sr olunan t\u0259dbir ke\u00e7irilib. \u018fvv\u0259lc\u0259 Xocal\u0131 faci\u0259si qurbanlar\u0131n\u0131n xatir\u0259si bir d\u0259qiq\u0259lik s\u00fckutla yad edilib. T\u0259dbird\u0259 \u00e7\u0131x\u0131\u015f ed\u0259n D\u0130A-n\u0131n rektoru, akademik Urxan \u018fl\u0259kb\u0259rov 1992-ci il fevral\u0131n 26-da Erm\u0259nistan [&hellip;]<\/p>","protected":false},"author":2,"featured_media":4792,"comment_status":"closed","ping_status":"closed","sticky":false,"template":"","format":"standard","meta":[],"categories":[137],"tags":[],"_links":{"self":[{"href":"https:\/\/legacy.dia.edu.az\/ru\/wp-json\/wp\/v2\/posts\/4791"}],"collection":[{"href":"https:\/\/legacy.dia.edu.az\/ru\/wp-json\/wp\/v2\/posts"}],"about":[{"href":"https:\/\/legacy.dia.edu.az\/ru\/wp-json\/wp\/v2\/types\/post"}],"author":[{"embeddable":true,"href":"https:\/\/legacy.dia.edu.az\/ru\/wp-json\/wp\/v2\/users\/2"}],"replies":[{"embeddable":true,"href":"https:\/\/legacy.dia.edu.az\/ru\/wp-json\/wp\/v2\/comments?post=4791"}],"version-history":[{"count":0,"href":"https:\/\/legacy.dia.edu.az\/ru\/wp-json\/wp\/v2\/posts\/4791\/revisions"}],"wp:featuredmedia":[{"embeddable":true,"href":"https:\/\/legacy.dia.edu.az\/ru\/wp-json\/wp\/v2\/media\/4792"}],"wp:attachment":[{"href":"https:\/\/legacy.dia.edu.az\/ru\/wp-json\/wp\/v2\/media?parent=4791"}],"wp:term":[{"taxonomy":"category","embeddable":true,"href":"https:\/\/legacy.dia.edu.az\/ru\/wp-json\/wp\/v2\/categories?post=4791"},{"taxonomy":"post_tag","embeddable":true,"href":"https:\/\/legacy.dia.edu.az\/ru\/wp-json\/wp\/v2\/tags?post=4791"}],"curies":[{"name":"wp","href":"https:\/\/api.w.org\/{rel}","templated":true}]}}