{"id":4741,"date":"2020-03-25T02:05:00","date_gmt":"2020-03-24T23:05:00","guid":{"rendered":"https:\/\/dia.edu.az\/?p=4741"},"modified":"2021-03-09T02:06:04","modified_gmt":"2021-03-08T23:06:04","slug":"az%c9%99rbaycan-respublikasinin-prezidenti-yaninda-dovl%c9%99t-idar%c9%99cilik-akademiyasi-koronavirusla-mubariz%c9%99y%c9%99-d%c9%99st%c9%99k-fonduna-60-min-manat-m%c9%99bl%c9%99gind%c9%99-v%c9%99sai","status":"publish","type":"post","link":"https:\/\/legacy.dia.edu.az\/ru\/arxivl\u0259r\/4741","title":{"rendered":"Az\u0259rbaycan Respublikas\u0131n\u0131n Prezidenti yan\u0131nda D\u00f6vl\u0259t \u0130dar\u0259\u00e7ilik Akademiyas\u0131 Koronavirusla M\u00fcbariz\u0259y\u0259 D\u0259st\u0259k Fonduna 60 min manat m\u0259bl\u0259\u011find\u0259 v\u0259sait k\u00f6\u00e7\u00fcr\u00fcb"},"content":{"rendered":"<p><strong>Az\u0259rbaycan Respublikas\u0131n\u0131n Prezidenti yan\u0131nda D\u00f6vl\u0259t \u0130dar\u0259\u00e7ilik Akademiyas\u0131 Koronavirusla M\u00fcbariz\u0259y\u0259 D\u0259st\u0259k Fonduna 60 min manat m\u0259bl\u0259\u011find\u0259 v\u0259sait k\u00f6\u00e7\u00fcr\u00fcb<\/strong><br><em>Mart 25 , 2020 &#8211; 01:06<\/em><\/p>\n\n\n\n<p>Az\u0259rbaycan Respublikas\u0131n\u0131n Prezidenti yan\u0131nda D\u00f6vl\u0259t \u0130dar\u0259\u00e7ilik Akademiyas\u0131 (D\u0130A) \u00f6lk\u0259 Prezidenti \u0130lham \u018fliyevin 2020-ci il 19 mart tarixli \u201cAz\u0259rbaycan Respublikas\u0131nda \u0259halinin sa\u011flaml\u0131\u011f\u0131n\u0131n qorunmas\u0131 v\u0259 koronavirus infeksiyas\u0131na qar\u015f\u0131 m\u00fcbariz\u0259nin g\u00fccl\u0259ndirilm\u0259si il\u0259 ba\u011fl\u0131 t\u0259dbirl\u0259r haqq\u0131nda\u201d F\u0259rman\u0131na \u0259sas\u0259n yarad\u0131lan Koronavirusla M\u00fcbariz\u0259y\u0259 D\u0259st\u0259k Fonduna 60 min manat m\u0259bl\u0259\u011find\u0259 v\u0259sait k\u00f6\u00e7\u00fcr\u00fcb.<\/p>\n\n\n\n<p>D\u00f6vl\u0259t \u0130dar\u0259\u00e7ilik Akademiyas\u0131ndan bildiribl\u0259r ki, qlobal pandemiya il\u0259 m\u00fcbariz\u0259 \u00fc\u00e7\u00fcn sosial h\u0259mr\u0259yliyin n\u00fcmayi\u015f etdirilm\u0259sini z\u0259ruri sayaraq v\u0259t\u0259nda\u015flar\u0131, o c\u00fcml\u0259d\u0259n akademiyan\u0131n m\u00fc\u0259llim, m\u00fcdavim v\u0259 t\u0259l\u0259b\u0259 kontingentini koronavirusla m\u00fcbariz\u0259d\u0259 aktiv olma\u011fa, \u00f6zl\u0259rini v\u0259 \u0259trafdak\u0131 insanlar\u0131 qorumaq m\u0259qs\u0259dil\u0259 Nazirl\u0259r Kabineti yan\u0131nda Operativ Q\u0259rargah\u0131n t\u0259limatlar\u0131na ciddi riay\u0259t etm\u0259y\u0259, ya\u015fl\u0131 insanlar\u0131n qay\u011f\u0131s\u0131na qalma\u011fa, z\u0259rur\u0259t olmad\u0131\u011f\u0131 t\u0259qdird\u0259 evd\u0259n \u00e7\u0131xmama\u011fa v\u0259 ictimai yerl\u0259r\u0259 topla\u015fmama\u011fa \u00e7a\u011f\u0131r\u0131r.<\/p>","protected":false},"excerpt":{"rendered":"<p>Az\u0259rbaycan Respublikas\u0131n\u0131n Prezidenti yan\u0131nda D\u00f6vl\u0259t \u0130dar\u0259\u00e7ilik Akademiyas\u0131 Koronavirusla M\u00fcbariz\u0259y\u0259 D\u0259st\u0259k Fonduna 60 min manat m\u0259bl\u0259\u011find\u0259 v\u0259sait k\u00f6\u00e7\u00fcr\u00fcbMart 25 , 2020 &#8211; 01:06 Az\u0259rbaycan Respublikas\u0131n\u0131n Prezidenti yan\u0131nda D\u00f6vl\u0259t \u0130dar\u0259\u00e7ilik Akademiyas\u0131 (D\u0130A) \u00f6lk\u0259 Prezidenti \u0130lham \u018fliyevin 2020-ci il 19 mart tarixli \u201cAz\u0259rbaycan Respublikas\u0131nda \u0259halinin sa\u011flaml\u0131\u011f\u0131n\u0131n qorunmas\u0131 v\u0259 koronavirus infeksiyas\u0131na qar\u015f\u0131 m\u00fcbariz\u0259nin g\u00fccl\u0259ndirilm\u0259si il\u0259 ba\u011fl\u0131 t\u0259dbirl\u0259r haqq\u0131nda\u201d F\u0259rman\u0131na [&hellip;]<\/p>","protected":false},"author":2,"featured_media":4742,"comment_status":"closed","ping_status":"closed","sticky":false,"template":"","format":"standard","meta":[],"categories":[137],"tags":[],"_links":{"self":[{"href":"https:\/\/legacy.dia.edu.az\/ru\/wp-json\/wp\/v2\/posts\/4741"}],"collection":[{"href":"https:\/\/legacy.dia.edu.az\/ru\/wp-json\/wp\/v2\/posts"}],"about":[{"href":"https:\/\/legacy.dia.edu.az\/ru\/wp-json\/wp\/v2\/types\/post"}],"author":[{"embeddable":true,"href":"https:\/\/legacy.dia.edu.az\/ru\/wp-json\/wp\/v2\/users\/2"}],"replies":[{"embeddable":true,"href":"https:\/\/legacy.dia.edu.az\/ru\/wp-json\/wp\/v2\/comments?post=4741"}],"version-history":[{"count":0,"href":"https:\/\/legacy.dia.edu.az\/ru\/wp-json\/wp\/v2\/posts\/4741\/revisions"}],"wp:featuredmedia":[{"embeddable":true,"href":"https:\/\/legacy.dia.edu.az\/ru\/wp-json\/wp\/v2\/media\/4742"}],"wp:attachment":[{"href":"https:\/\/legacy.dia.edu.az\/ru\/wp-json\/wp\/v2\/media?parent=4741"}],"wp:term":[{"taxonomy":"category","embeddable":true,"href":"https:\/\/legacy.dia.edu.az\/ru\/wp-json\/wp\/v2\/categories?post=4741"},{"taxonomy":"post_tag","embeddable":true,"href":"https:\/\/legacy.dia.edu.az\/ru\/wp-json\/wp\/v2\/tags?post=4741"}],"curies":[{"name":"wp","href":"https:\/\/api.w.org\/{rel}","templated":true}]}}