{"id":4654,"date":"2020-05-14T01:43:00","date_gmt":"2020-05-13T22:43:00","guid":{"rendered":"https:\/\/dia.edu.az\/?p=4654"},"modified":"2021-03-09T01:44:24","modified_gmt":"2021-03-08T22:44:24","slug":"dovl%c9%99t-idar%c9%99cilik-akademiyasinda-dovl%c9%99t-idar%c9%99ciliyind%c9%99-islahatlarin-yeni-m%c9%99rh%c9%99l%c9%99si-movzusunda-onlayn-elmi-praktiki-konfrans-kecirilib","status":"publish","type":"post","link":"https:\/\/legacy.dia.edu.az\/ru\/arxivl\u0259r\/4654","title":{"rendered":"D\u00f6vl\u0259t \u0130dar\u0259\u00e7ilik Akademiyas\u0131nda \u201cD\u00f6vl\u0259t idar\u0259\u00e7iliyind\u0259 islahatlar\u0131n yeni m\u0259rh\u0259l\u0259si\u201d m\u00f6vzusunda onlayn elmi-praktiki konfrans ke\u00e7irilib"},"content":{"rendered":"<p><strong>D\u00f6vl\u0259t \u0130dar\u0259\u00e7ilik Akademiyas\u0131nda \u201cD\u00f6vl\u0259t idar\u0259\u00e7iliyind\u0259 islahatlar\u0131n yeni m\u0259rh\u0259l\u0259si\u201d m\u00f6vzusunda onlayn elmi-praktiki konfrans ke\u00e7irilib<\/strong><\/p>\n\n\n\n<p>May\u0131n 14-d\u0259 Az\u0259rbaycan Respublikas\u0131n\u0131n Prezidenti yan\u0131nda D\u00f6vl\u0259t \u0130dar\u0259\u00e7ilik Akademiyas\u0131nda doktorant v\u0259 dissertantlar\u0131n \u00fcmummilli lider Heyd\u0259r \u018fliyevin anadan olmas\u0131n\u0131n 97-ci ild\u00f6n\u00fcm\u00fcn\u0259 h\u0259sr olunmu\u015f \u201cD\u00f6vl\u0259t idar\u0259\u00e7iliyind\u0259 islahatlar\u0131n yeni m\u0259rh\u0259l\u0259si\u201d m\u00f6vzusunda onlayn elmi-praktiki konfrans ke\u00e7irilib. Elmi T\u0259\u015fkilat v\u0259 Beyn\u0259lxalq \u018flaq\u0259l\u0259r \u015f\u00f6b\u0259sinin t\u0259\u015fkilat\u00e7\u0131l\u0131\u011f\u0131 il\u0259 ke\u00e7iril\u0259n konfrans D\u0130A-n\u0131n \u201cTrueconf\u201d platformas\u0131nda realla\u015f\u0131b.<\/p>\n\n\n\n<p>Konfrans\u0131 giri\u015f s\u00f6z\u00fc il\u0259 a\u00e7an rektor, akademik Urxan \u018fl\u0259kb\u0259rov tarixi n\u00f6qteyi-n\u0259z\u0259rd\u0259n Az\u0259rbaycan\u0131n m\u00fcst\u0259qilliyinin b\u0259rpas\u0131ndan \u00e7ox vaxt ke\u00e7m\u0259sin\u0259 baxmayaraq, \u00f6lk\u0259d\u0259 iqtisadi, sosial v\u0259 humanitar inki\u015fafda y\u00fcks\u0259k g\u00f6st\u0259ricil\u0259r qazan\u0131ld\u0131\u011f\u0131n\u0131 vur\u011fulay\u0131b. U.\u018fl\u0259kb\u0259rov bu u\u011furlar\u0131n qazan\u0131lmas\u0131nda m\u00fcasir Az\u0259rbaycan\u0131n \u0259sas\u0131n\u0131 qoymu\u015f \u00dcmummilli Lider Heyd\u0259r \u018fliyev \u00f6n\u0259mli xidm\u0259tl\u0259ri oldu\u011funa da diqq\u0259t \u00e7\u0259kib. Akademik 2003-c\u00fc ild\u0259n bu yana Prezident \u0130lham \u018fliyevin r\u0259hb\u0259rliyi il\u0259 Az\u0259rbaycanda yeni tarixin yaz\u0131ld\u0131\u011f\u0131n\u0131 deyib.&nbsp;Rektor bildirib ki, y\u00fcks\u0259k siyasi idar\u0259\u00e7ilik v\u0259 liderlik keyfiyy\u0259tl\u0259rin\u0259 malik \u00f6lk\u0259 Prezidenti c\u0259nab \u0130lham \u018fliyevin prioritetl\u0259ri d\u00fczg\u00fcn m\u00fc\u0259yy\u0259nl\u0259\u015fdirm\u0259k v\u0259 hadis\u0259l\u0259ri \u00f6nl\u0259m\u0259k bacar\u0131\u011f\u0131, h\u0259m\u00e7inin t\u0259tbiq etdiyi unikal idar\u0259\u00e7ilik texnologiyalar\u0131 v\u0259 d\u0259qiq planla\u015fd\u0131r\u0131lm\u0131\u015f inzibati v\u0259 iqtisadi islahatlar, \u00f6lk\u0259nin inki\u015faf strategiyas\u0131n\u0131n h\u0259yata ke\u00e7irilm\u0259si \u00fc\u00e7\u00fcn se\u00e7il\u0259n \u00e7evik mexanizm &nbsp;say\u0259sind\u0259 Az\u0259rbaycan bir \u00e7ox sah\u0259l\u0259rd\u0259, o c\u00fcml\u0259d\u0259n davaml\u0131 inkl\u00fcziv inki\u015faf sah\u0259sind\u0259 qlobal v\u0259 regional lider\u0259 \u00e7evrilib.&nbsp; Beyn\u0259lxalq qurumlar\u0131n da birm\u0259nal\u0131 \u015f\u0259kild\u0259 t\u0259sdiql\u0259diyi bu u\u011furlar eyni zamanda \u00f6lk\u0259nin Birinci vitse-prezidenti, Heyd\u0259r \u018fliyev Fondunun prezidenti Mehriban xan\u0131m \u018fliyevan\u0131n t\u0259\u015f\u0259bb\u00fcs\u00fc il\u0259 h\u0259yata ke\u00e7iril\u0259n u\u011furlu sosial siyas\u0259t v\u0259 sosial-humanitar layih\u0259l\u0259rin m\u0259ntiqi n\u0259tic\u0259sidir.<\/p>\n\n\n\n<p>&nbsp;&nbsp;&nbsp;&nbsp;&nbsp;&nbsp;&nbsp;&nbsp;&nbsp;&nbsp;&nbsp; Konfrans\u0131n i\u015find\u0259 i\u015ftirak ed\u0259n natiql\u0259r \u201c\u0130slahatlar siyasi institutla\u015fman\u0131n m\u00fch\u00fcm m\u0259rh\u0259l\u0259si kimi\u201d, \u201cDa\u011fl\u0131q Qaraba\u011f m\u00fcnaqi\u015f\u0259sinin h\u0259llind\u0259 beyn\u0259lxalq mediatorlar\u0131n i\u015ftirak\u0131 v\u0259 \u00dcmummilli lider Heyd\u0259r \u018fliyev vizyonu\u201d, \u201cAz\u0259rbaycan-T\u00fcrkiy\u0259 m\u00fcnasib\u0259tl\u0259rinin inki\u015faf\u0131nda Heyd\u0259r \u018fliyevin rolu\u201d, \u201cPost-sosializm m\u0259rh\u0259l\u0259si: ke\u00e7idi \u015f\u0259rtl\u0259ndir\u0259n amill\u0259r\u201d, \u201cAz\u0259rbaycan Respublikas\u0131nda davaml\u0131 inki\u015faf\u0131n t\u0259min edilm\u0259sinin siyasi aspektl\u0259ri\u201d, \u201cSivilizasiyalar\u0131n toqqu\u015fmas\u0131\u201d 25 il sonra\u201d, \u201cD\u00f6vl\u0259t\u2013\u00f6z\u0259l t\u0259r\u0259fda\u015fl\u0131\u011f\u0131: n\u0259z\u0259ri v\u0259 tarixi aspekt\u201d, \u201cQloballa\u015fma \u015f\u0259raitind\u0259 h\u0259rbi m\u00fcnaqi\u015f\u0259l\u0259rin yaratd\u0131\u011f\u0131 humanitar probleml\u0259r\u201d, \u201cKlasterl\u0259\u015fm\u0259nin s\u0259nayed\u0259 rolu\u201d, \u201cQlobal informasiya c\u0259miyy\u0259ti konsepsiyalar\u0131n\u0131n n\u0259z\u0259ri \u0259saslar\u0131\u201d, \u201c\u201dBreksit\u201d v\u0259 s\u0259b\u0259bl\u0259ri\u201d v\u0259 s. aktual m\u00f6vzularda m\u0259ruz\u0259l\u0259r edibl\u0259r.<\/p>\n\n\n\n<p>\u00a0\u00a0\u00a0\u00a0\u00a0\u00a0\u00a0\u00a0\u00a0\u00a0\u00a0 Yekunda t\u0259qdimatlar \u0259traf\u0131nda fikir m\u00fcbadil\u0259si apar\u0131l\u0131b.\u00a0<\/p>\n\n\n\n<figure class=\"wp-container-2 wp-block-gallery-1 wp-block-gallery columns-3 is-cropped\"><ul class=\"blocks-gallery-grid\"><li class=\"blocks-gallery-item\"><figure><img width=\"551\" height=\"308\" src=\"https:\/\/dia.edu.az\/wp-content\/uploads\/2021\/03\/1-2.png\" alt=\"\" data-id=\"4655\" data-full-url=\"https:\/\/dia.edu.az\/wp-content\/uploads\/2021\/03\/1-2.png\" data-link=\"https:\/\/dia.edu.az\/?attachment_id=4655\" class=\"wp-image-4655\" srcset=\"https:\/\/legacy.dia.edu.az\/wp-content\/uploads\/2021\/03\/1-2.png 551w, https:\/\/legacy.dia.edu.az\/wp-content\/uploads\/2021\/03\/1-2-300x168.png 300w\" sizes=\"(max-width: 551px) 100vw, 551px\" \/><\/figure><\/li><li class=\"blocks-gallery-item\"><figure><img width=\"640\" height=\"334\" src=\"https:\/\/dia.edu.az\/wp-content\/uploads\/2021\/03\/2-1.png\" alt=\"\" data-id=\"4658\" data-full-url=\"https:\/\/dia.edu.az\/wp-content\/uploads\/2021\/03\/2-1.png\" data-link=\"https:\/\/dia.edu.az\/?attachment_id=4658\" class=\"wp-image-4658\" srcset=\"https:\/\/legacy.dia.edu.az\/wp-content\/uploads\/2021\/03\/2-1.png 640w, https:\/\/legacy.dia.edu.az\/wp-content\/uploads\/2021\/03\/2-1-300x157.png 300w, https:\/\/legacy.dia.edu.az\/wp-content\/uploads\/2021\/03\/2-1-300x157@2x.png 600w\" sizes=\"(max-width: 640px) 100vw, 640px\" \/><\/figure><\/li><li class=\"blocks-gallery-item\"><figure><img width=\"635\" height=\"480\" src=\"https:\/\/dia.edu.az\/wp-content\/uploads\/2021\/03\/3-32.jpg\" alt=\"\" data-id=\"4661\" data-full-url=\"https:\/\/dia.edu.az\/wp-content\/uploads\/2021\/03\/3-32.jpg\" data-link=\"https:\/\/dia.edu.az\/?attachment_id=4661\" class=\"wp-image-4661\" srcset=\"https:\/\/legacy.dia.edu.az\/wp-content\/uploads\/2021\/03\/3-32.jpg 635w, https:\/\/legacy.dia.edu.az\/wp-content\/uploads\/2021\/03\/3-32-300x227.jpg 300w, https:\/\/legacy.dia.edu.az\/wp-content\/uploads\/2021\/03\/3-32-300x227@2x.jpg 600w\" sizes=\"(max-width: 635px) 100vw, 635px\" \/><\/figure><\/li><li class=\"blocks-gallery-item\"><figure><img width=\"639\" height=\"480\" src=\"https:\/\/dia.edu.az\/wp-content\/uploads\/2021\/03\/4-27.jpg\" alt=\"\" data-id=\"4664\" data-full-url=\"https:\/\/dia.edu.az\/wp-content\/uploads\/2021\/03\/4-27.jpg\" data-link=\"https:\/\/dia.edu.az\/?attachment_id=4664\" class=\"wp-image-4664\" srcset=\"https:\/\/legacy.dia.edu.az\/wp-content\/uploads\/2021\/03\/4-27.jpg 639w, https:\/\/legacy.dia.edu.az\/wp-content\/uploads\/2021\/03\/4-27-300x225.jpg 300w, https:\/\/legacy.dia.edu.az\/wp-content\/uploads\/2021\/03\/4-27-300x225@2x.jpg 600w\" sizes=\"(max-width: 639px) 100vw, 639px\" \/><\/figure><\/li><\/ul><\/figure>","protected":false},"excerpt":{"rendered":"<p>D\u00f6vl\u0259t \u0130dar\u0259\u00e7ilik Akademiyas\u0131nda \u201cD\u00f6vl\u0259t idar\u0259\u00e7iliyind\u0259 islahatlar\u0131n yeni m\u0259rh\u0259l\u0259si\u201d m\u00f6vzusunda onlayn elmi-praktiki konfrans ke\u00e7irilib May\u0131n 14-d\u0259 Az\u0259rbaycan Respublikas\u0131n\u0131n Prezidenti yan\u0131nda D\u00f6vl\u0259t \u0130dar\u0259\u00e7ilik Akademiyas\u0131nda doktorant v\u0259 dissertantlar\u0131n \u00fcmummilli lider Heyd\u0259r \u018fliyevin anadan olmas\u0131n\u0131n 97-ci ild\u00f6n\u00fcm\u00fcn\u0259 h\u0259sr olunmu\u015f \u201cD\u00f6vl\u0259t idar\u0259\u00e7iliyind\u0259 islahatlar\u0131n yeni m\u0259rh\u0259l\u0259si\u201d m\u00f6vzusunda onlayn elmi-praktiki konfrans ke\u00e7irilib. Elmi T\u0259\u015fkilat v\u0259 Beyn\u0259lxalq \u018flaq\u0259l\u0259r \u015f\u00f6b\u0259sinin t\u0259\u015fkilat\u00e7\u0131l\u0131\u011f\u0131 il\u0259 ke\u00e7iril\u0259n konfrans [&hellip;]<\/p>","protected":false},"author":2,"featured_media":4658,"comment_status":"closed","ping_status":"closed","sticky":false,"template":"","format":"standard","meta":[],"categories":[137],"tags":[],"_links":{"self":[{"href":"https:\/\/legacy.dia.edu.az\/ru\/wp-json\/wp\/v2\/posts\/4654"}],"collection":[{"href":"https:\/\/legacy.dia.edu.az\/ru\/wp-json\/wp\/v2\/posts"}],"about":[{"href":"https:\/\/legacy.dia.edu.az\/ru\/wp-json\/wp\/v2\/types\/post"}],"author":[{"embeddable":true,"href":"https:\/\/legacy.dia.edu.az\/ru\/wp-json\/wp\/v2\/users\/2"}],"replies":[{"embeddable":true,"href":"https:\/\/legacy.dia.edu.az\/ru\/wp-json\/wp\/v2\/comments?post=4654"}],"version-history":[{"count":0,"href":"https:\/\/legacy.dia.edu.az\/ru\/wp-json\/wp\/v2\/posts\/4654\/revisions"}],"wp:featuredmedia":[{"embeddable":true,"href":"https:\/\/legacy.dia.edu.az\/ru\/wp-json\/wp\/v2\/media\/4658"}],"wp:attachment":[{"href":"https:\/\/legacy.dia.edu.az\/ru\/wp-json\/wp\/v2\/media?parent=4654"}],"wp:term":[{"taxonomy":"category","embeddable":true,"href":"https:\/\/legacy.dia.edu.az\/ru\/wp-json\/wp\/v2\/categories?post=4654"},{"taxonomy":"post_tag","embeddable":true,"href":"https:\/\/legacy.dia.edu.az\/ru\/wp-json\/wp\/v2\/tags?post=4654"}],"curies":[{"name":"wp","href":"https:\/\/api.w.org\/{rel}","templated":true}]}}