{"id":4639,"date":"2020-05-27T01:41:00","date_gmt":"2020-05-26T22:41:00","guid":{"rendered":"https:\/\/dia.edu.az\/?p=4639"},"modified":"2021-03-09T01:42:37","modified_gmt":"2021-03-08T22:42:37","slug":"dovl%c9%99t-idar%c9%99cilik-akademiyasi-onlayn-video-konfransda-istirak-etmisdir","status":"publish","type":"post","link":"https:\/\/legacy.dia.edu.az\/ru\/arxivl\u0259r\/4639","title":{"rendered":"D\u00f6vl\u0259t \u0130dar\u0259\u00e7ilik Akademiyas\u0131 onlayn video konfransda i\u015ftirak etmi\u015fdir"},"content":{"rendered":"<p><strong>D\u00f6vl\u0259t \u0130dar\u0259\u00e7ilik Akademiyas\u0131 onlayn video konfransda i\u015ftirak etmi\u015fdir<\/strong><\/p>\n\n\n\n<p>Az\u0259rbaycan Respublikas\u0131n\u0131n Prezidenti yan\u0131nda D\u00f6vl\u0259t \u0130dar\u0259\u00e7ilik Akademiyas\u0131 il\u0259 Az\u0259rbaycan Respublikas\u0131n\u0131n Diasporla i\u015f \u00fczr\u0259 D\u00f6vl\u0259t Komit\u0259nin birg\u0259 onlayn video konfranslar t\u0259\u015fkil edilmi\u015fdir.<\/p>\n\n\n\n<p>Xarici \u00f6lk\u0259l\u0259r \u00fczr\u0259 t\u0259\u015fkil olunmu\u015f onlayn video konfransda Az\u0259rbaycan Respublikas\u0131n\u0131n Prezidenti yan\u0131nda D\u00f6vl\u0259t \u0130dar\u0259\u00e7ilik Akademiyas\u0131n\u0131n rektoru akademik Urxan \u018fl\u0259kb\u0259rov \u201cAz\u0259rbaycan Respublikas\u0131n\u0131n davaml\u0131 inkl\u00fcziv inki\u015faf\u0131n idar\u0259edilm\u0259si sah\u0259sind\u0259 d\u00fcnya liderliyini t\u0259min ed\u0259n innovativ d\u00f6vl\u0259t idar\u0259\u00e7iliyi texnologiyalar\u0131\u201d m\u00f6vzusunda m\u0259ruz\u0259 il\u0259 \u00e7\u0131x\u0131\u015f etmi\u015fdir.<\/p>\n\n\n\n<p>&nbsp;N\u00f6vb\u0259ti onlayn video konfransda \u0130sve\u00e7r\u0259nin Friburq Universitetinin Beyn\u0259lxalq h\u00fcquq b\u00f6l\u00fcm\u00fcn\u00fcn t\u0259dqiqat\u00e7\u0131s\u0131 Ramil Dursunov \u201cSosial sisteml\u0259r n\u0259z\u0259riyy\u0259sin\u0259 giri\u015f\u201d, \u015eimali Karolina Universitetinin Konfliktologiya b\u00f6lm\u0259sinin direktoru, Amerika Az\u0259rbaycan Aliml\u0259ri \u015f\u0259b\u0259k\u0259sinin direktoru \u018fli \u018fsk\u0259rov \u201c\u0130qtisadi inki\u015faf v\u0259 d\u00f6vl\u0259t quruculu\u011funda neftin rolu\u201d m\u00f6vzusunda m\u0259ruz\u0259 il\u0259 \u00e7\u0131x\u0131\u015f etmi\u015fl\u0259r.<\/p>\n\n\n\n<p>Onlayn konfransda Az\u0259rbaycan Respublikas\u0131n\u0131n Prezidenti yan\u0131nda D\u00f6vl\u0259t \u0130dar\u0259\u00e7ilik Akademiyas\u0131n\u0131n\u00a0 t\u0259l\u0259b\u0259l\u0259ri\u00a0 aktiv i\u015ftirak etmi\u015fl\u0259r.<\/p>\n\n\n\n<figure class=\"wp-container-2 wp-block-gallery-1 wp-block-gallery columns-3 is-cropped\"><ul class=\"blocks-gallery-grid\"><li class=\"blocks-gallery-item\"><figure><img width=\"640\" height=\"472\" src=\"https:\/\/dia.edu.az\/wp-content\/uploads\/2021\/03\/1-35.jpg\" alt=\"\" data-id=\"4640\" data-full-url=\"https:\/\/dia.edu.az\/wp-content\/uploads\/2021\/03\/1-35.jpg\" data-link=\"https:\/\/dia.edu.az\/?attachment_id=4640\" class=\"wp-image-4640\" srcset=\"https:\/\/legacy.dia.edu.az\/wp-content\/uploads\/2021\/03\/1-35.jpg 640w, https:\/\/legacy.dia.edu.az\/wp-content\/uploads\/2021\/03\/1-35-300x221.jpg 300w, https:\/\/legacy.dia.edu.az\/wp-content\/uploads\/2021\/03\/1-35-300x221@2x.jpg 600w\" sizes=\"(max-width: 640px) 100vw, 640px\" \/><\/figure><\/li><li class=\"blocks-gallery-item\"><figure><img width=\"640\" height=\"462\" src=\"https:\/\/dia.edu.az\/wp-content\/uploads\/2021\/03\/2-32.jpg\" alt=\"\" data-id=\"4643\" data-full-url=\"https:\/\/dia.edu.az\/wp-content\/uploads\/2021\/03\/2-32.jpg\" data-link=\"https:\/\/dia.edu.az\/?attachment_id=4643\" class=\"wp-image-4643\" srcset=\"https:\/\/legacy.dia.edu.az\/wp-content\/uploads\/2021\/03\/2-32.jpg 640w, https:\/\/legacy.dia.edu.az\/wp-content\/uploads\/2021\/03\/2-32-300x217.jpg 300w, https:\/\/legacy.dia.edu.az\/wp-content\/uploads\/2021\/03\/2-32-360x260.jpg 360w, https:\/\/legacy.dia.edu.az\/wp-content\/uploads\/2021\/03\/2-32-300x217@2x.jpg 600w\" sizes=\"(max-width: 640px) 100vw, 640px\" \/><\/figure><\/li><li class=\"blocks-gallery-item\"><figure><img width=\"640\" height=\"382\" src=\"https:\/\/dia.edu.az\/wp-content\/uploads\/2021\/03\/3-31.jpg\" alt=\"\" data-id=\"4646\" data-full-url=\"https:\/\/dia.edu.az\/wp-content\/uploads\/2021\/03\/3-31.jpg\" data-link=\"https:\/\/dia.edu.az\/?attachment_id=4646\" class=\"wp-image-4646\" srcset=\"https:\/\/legacy.dia.edu.az\/wp-content\/uploads\/2021\/03\/3-31.jpg 640w, https:\/\/legacy.dia.edu.az\/wp-content\/uploads\/2021\/03\/3-31-300x179.jpg 300w, https:\/\/legacy.dia.edu.az\/wp-content\/uploads\/2021\/03\/3-31-300x179@2x.jpg 600w\" sizes=\"(max-width: 640px) 100vw, 640px\" \/><\/figure><\/li><li class=\"blocks-gallery-item\"><figure><img width=\"598\" height=\"480\" src=\"https:\/\/dia.edu.az\/wp-content\/uploads\/2021\/03\/4-26.jpg\" alt=\"\" data-id=\"4649\" data-full-url=\"https:\/\/dia.edu.az\/wp-content\/uploads\/2021\/03\/4-26.jpg\" data-link=\"https:\/\/dia.edu.az\/?attachment_id=4649\" class=\"wp-image-4649\" srcset=\"https:\/\/legacy.dia.edu.az\/wp-content\/uploads\/2021\/03\/4-26.jpg 598w, https:\/\/legacy.dia.edu.az\/wp-content\/uploads\/2021\/03\/4-26-300x241.jpg 300w, https:\/\/legacy.dia.edu.az\/wp-content\/uploads\/2021\/03\/4-26-300x241@2x.jpg 600w\" sizes=\"(max-width: 598px) 100vw, 598px\" \/><\/figure><\/li><\/ul><\/figure>","protected":false},"excerpt":{"rendered":"<p>D\u00f6vl\u0259t \u0130dar\u0259\u00e7ilik Akademiyas\u0131 onlayn video konfransda i\u015ftirak etmi\u015fdir Az\u0259rbaycan Respublikas\u0131n\u0131n Prezidenti yan\u0131nda D\u00f6vl\u0259t \u0130dar\u0259\u00e7ilik Akademiyas\u0131 il\u0259 Az\u0259rbaycan Respublikas\u0131n\u0131n Diasporla i\u015f \u00fczr\u0259 D\u00f6vl\u0259t Komit\u0259nin birg\u0259 onlayn video konfranslar t\u0259\u015fkil edilmi\u015fdir. Xarici \u00f6lk\u0259l\u0259r \u00fczr\u0259 t\u0259\u015fkil olunmu\u015f onlayn video konfransda Az\u0259rbaycan Respublikas\u0131n\u0131n Prezidenti yan\u0131nda D\u00f6vl\u0259t \u0130dar\u0259\u00e7ilik Akademiyas\u0131n\u0131n rektoru akademik Urxan \u018fl\u0259kb\u0259rov \u201cAz\u0259rbaycan Respublikas\u0131n\u0131n davaml\u0131 inkl\u00fcziv inki\u015faf\u0131n idar\u0259edilm\u0259si sah\u0259sind\u0259 [&hellip;]<\/p>","protected":false},"author":2,"featured_media":4640,"comment_status":"closed","ping_status":"closed","sticky":false,"template":"","format":"standard","meta":[],"categories":[137],"tags":[],"_links":{"self":[{"href":"https:\/\/legacy.dia.edu.az\/ru\/wp-json\/wp\/v2\/posts\/4639"}],"collection":[{"href":"https:\/\/legacy.dia.edu.az\/ru\/wp-json\/wp\/v2\/posts"}],"about":[{"href":"https:\/\/legacy.dia.edu.az\/ru\/wp-json\/wp\/v2\/types\/post"}],"author":[{"embeddable":true,"href":"https:\/\/legacy.dia.edu.az\/ru\/wp-json\/wp\/v2\/users\/2"}],"replies":[{"embeddable":true,"href":"https:\/\/legacy.dia.edu.az\/ru\/wp-json\/wp\/v2\/comments?post=4639"}],"version-history":[{"count":0,"href":"https:\/\/legacy.dia.edu.az\/ru\/wp-json\/wp\/v2\/posts\/4639\/revisions"}],"wp:featuredmedia":[{"embeddable":true,"href":"https:\/\/legacy.dia.edu.az\/ru\/wp-json\/wp\/v2\/media\/4640"}],"wp:attachment":[{"href":"https:\/\/legacy.dia.edu.az\/ru\/wp-json\/wp\/v2\/media?parent=4639"}],"wp:term":[{"taxonomy":"category","embeddable":true,"href":"https:\/\/legacy.dia.edu.az\/ru\/wp-json\/wp\/v2\/categories?post=4639"},{"taxonomy":"post_tag","embeddable":true,"href":"https:\/\/legacy.dia.edu.az\/ru\/wp-json\/wp\/v2\/tags?post=4639"}],"curies":[{"name":"wp","href":"https:\/\/api.w.org\/{rel}","templated":true}]}}