{"id":4617,"date":"2020-06-01T01:38:00","date_gmt":"2020-05-31T22:38:00","guid":{"rendered":"https:\/\/dia.edu.az\/?p=4617"},"modified":"2021-03-09T01:39:03","modified_gmt":"2021-03-08T22:39:03","slug":"az%c9%99rbaycan-respublikasinin-prezidenti-yaninda-dovl%c9%99t-idar%c9%99cilik-akademiyasinin-yaz-imtahan-sessiyasi-v%c9%99-yekun-dovl%c9%99t-attestasiyasi-il%c9%99-bagli-q%c9%99rari","status":"publish","type":"post","link":"https:\/\/legacy.dia.edu.az\/ru\/arxivl\u0259r\/4617","title":{"rendered":"Az\u0259rbaycan Respublikas\u0131n\u0131n Prezidenti yan\u0131nda D\u00f6vl\u0259t \u0130dar\u0259\u00e7ilik Akademiyas\u0131n\u0131n yaz imtahan sessiyas\u0131 v\u0259 Yekun D\u00f6vl\u0259t Attestasiyas\u0131 il\u0259 ba\u011fl\u0131 q\u0259rar\u0131"},"content":{"rendered":"<p><strong>Az\u0259rbaycan Respublikas\u0131n\u0131n Prezidenti yan\u0131nda D\u00f6vl\u0259t \u0130dar\u0259\u00e7ilik Akademiyas\u0131n\u0131n yaz imtahan sessiyas\u0131 v\u0259 Yekun D\u00f6vl\u0259t Attestasiyas\u0131 il\u0259 ba\u011fl\u0131 q\u0259rar\u0131<\/strong><\/p>\n\n\n\n<p><strong>Yaz imtahan sessiyas\u0131nda:<\/strong><\/p>\n\n\n\n<p>&#8211; \u0130mtahan sessiyas\u0131na m\u00f6vcud akademik t\u0259qvimd\u0259 ayr\u0131lan h\u0259ft\u0259l\u0259rin say\u0131 4 h\u0259ft\u0259 m\u00fc\u0259yy\u0259n edilsin v\u0259 16 iyun &#8211; 13 iyul tarixl\u0259rind\u0259 ke\u00e7irilsin. B\u00fct\u00fcn imtahanlar distant formada ke\u00e7irilir (test v\u0259 \u015fifahi olmaqla);<\/p>\n\n\n\n<p>&#8211; \u0130mtahan sessiyas\u0131nda i\u015ftirak ed\u0259 bilm\u0259y\u0259n v\u0259 ya qeyri m\u00fcv\u0259ff\u0259q qiym\u0259t alm\u0131\u015f t\u0259l\u0259b\u0259l\u0259r avqust &#8211; sentyabr aylar\u0131nda t\u0259krar distant imtahan ver\u0259 bil\u0259c\u0259kl\u0259r. \u018flav\u0259 olaraq t\u0259l\u0259b\u0259 h\u0259r bir semestrd\u0259 m\u00fchazir\u0259l\u0259ri yenid\u0259n dinl\u0259m\u0259d\u0259n akademik borcu \u0259vv\u0259lki semestrl\u0259rd\u0259 yaranm\u0131\u015f iki f\u0259nn \u00fczr\u0259 (h\u0259r f\u0259nnd\u0259n bir d\u0259f\u0259 olmaqla) d\u0259 imtahanda i\u015ftirak ed\u0259 bil\u0259r (t\u0259l\u0259b\u0259l\u0259rin m\u00fcraci\u0259ti \u0259sas\u0131nda).<\/p>\n\n\n\n<p>&#8211; T\u0259krar imtahanlar \u00f6d\u0259ni\u015fsizdir.<\/p>\n\n\n\n<p>&#8211; Test v\u0259 \u015fifahi imtahan suallar\u0131 imtahana 10 g\u00fcn qalm\u0131\u015f t\u0259hsilalanlara g\u00f6nd\u0259ril\u0259c\u0259kdir.<\/p>\n\n\n\n<p>&#8211; \u0130st\u0259r iyun-iyul aylar\u0131nda, ist\u0259rs\u0259 d\u0259 avqust-sentyabr aylar\u0131nda ke\u00e7iril\u0259c\u0259k sessiyalarda i\u015ftirak ed\u0259n t\u0259l\u0259b\u0259l\u0259r t\u0259qa\u00fcd m\u00fcsabiq\u0259sind\u0259 i\u015ftirak ed\u0259c\u0259k v\u0259 t\u0259qa\u00fcd almaq h\u00fcququ olan t\u0259l\u0259b\u0259l\u0259rin siyah\u0131s\u0131 sentyabr ay\u0131nda m\u00fc\u0259yy\u0259n edil\u0259c\u0259k. Yaz imtahan sessiyas\u0131nda t\u0259qa\u00fcd m\u00fc\u0259yy\u0259n edil\u0259n zaman b\u0259rab\u0259r bal toplam\u0131\u015f t\u0259l\u0259b\u0259l\u0259rd\u0259n t\u0259hsil m\u00fcdd\u0259tind\u0259 \u00fcmumi orta m\u00fcv\u0259f\u0259qiyy\u0259t g\u00f6st\u0259ricisi (\u00dcOMG) y\u00fcks\u0259k olanlara \u00fcst\u00fcnl\u00fck veril\u0259c\u0259k.<\/p>\n\n\n\n<p>&#8211; Bakalavr v\u0259 magistratura s\u0259viyy\u0259si \u00fczr\u0259 \u0259yani t\u0259hsil alan t\u0259l\u0259b\u0259l\u0259rin h\u0259r iki formada (test v\u0259 \u015fifahi) cavablar\u0131n\u0131n qiym\u0259tl\u0259ndirilm\u0259si aral\u0131q qiym\u0259tl\u0259ndirm\u0259 \u00fczr\u0259 100 ball\u0131q sisteml\u0259 apar\u0131l\u0131r. Test imtahan\u0131 zaman\u0131 f\u0259nn \u00fczr\u0259 verilmi\u015f test bazas\u0131ndan h\u0259r biri 2 bal qiym\u0259tl\u0259ndirm\u0259kl\u0259 50 test t\u0259qdim olunur.<\/p>\n\n\n\n<p><strong>Burax\u0131l\u0131\u015f kurslar\u0131 \u00fczr\u0259:<\/strong><\/p>\n\n\n\n<p>&#8211; Burax\u0131l\u0131\u015f kurslar\u0131 \u00fc\u00e7\u00fcn \u0259vv\u0259lki semestrl\u0259rd\u0259n yaranm\u0131\u015f akademik borclar \u00fczr\u0259 t\u0259krar imtahanlar yaz imtahan sessiyas\u0131 ba\u015flayanad\u0259k, Yekun D\u00f6vl\u0259t Attestasiyas\u0131 is\u0259 5 iyul 2020-ci il tarixin\u0259d\u0259k t\u0259\u015fkil edil\u0259c\u0259kdir.<\/p>\n\n\n\n<p>&#8211; \u018fvv\u0259lki semestrl\u0259rd\u0259n qalan akademik borclar \u00fczr\u0259 t\u0259krar imtahanlarda i\u015ftirak ed\u0259n bakalavr v\u0259 magistrantlar \u00fc\u00e7\u00fcn akademik borcun yarand\u0131\u011f\u0131 semestrd\u0259ki cari qiym\u0259tl\u0259ndirm\u0259 n\u0259tic\u0259si \u0259sas g\u00f6t\u00fcr\u00fcl\u00fcr v\u0259 t\u0259krar imtahanlar distant formada test v\u0259 ya \u015fifahi \u00fcsul il\u0259 t\u0259\u015fkil olunur.<\/p>\n\n\n\n<p>&nbsp;&nbsp;&nbsp;&nbsp;&nbsp;&nbsp;&nbsp;&nbsp;&nbsp;&nbsp;<strong>T\u0259cr\u00fcb\u0259l<\/strong><strong>\u0259r<\/strong><strong>&nbsp;\u00fczr\u0259:<\/strong><\/p>\n\n\n\n<p>&#8211; Bakalavriat v\u0259 magistratura s\u0259viyy\u0259si \u00fczr\u0259 \u0259yani v\u0259 qiyabi t\u0259hsil alan burax\u0131l\u0131\u015f kurs t\u0259l\u0259b\u0259l\u0259rinin t\u0259cr\u00fcb\u0259l\u0259r \u00fczr\u0259 qiym\u0259ti 100 bal olaraq m\u00fc\u0259yy\u0259n edilir.<\/p>\n\n\n\n<p><strong>Yekun D\u00f6vl\u0259t Attestasiyasiyas\u0131 \u00fczr\u0259:<\/strong><\/p>\n\n\n\n<p>&#8211; Bakalavriat v\u0259 magistratura s\u0259viyy\u0259sind\u0259 burax\u0131l\u0131\u015f i\u015fini (magistr dissertasiyas\u0131) yerin\u0259 yetir\u0259n t\u0259l\u0259b\u0259l\u0259rin burax\u0131l\u0131\u015f i\u015fl\u0259ri elektron formada, elmi r\u0259hb\u0259rin r\u0259yi v\u0259 referat il\u0259 birlikd\u0259 ixtisas kafedralar\u0131na g\u00f6nd\u0259rilir, m\u00fcdafi\u0259 komissiyalar\u0131 t\u0259r\u0259find\u0259n bax\u0131ld\u0131qdan sonra t\u0259l\u0259b\u0259nin \u00dcOMG n\u0259z\u0259r\u0259 al\u0131nmaqla qiym\u0259tl\u0259ndirilir. Yekun qiym\u0259tl\u0259ndirm\u0259nin n\u0259tic\u0259si il\u0259 raz\u0131 olmayan bakalavrlar v\u0259 magistrlar\u0131n m\u00fcraci\u0259tl\u0259ri \u0259sas\u0131nda, onlar \u00fc\u00e7\u00fcn Yekun D\u00f6vl\u0259t Attestasiyas\u0131 distant formada 5 iyul tarixin\u0259 q\u0259d\u0259r t\u0259\u015fkil edilir.<\/p>","protected":false},"excerpt":{"rendered":"<p>Az\u0259rbaycan Respublikas\u0131n\u0131n Prezidenti yan\u0131nda D\u00f6vl\u0259t \u0130dar\u0259\u00e7ilik Akademiyas\u0131n\u0131n yaz imtahan sessiyas\u0131 v\u0259 Yekun D\u00f6vl\u0259t Attestasiyas\u0131 il\u0259 ba\u011fl\u0131 q\u0259rar\u0131 Yaz imtahan sessiyas\u0131nda: &#8211; \u0130mtahan sessiyas\u0131na m\u00f6vcud akademik t\u0259qvimd\u0259 ayr\u0131lan h\u0259ft\u0259l\u0259rin say\u0131 4 h\u0259ft\u0259 m\u00fc\u0259yy\u0259n edilsin v\u0259 16 iyun &#8211; 13 iyul tarixl\u0259rind\u0259 ke\u00e7irilsin. B\u00fct\u00fcn imtahanlar distant formada ke\u00e7irilir (test v\u0259 \u015fifahi olmaqla); &#8211; \u0130mtahan sessiyas\u0131nda i\u015ftirak ed\u0259 [&hellip;]<\/p>","protected":false},"author":2,"featured_media":4621,"comment_status":"closed","ping_status":"closed","sticky":false,"template":"","format":"standard","meta":[],"categories":[137],"tags":[],"_links":{"self":[{"href":"https:\/\/legacy.dia.edu.az\/ru\/wp-json\/wp\/v2\/posts\/4617"}],"collection":[{"href":"https:\/\/legacy.dia.edu.az\/ru\/wp-json\/wp\/v2\/posts"}],"about":[{"href":"https:\/\/legacy.dia.edu.az\/ru\/wp-json\/wp\/v2\/types\/post"}],"author":[{"embeddable":true,"href":"https:\/\/legacy.dia.edu.az\/ru\/wp-json\/wp\/v2\/users\/2"}],"replies":[{"embeddable":true,"href":"https:\/\/legacy.dia.edu.az\/ru\/wp-json\/wp\/v2\/comments?post=4617"}],"version-history":[{"count":0,"href":"https:\/\/legacy.dia.edu.az\/ru\/wp-json\/wp\/v2\/posts\/4617\/revisions"}],"wp:featuredmedia":[{"embeddable":true,"href":"https:\/\/legacy.dia.edu.az\/ru\/wp-json\/wp\/v2\/media\/4621"}],"wp:attachment":[{"href":"https:\/\/legacy.dia.edu.az\/ru\/wp-json\/wp\/v2\/media?parent=4617"}],"wp:term":[{"taxonomy":"category","embeddable":true,"href":"https:\/\/legacy.dia.edu.az\/ru\/wp-json\/wp\/v2\/categories?post=4617"},{"taxonomy":"post_tag","embeddable":true,"href":"https:\/\/legacy.dia.edu.az\/ru\/wp-json\/wp\/v2\/tags?post=4617"}],"curies":[{"name":"wp","href":"https:\/\/api.w.org\/{rel}","templated":true}]}}