{"id":4427,"date":"2020-09-01T01:02:00","date_gmt":"2020-08-31T22:02:00","guid":{"rendered":"https:\/\/dia.edu.az\/?p=4427"},"modified":"2021-03-09T01:04:59","modified_gmt":"2021-03-08T22:04:59","slug":"dia-beyn%c9%99lxalq-konfransda-t%c9%99msil-olunub","status":"publish","type":"post","link":"https:\/\/legacy.dia.edu.az\/ru\/arxivl\u0259r\/4427","title":{"rendered":"D\u0130A Beyn\u0259lxalq Konfransda t\u0259msil olunub"},"content":{"rendered":"<p><strong>D\u0130A Beyn\u0259lxalq Konfransda t\u0259msil olunub<\/strong><\/p>\n\n\n\n<p>\u0130nzibati \u0130dat\u0259etm\u0259 fak\u00fclt\u0259sinin dekan\u0131 prof. Xatir\u0259 Huseynova 20-22 avqust 2020-ci il tarixind\u0259 virtual olaraq \u00a0&#8220;Nyu-York \u015e\u0259h\u0259r Universiteti&#8221;nin v\u0259 &#8220;\u0130qtisadi Ara\u015fd\u0131rma v\u0259 Biznes M\u0259rk\u0259zi &#8220;nin birg\u0259 t\u0259\u015fkilat\u00e7\u0131l\u0131\u011f\u0131 il\u0259 ke\u00e7irilmi\u015f &#8220;\u0130qtisadiyyat v\u0259 biznesin inki\u015faf\u0131 &#8221;\u00a0 IX Beyn\u0259lxalq Konfras\u0131nda \u00a0\u0259sas m\u0259ruz\u0259\u00e7i kimi i\u015ftirak etmi\u015fdir.<\/p>\n\n\n\n<figure class=\"wp-container-2 wp-block-gallery-1 wp-block-gallery columns-3 is-cropped\"><ul class=\"blocks-gallery-grid\"><li class=\"blocks-gallery-item\"><figure><img width=\"640\" height=\"248\" src=\"https:\/\/dia.edu.az\/wp-content\/uploads\/2021\/03\/5.png\" alt=\"\" data-id=\"4431\" data-full-url=\"https:\/\/dia.edu.az\/wp-content\/uploads\/2021\/03\/5.png\" data-link=\"https:\/\/dia.edu.az\/?attachment_id=4431\" class=\"wp-image-4431\" srcset=\"https:\/\/legacy.dia.edu.az\/wp-content\/uploads\/2021\/03\/5.png 640w, https:\/\/legacy.dia.edu.az\/wp-content\/uploads\/2021\/03\/5-300x116.png 300w, https:\/\/legacy.dia.edu.az\/wp-content\/uploads\/2021\/03\/5-300x116@2x.png 600w\" sizes=\"(max-width: 640px) 100vw, 640px\" \/><\/figure><\/li><li class=\"blocks-gallery-item\"><figure><img width=\"631\" height=\"480\" src=\"https:\/\/dia.edu.az\/wp-content\/uploads\/2021\/03\/6.png\" alt=\"\" data-id=\"4434\" data-full-url=\"https:\/\/dia.edu.az\/wp-content\/uploads\/2021\/03\/6.png\" data-link=\"https:\/\/dia.edu.az\/?attachment_id=4434\" class=\"wp-image-4434\" srcset=\"https:\/\/legacy.dia.edu.az\/wp-content\/uploads\/2021\/03\/6.png 631w, https:\/\/legacy.dia.edu.az\/wp-content\/uploads\/2021\/03\/6-300x228.png 300w, https:\/\/legacy.dia.edu.az\/wp-content\/uploads\/2021\/03\/6-80x62.png 80w, https:\/\/legacy.dia.edu.az\/wp-content\/uploads\/2021\/03\/6-300x228@2x.png 600w\" sizes=\"(max-width: 631px) 100vw, 631px\" \/><\/figure><\/li><li class=\"blocks-gallery-item\"><figure><img width=\"640\" height=\"462\" src=\"https:\/\/dia.edu.az\/wp-content\/uploads\/2021\/03\/7.png\" alt=\"\" data-id=\"4437\" data-full-url=\"https:\/\/dia.edu.az\/wp-content\/uploads\/2021\/03\/7.png\" data-link=\"https:\/\/dia.edu.az\/?attachment_id=4437\" class=\"wp-image-4437\" srcset=\"https:\/\/legacy.dia.edu.az\/wp-content\/uploads\/2021\/03\/7.png 640w, https:\/\/legacy.dia.edu.az\/wp-content\/uploads\/2021\/03\/7-300x217.png 300w, https:\/\/legacy.dia.edu.az\/wp-content\/uploads\/2021\/03\/7-360x260.png 360w, https:\/\/legacy.dia.edu.az\/wp-content\/uploads\/2021\/03\/7-300x217@2x.png 600w\" sizes=\"(max-width: 640px) 100vw, 640px\" \/><\/figure><\/li><\/ul><\/figure>","protected":false},"excerpt":{"rendered":"<p>D\u0130A Beyn\u0259lxalq Konfransda t\u0259msil olunub \u0130nzibati \u0130dat\u0259etm\u0259 fak\u00fclt\u0259sinin dekan\u0131 prof. Xatir\u0259 Huseynova 20-22 avqust 2020-ci il tarixind\u0259 virtual olaraq \u00a0&#8220;Nyu-York \u015e\u0259h\u0259r Universiteti&#8221;nin v\u0259 &#8220;\u0130qtisadi Ara\u015fd\u0131rma v\u0259 Biznes M\u0259rk\u0259zi &#8220;nin birg\u0259 t\u0259\u015fkilat\u00e7\u0131l\u0131\u011f\u0131 il\u0259 ke\u00e7irilmi\u015f &#8220;\u0130qtisadiyyat v\u0259 biznesin inki\u015faf\u0131 &#8221;\u00a0 IX Beyn\u0259lxalq Konfras\u0131nda \u00a0\u0259sas m\u0259ruz\u0259\u00e7i kimi i\u015ftirak etmi\u015fdir.<\/p>","protected":false},"author":2,"featured_media":4431,"comment_status":"closed","ping_status":"closed","sticky":false,"template":"","format":"standard","meta":[],"categories":[137],"tags":[],"_links":{"self":[{"href":"https:\/\/legacy.dia.edu.az\/ru\/wp-json\/wp\/v2\/posts\/4427"}],"collection":[{"href":"https:\/\/legacy.dia.edu.az\/ru\/wp-json\/wp\/v2\/posts"}],"about":[{"href":"https:\/\/legacy.dia.edu.az\/ru\/wp-json\/wp\/v2\/types\/post"}],"author":[{"embeddable":true,"href":"https:\/\/legacy.dia.edu.az\/ru\/wp-json\/wp\/v2\/users\/2"}],"replies":[{"embeddable":true,"href":"https:\/\/legacy.dia.edu.az\/ru\/wp-json\/wp\/v2\/comments?post=4427"}],"version-history":[{"count":0,"href":"https:\/\/legacy.dia.edu.az\/ru\/wp-json\/wp\/v2\/posts\/4427\/revisions"}],"wp:featuredmedia":[{"embeddable":true,"href":"https:\/\/legacy.dia.edu.az\/ru\/wp-json\/wp\/v2\/media\/4431"}],"wp:attachment":[{"href":"https:\/\/legacy.dia.edu.az\/ru\/wp-json\/wp\/v2\/media?parent=4427"}],"wp:term":[{"taxonomy":"category","embeddable":true,"href":"https:\/\/legacy.dia.edu.az\/ru\/wp-json\/wp\/v2\/categories?post=4427"},{"taxonomy":"post_tag","embeddable":true,"href":"https:\/\/legacy.dia.edu.az\/ru\/wp-json\/wp\/v2\/tags?post=4427"}],"curies":[{"name":"wp","href":"https:\/\/api.w.org\/{rel}","templated":true}]}}