{"id":4393,"date":"2020-09-22T10:58:00","date_gmt":"2020-09-22T07:58:00","guid":{"rendered":"https:\/\/dia.edu.az\/?p=4393"},"modified":"2021-03-09T00:59:58","modified_gmt":"2021-03-08T21:59:58","slug":"heyd%c9%99r-%c9%99liyev-siyasi-m%c9%99kt%c9%99bini-oyr%c9%99nirik-g%c9%99nc-liderl%c9%99r-proqraminin-istirakcilari-akademik-urxan-%c9%99l%c9%99kb%c9%99rovla-gorusubl%c9%99r","status":"publish","type":"post","link":"https:\/\/legacy.dia.edu.az\/ru\/arxivl\u0259r\/4393","title":{"rendered":"\u201cHeyd\u0259r \u018fliyev siyasi m\u0259kt\u0259bini \u00f6yr\u0259nirik\u201d G\u0259nc Liderl\u0259r Proqram\u0131n\u0131n i\u015ftirak\u00e7\u0131lar\u0131 akademik Urxan \u018fl\u0259kb\u0259rovla g\u00f6r\u00fc\u015f\u00fcbl\u0259r"},"content":{"rendered":"<p><strong>\u201cHeyd\u0259r \u018fliyev siyasi m\u0259kt\u0259bini \u00f6yr\u0259nirik\u201d G\u0259nc Liderl\u0259r Proqram\u0131n\u0131n i\u015ftirak\u00e7\u0131lar\u0131 akademik Urxan \u018fl\u0259kb\u0259rovla g\u00f6r\u00fc\u015f\u00fcbl\u0259r<\/strong><\/p>\n\n\n\n<p>G\u0259ncl\u0259r v\u0259 \u0130dman Nazirliyi v\u0259 Heyd\u0259r \u018fliyev M\u0259rk\u0259zinin 2019-cu ild\u0259n h\u0259yata ke\u00e7irdiyi \u201cHeyd\u0259r \u018fliyev siyasi m\u0259kt\u0259bini \u00f6yr\u0259nirik\u201d G\u0259nc Liderl\u0259r Proqram\u0131n\u0131n i\u015ftirak\u00e7\u0131lar\u0131 bu d\u0259f\u0259 Az\u0259rbaycan Respublikas\u0131n\u0131n Prezidenti yan\u0131nda D\u00f6vl\u0259t \u0130dar\u0259\u00e7ilik Akademiyas\u0131n\u0131n rektoru Urxan \u018fl\u0259kb\u0259rovla g\u00f6r\u00fc\u015fd\u00fcl\u0259r.<\/p>\n\n\n\n<p>A\u00e7\u0131l\u0131\u015f nitqi il\u0259 \u00e7\u0131x\u0131\u015f ed\u0259n G\u0259ncl\u0259r v\u0259 \u0130dman nazirinin m\u00fcavini \u0130ntiqam Babayev Heyd\u0259r \u018fliyev M\u0259rk\u0259zinin G\u0259ncl\u0259r v\u0259 \u0130dman Nazirliyi il\u0259 birlikd\u0259 \u201cHeyd\u0259r \u018fliyev siyasi m\u0259kt\u0259bini \u00f6yr\u0259nirik\u201d G\u0259nc Liderl\u0259r Proqram\u0131n\u0131 2019-cu ild\u0259n ba\u015flayaraq h\u0259yata ke\u00e7irilm\u0259sin\u0259 ba\u015flad\u0131\u011f\u0131n\u0131, 2020-ci il \u00fczr\u0259 proqramda i\u015ftirak etm\u0259k \u00fc\u00e7\u00fcn 40 rayon v\u0259 \u015f\u0259h\u0259rd\u0259n 350-d\u0259n art\u0131q g\u0259ncin m\u00fcraci\u0259t etdiyini bildirib.<\/p>\n\n\n\n<p>Nazir m\u00fcavini qeyd edib ki, r\u0259hb\u0259r \u015f\u0259xsl\u0259rl\u0259 g\u00f6r\u00fc\u015fl\u0259rin m\u0259qs\u0259di g\u0259ncl\u0259rin d\u00fcnya g\u00f6r\u00fc\u015f\u00fcn\u00fcn formala\u015fmas\u0131, m\u00fcxt\u0259lif sah\u0259l\u0259r \u00fczr\u0259 h\u0259yata ke\u00e7iril\u0259n d\u00f6vl\u0259t siyas\u0259ti v\u0259 g\u0259l\u0259c\u0259y\u0259 bax\u0131\u015f bar\u0259d\u0259 daha \u0259trafl\u0131 m\u0259lumatland\u0131r\u0131lmas\u0131d\u0131r.<\/p>\n\n\n\n<p>Sonra U.\u018flk\u0259b\u0259rov bar\u0259d\u0259 m\u0259lumat ver\u0259n \u0130.Babayev, rektorun 320-d\u0259n art\u0131q \u0259s\u0259rinin, o c\u00fcml\u0259d\u0259n, 34 kitab v\u0259 d\u0259rslikl\u0259rin m\u00fc\u0259llifi oldu\u011funu bildirib. Vur\u011fulan\u0131b ki, Urxan \u018fl\u0259kb\u0259rov \u0259traf m\u00fchitin t\u0259bii, iqtisadi, sosial v\u0259 siyasi komponentl\u0259rd\u0259n ibar\u0259t vahid sistem kimi idar\u0259 edilm\u0259si, elm v\u0259 inki\u015faf\u0131n planla\u015fd\u0131r\u0131lmas\u0131 v\u0259 idar\u0259 edilm\u0259si sah\u0259sind\u0259 d\u00fcnyada tan\u0131nm\u0131\u015f alim v\u0259 inki\u015faf \u00fczr\u0259 ekspert, &#8220;Ya\u015f\u0131l&#8221; t\u0259f\u0259kk\u00fcr (demoqrafiya v\u0259 istehlak m\u0259d\u0259niyy\u0259ti) v\u0259 &#8220;ya\u015f\u0131l&#8221; iiqtisadiyyata \u0259saslanan ekoloji sivilizasiya konsepsiyas\u0131n\u0131n (1998) m\u00fc\u0259llifidirdir.<\/p>\n\n\n\n<p>G\u00f6r\u00fc\u015fd\u0259 akademik Urxan \u018fl\u0259kb\u0259rov \u201cQlobal ca\u011fr\u0131\u015flar \u015f\u0259raitind\u0259 yeni idar\u0259\u00e7ilik texnologiyalar\u0131: Az\u0259rbaycan Respublikas\u0131n\u0131n u\u011furlu t\u0259cr\u00fcb\u0259si\u201d m\u00f6vzusunda beyn\u0259lxalq qurumlar\u0131n hesabatlar\u0131na \u0259sas\u0259n geni\u015f v\u0259 t\u0259hlil olunmu\u015f t\u0259qdimatla \u00e7\u0131x\u0131\u015f edib. T\u0259qdimatda \u00fcmummilli lider Heyd\u0259r \u018fliyevin d\u00f6vl\u0259t idar\u0259\u00e7ilyind\u0259 rolu v\u0259 vaxt\u0131nda verilmi\u015f \u0259h\u0259miyy\u0259tli q\u0259rarlar, prezident \u0130lham \u018fliyevin h\u0259yata ke\u00e7iridiyi u\u011furlar siyas\u0259tin r\u0259q\u0259ml\u0259rd\u0259 ifad\u0259si i\u015ftirak\u00e7\u0131lara t\u0259qdim edildi.<\/p>\n\n\n\n<p>T\u0259qdimatda u\u011furlu inki\u015fafa t\u0259sir ed\u0259n amill\u0259r, t\u0259bii s\u0259rv\u0259tl\u0259rin z\u0259nginliyinin inki\u015fafa t\u0259siri, qlobal inki\u015fafa neqativ tendensiyalar: BMT t\u0259snifat\u0131, Az\u0259rbaycandan v\u0259 d\u00fcnyada davaml\u0131 insan potensial\u0131na \u0259saslanan inki\u015faf\u0131n t\u0259drisi xronologiyas\u0131, inkl\u00fcziv inki\u015faf\u0131n idar\u0259edilm\u0259si sah\u0259sind\u0259 Az\u0259rbaycan\u0131n liderliyi, Az\u0259rbaycanda \u00dcDM-in art\u0131m\u0131, \u00dcDM-in inki\u015faf\u0131na s\u0259rf edil\u0259n erenji, Gini indeksi v\u0259 Az\u0259rbaycan, Kvintil nisb\u0259ti, yeni idar\u0259etm\u0259 texnologiyalar\u0131n\u0131n (sinergetik, komplementar, kompensasion) t\u0259tbiqind\u0259 Az\u0259rbaycan\u0131n u\u011furlu t\u0259rc\u00fcb\u0259si, Heyd\u0259r \u018fliyev Fondu v\u0259 UNESKO-nun s\u0259n\u0259dl\u0259rind\u0259 Az\u0259rbaycan\u0131n qeyri-maddi m\u0259d\u0259ni irisi, iqtisadi inki\u015faf v\u0259 sosial siyas\u0259t v\u0259 s. istqiam\u0259tl\u0259r \u00fczr\u0259 faktlar v\u0259 r\u0259q\u0259ml\u0259r t\u0259qdi edilib.<\/p>\n\n\n\n<p>Sonda U.\u018fl\u0259kb\u0259rov g\u00f6r\u00fc\u015f i\u00e7tirak\u00e7\u0131lar\u0131n\u0131 maraqand\u0131ran sullar\u0131 cavabland\u0131rm\u015fd\u0131r.<\/p>\n\n\n\n<p>Qeyd: Proqram\u0131n h\u0259yata ke\u00e7irilm\u0259si Az\u0259rbaycan Respublikas\u0131 Prezidentinin 15 sentyabr 2017-ci il tarixli S\u0259r\u0259ncam\u0131 il\u0259 t\u0259sdiq edilmi\u015f \u201cAz\u0259rbaycan g\u0259ncliyi 2017-2021-ci ill\u0259rd\u0259\u201d D\u00f6vl\u0259t Proqram\u0131n\u0131n T\u0259dbirl\u0259r Plan\u0131n\u0131n 5.1.1-ci yar\u0131mb\u0259ndinin (\u00fcmummilli lider Heyd\u0259r \u018fliyevin az\u0259rbaycan\u00e7\u0131l\u0131q m\u0259fkur\u0259sinin g\u0259ncl\u0259r aras\u0131nda geni\u015f t\u0259bli\u011f olunmas\u0131) icras\u0131n\u0131 \u0259hat\u0259 edir.<\/p>\n\n\n\n<figure class=\"wp-container-2 wp-block-gallery-1 wp-block-gallery columns-2 is-cropped\"><ul class=\"blocks-gallery-grid\"><li class=\"blocks-gallery-item\"><figure><img width=\"640\" height=\"334\" src=\"https:\/\/dia.edu.az\/wp-content\/uploads\/2021\/03\/1-30.jpg\" alt=\"\" data-id=\"4397\" data-full-url=\"https:\/\/dia.edu.az\/wp-content\/uploads\/2021\/03\/1-30.jpg\" data-link=\"https:\/\/dia.edu.az\/?attachment_id=4397\" class=\"wp-image-4397\" srcset=\"https:\/\/legacy.dia.edu.az\/wp-content\/uploads\/2021\/03\/1-30.jpg 640w, https:\/\/legacy.dia.edu.az\/wp-content\/uploads\/2021\/03\/1-30-300x157.jpg 300w, https:\/\/legacy.dia.edu.az\/wp-content\/uploads\/2021\/03\/1-30-300x157@2x.jpg 600w\" sizes=\"(max-width: 640px) 100vw, 640px\" \/><\/figure><\/li><li class=\"blocks-gallery-item\"><figure><img width=\"640\" height=\"347\" src=\"https:\/\/dia.edu.az\/wp-content\/uploads\/2021\/03\/2-28.jpg\" alt=\"\" data-id=\"4400\" data-full-url=\"https:\/\/dia.edu.az\/wp-content\/uploads\/2021\/03\/2-28.jpg\" data-link=\"https:\/\/dia.edu.az\/?attachment_id=4400\" class=\"wp-image-4400\" srcset=\"https:\/\/legacy.dia.edu.az\/wp-content\/uploads\/2021\/03\/2-28.jpg 640w, https:\/\/legacy.dia.edu.az\/wp-content\/uploads\/2021\/03\/2-28-300x163.jpg 300w, https:\/\/legacy.dia.edu.az\/wp-content\/uploads\/2021\/03\/2-28-300x163@2x.jpg 600w\" sizes=\"(max-width: 640px) 100vw, 640px\" \/><\/figure><\/li><\/ul><\/figure>","protected":false},"excerpt":{"rendered":"<p>\u201cHeyd\u0259r \u018fliyev siyasi m\u0259kt\u0259bini \u00f6yr\u0259nirik\u201d G\u0259nc Liderl\u0259r Proqram\u0131n\u0131n i\u015ftirak\u00e7\u0131lar\u0131 akademik Urxan \u018fl\u0259kb\u0259rovla g\u00f6r\u00fc\u015f\u00fcbl\u0259r G\u0259ncl\u0259r v\u0259 \u0130dman Nazirliyi v\u0259 Heyd\u0259r \u018fliyev M\u0259rk\u0259zinin 2019-cu ild\u0259n h\u0259yata ke\u00e7irdiyi \u201cHeyd\u0259r \u018fliyev siyasi m\u0259kt\u0259bini \u00f6yr\u0259nirik\u201d G\u0259nc Liderl\u0259r Proqram\u0131n\u0131n i\u015ftirak\u00e7\u0131lar\u0131 bu d\u0259f\u0259 Az\u0259rbaycan Respublikas\u0131n\u0131n Prezidenti yan\u0131nda D\u00f6vl\u0259t \u0130dar\u0259\u00e7ilik Akademiyas\u0131n\u0131n rektoru Urxan \u018fl\u0259kb\u0259rovla g\u00f6r\u00fc\u015fd\u00fcl\u0259r. A\u00e7\u0131l\u0131\u015f nitqi il\u0259 \u00e7\u0131x\u0131\u015f ed\u0259n G\u0259ncl\u0259r v\u0259 \u0130dman [&hellip;]<\/p>","protected":false},"author":2,"featured_media":4397,"comment_status":"closed","ping_status":"closed","sticky":false,"template":"","format":"standard","meta":[],"categories":[137],"tags":[],"_links":{"self":[{"href":"https:\/\/legacy.dia.edu.az\/ru\/wp-json\/wp\/v2\/posts\/4393"}],"collection":[{"href":"https:\/\/legacy.dia.edu.az\/ru\/wp-json\/wp\/v2\/posts"}],"about":[{"href":"https:\/\/legacy.dia.edu.az\/ru\/wp-json\/wp\/v2\/types\/post"}],"author":[{"embeddable":true,"href":"https:\/\/legacy.dia.edu.az\/ru\/wp-json\/wp\/v2\/users\/2"}],"replies":[{"embeddable":true,"href":"https:\/\/legacy.dia.edu.az\/ru\/wp-json\/wp\/v2\/comments?post=4393"}],"version-history":[{"count":0,"href":"https:\/\/legacy.dia.edu.az\/ru\/wp-json\/wp\/v2\/posts\/4393\/revisions"}],"wp:featuredmedia":[{"embeddable":true,"href":"https:\/\/legacy.dia.edu.az\/ru\/wp-json\/wp\/v2\/media\/4397"}],"wp:attachment":[{"href":"https:\/\/legacy.dia.edu.az\/ru\/wp-json\/wp\/v2\/media?parent=4393"}],"wp:term":[{"taxonomy":"category","embeddable":true,"href":"https:\/\/legacy.dia.edu.az\/ru\/wp-json\/wp\/v2\/categories?post=4393"},{"taxonomy":"post_tag","embeddable":true,"href":"https:\/\/legacy.dia.edu.az\/ru\/wp-json\/wp\/v2\/tags?post=4393"}],"curies":[{"name":"wp","href":"https:\/\/api.w.org\/{rel}","templated":true}]}}