{"id":4179,"date":"2020-11-21T10:59:00","date_gmt":"2020-11-21T07:59:00","guid":{"rendered":"https:\/\/dia.edu.az\/?p=4179"},"modified":"2021-03-08T23:02:37","modified_gmt":"2021-03-08T20:02:37","slug":"elmi-praktik-konfrans-az%c9%99rbaycanin-h%c9%99rbi-diplomatik-ugurlari-v%c9%99-erm%c9%99nistanin-dovl%c9%99t-terrorizmi-siyas%c9%99ti","status":"publish","type":"post","link":"https:\/\/legacy.dia.edu.az\/ru\/arxivl\u0259r\/4179","title":{"rendered":"Elmi-praktik konfrans: Az\u0259rbaycan\u0131n h\u0259rbi-diplomatik u\u011furlar\u0131 v\u0259 Erm\u0259nistan\u0131n d\u00f6vl\u0259t terrorizmi siyas\u0259ti"},"content":{"rendered":"<p><strong>Elmi-praktik konfrans: Az\u0259rbaycan\u0131n h\u0259rbi-diplomatik u\u011furlar\u0131 v\u0259 Erm\u0259nistan\u0131n d\u00f6vl\u0259t terrorizmi siyas\u0259ti<\/strong><\/p>\n\n\n\n<p>Az\u0259rbaycan Respublikas\u0131n\u0131n Prezidenti yan\u0131nda D\u00f6vl\u0259t \u0130dar\u0259\u00e7ilik Akademiyas\u0131nda (D\u0130A) \u201cAz\u0259rbaycan\u0131n h\u0259rbi-diplomatik u\u011furlar\u0131 v\u0259 Erm\u0259nistan\u0131n d\u00f6vl\u0259t terrorizmi siyas\u0259ti\u201d m\u00f6vzusunda elmi-praktik konfrans ke\u00e7irilib.<\/p>\n\n\n\n<p>Konfransda \u201cAz\u0259rbaycan\u0131n h\u0259rbi-diplomatik u\u011furlar\u0131n\u0131n \u0259sas\u0131\u201d m\u00f6vzusunda m\u0259ruz\u0259 il\u0259 \u00e7\u0131x\u0131\u015f ed\u0259n rektor, akademik Urxan \u018fl\u0259kb\u0259rov g\u00f6rk\u0259mli siyasi v\u0259 d\u00f6vl\u0259t xadimi Heyd\u0259r \u018fliyevin misilsiz tarixi xidm\u0259tl\u0259rind\u0259n b\u0259hs ed\u0259r\u0259k, Ulu \u00d6nd\u0259rin siyasi x\u0259ttinin Prezident \u0130lham \u018fliyev t\u0259r\u0259find\u0259n u\u011furla davam etdirildiyini diqq\u0259t\u0259 \u00e7atd\u0131r\u0131b. Qeyd edib ki, m\u00fcst\u0259qilliyinin b\u0259rpas\u0131ndan ke\u00e7\u0259n 29 il \u0259rzind\u0259 Az\u0259rbaycan Respublikas\u0131 u\u011furla inki\u015faf edib v\u0259 tarixi bax\u0131mdan \u00e7ox q\u0131sa zaman k\u0259siyind\u0259 \u00f6lk\u0259 b\u00fct\u00fcn sah\u0259l\u0259rind\u0259 b\u00f6y\u00fck u\u011furlar qazan\u0131b. \u00d6lk\u0259mizin qazand\u0131\u011f\u0131 u\u011furlar\u0131n ba\u015fl\u0131ca faktoru insan potensial\u0131n\u0131n formala\u015fd\u0131r\u0131lmas\u0131 v\u0259 s\u0259f\u0259rb\u0259r edilm\u0259sin\u0259 elmi yana\u015fmad\u0131r.<\/p>\n\n\n\n<p>Akademik U.\u018fl\u0259kb\u0259rov qazan\u0131lan u\u011furlar\u0131n \u0259sas\u0131nda Prezident \u0130lham \u018fliyevin d\u0259rin d\u00fc\u015f\u00fcn\u00fclm\u00fc\u015f innovativ inki\u015faf siyas\u0259tinin dayand\u0131\u011f\u0131n\u0131, eyni zamanda, \u00f6lk\u0259d\u0259 b\u00fct\u00fcn istiqam\u0259tl\u0259rd\u0259 nailiyy\u0259tl\u0259rin \u0259ld\u0259 edilm\u0259sind\u0259 Birinci vitse-prezident Mehriban \u018fliyevan\u0131n \u00f6n\u0259mli rolu oldu\u011funu diqq\u0259t\u0259 \u00e7atd\u0131r\u0131b. Akademik vur\u011fulay\u0131b ki, \u0259slind\u0259, daha az v\u0259saitl\u0259rl\u0259 y\u00fcks\u0259k g\u00f6st\u0259ricil\u0259r\u0259 nail olunmas\u0131 d\u00f6vl\u0259t inki\u015faf\u0131 prosesl\u0259rinin idar\u0259 edilm\u0259sind\u0259 Prezident \u0130lham \u018fliyev t\u0259r\u0259find\u0259n i\u015fl\u0259nmi\u015f unikal innovativ sinergetik, komplementar v\u0259 kompensasion texnologiyalar kompleksinin t\u0259tbiqinin n\u0259tic\u0259sidir. H\u0259min texnologiyalar \u00f6lk\u0259nin h\u0259rt\u0259r\u0259fli inki\u015faf\u0131 v\u0259 \u0259halinin rifah\u0131n\u0131n y\u00fcks\u0259lm\u0259si \u00fc\u00e7\u00fcn iqtisadi imkanlardan s\u0259m\u0259r\u0259li istifad\u0259ni t\u0259min edib. M\u00fchazir\u0259d\u0259 \u00f6lk\u0259nin s\u00fcr\u0259tli inki\u015faf\u0131 istiqam\u0259tind\u0259 apar\u0131lan u\u011furlu siyas\u0259tin \u0259sas h\u0259d\u0259fl\u0259ri, el\u0259c\u0259 d\u0259 davaml\u0131 inkl\u00fcziv inki\u015faf\u0131 xarakteriz\u0259 ed\u0259n g\u00f6st\u0259ricil\u0259ri m\u00fcqayis\u0259li \u015f\u0259kild\u0259 t\u0259l\u0259b\u0259l\u0259rin diqq\u0259tin\u0259 \u00e7atd\u0131r\u0131l\u0131b.<\/p>\n\n\n\n<p>Rektor V\u0259t\u0259n m\u00fcharib\u0259sind\u0259 qazan\u0131lan \u015fanl\u0131 z\u0259f\u0259rin d\u0259 \u00f6lk\u0259nin u\u011furlu inki\u015faf\u0131n\u0131n m\u0259ntiqi n\u0259tic\u0259si oldu\u011funu vur\u011fulay\u0131b. O, \u00f6t\u0259n 44 g\u00fcn\u00fc Az\u0259rbaycan d\u00f6vl\u0259t\u00e7iliyi tarixin\u0259 q\u0131z\u0131l h\u0259rfl\u0259rl\u0259 yaz\u0131lacaq x\u00fcsusi m\u0259rh\u0259l\u0259 kimi d\u0259y\u0259rl\u0259ndirib. Bildirilib ki, h\u0259min g\u00fcnl\u0259r \u201cQaraba\u011f Az\u0259rbaycand\u0131r!\u201d \u015f\u00fcar\u0131 il\u0259 m\u00fc\u015fayi\u0259t olunan xalq-d\u00f6vl\u0259t, xalq-hakimiyy\u0259t birliyinin, hakimiyy\u0259t v\u0259 xalq aras\u0131nda qar\u015f\u0131l\u0131ql\u0131 inam v\u0259 etimad\u0131n t\u0259zah\u00fcr\u00fc idi. Az\u0259rbaycana bu m\u00f6ht\u0259\u015f\u0259m q\u0259l\u0259b\u0259ni M\u00fcz\u0259ff\u0259r Ali Ba\u015f Komandan\u0131n m\u00fcdrik q\u0259rarlar\u0131, \u015fanl\u0131 ordumuzun g\u00fcc\u00fc v\u0259 xalq\u0131m\u0131z\u0131n sars\u0131lmaz h\u0259mr\u0259yliyi qazand\u0131rd\u0131. Qazand\u0131\u011f\u0131m\u0131z bu q\u0259l\u0259b\u0259, h\u0259m\u00e7inin g\u0259ncliyimiz\u0259 \u00f6rn\u0259k oldu. Onlar g\u00f6rd\u00fcl\u0259r ki, \u00f6z lideri \u0259traf\u0131nda bir yumruq kimi birl\u0259\u015f\u0259n xalq yenilm\u0259zdir v\u0259 qalibdir.<\/p>\n\n\n\n<p>D\u00f6vl\u0259t \u0130dar\u0259\u00e7ilik Akademiyas\u0131n\u0131n Politologiya v\u0259 siyasi idar\u0259etm\u0259 kafedras\u0131n\u0131n m\u00fc\u0259llimi, politoloq Zaur M\u0259mm\u0259dovun moderatorlu\u011fu il\u0259 ke\u00e7iril\u0259n konfransda D\u0130A-n\u0131n professoru, siyasi elml\u0259r doktoru El\u00e7in \u018fhm\u0259dov \u201cAz\u0259rbaycan\u0131n h\u0259rbi-diplomatik u\u011furlar\u0131 v\u0259 Erm\u0259nistan\u0131n d\u00f6vl\u0259t terrorizmi siyas\u0259ti\u201d m\u00f6vzusunda \u00e7\u0131x\u0131\u015f edib. O bildirib ki, 44 g\u00fcnl\u00fck V\u0259t\u0259n m\u00fcharib\u0259sind\u0259 xalq\u0131m\u0131z b\u00fct\u00fcnl\u00fckl\u0259 M\u00fcz\u0259ff\u0259r Ali Ba\u015f Komandan\u0131n \u0259traf\u0131nda s\u0259f\u0259rb\u0259r oldu. Az\u0259rbaycan torpaqlar\u0131n\u0131n h\u0259r qar\u0131\u015f\u0131n\u0131n azad edilm\u0259si u\u011frunda ged\u0259n d\u00f6y\u00fc\u015fl\u0259r, q\u00fcdr\u0259tli ordumuzun \u015fanl\u0131 tarix yazaraq d\u00fc\u015fm\u0259n \u00fcz\u0259rind\u0259ki sars\u0131d\u0131c\u0131 z\u0259rb\u0259l\u0259ri, el\u0259c\u0259 d\u0259 bir s\u0131ra m\u00fch\u00fcm \u0259h\u0259miyy\u0259tli \u015f\u0259h\u0259rl\u0259rimizin, ya\u015fay\u0131\u015f m\u0259nt\u0259q\u0259l\u0259rimizin, h\u0259m\u00e7inin m\u00fcxt\u0259lif istiqam\u0259tl\u0259rd\u0259 strateji y\u00fcks\u0259klikl\u0259rin i\u015f\u011fal\u00e7\u0131lardan azad edilm\u0259si xalq\u0131m\u0131zda b\u00f6y\u00fck inam v\u0259 ruh y\u00fcks\u0259kliyi yaratd\u0131. X\u00fcsusil\u0259 2020-ci il noyabr\u0131n 8-i tariximiz\u0259 \u015fanl\u0131 bir g\u00fcn kimi yaz\u0131ld\u0131. M\u00fcz\u0259ff\u0259r Ali Ba\u015f Komandan \u0130lham \u018fliyevin r\u0259hb\u0259rliyi il\u0259 r\u0259\u015fad\u0259tli ordumuz Az\u0259rbaycan\u0131n tarixi, m\u0259d\u0259ni v\u0259 strateji \u0259h\u0259miyy\u0259t\u0259 malik, Qaraba\u011f\u0131n ba\u015f tac\u0131 olan \u015eu\u015fa \u015f\u0259h\u0259rini i\u015f\u011fal\u00e7\u0131lardan azad etdi. Az\u0259rbaycan\u0131n h\u0259rbi-diplomatik u\u011furlar\u0131, x\u00fcsusil\u0259 strateji \u0259h\u0259miyy\u0259tli \u015eu\u015fa \u015f\u0259h\u0259rinin azad edilm\u0259si m\u00fcharib\u0259nin sonrak\u0131 gedi\u015fin\u0259 v\u0259 taleyin\u0259 ciddi t\u0259sir g\u00f6st\u0259rdi. Bununla yana\u015f\u0131, Az\u0259rbaycan Prezidenti \u0130lham \u018fliyevin h\u0259r zaman torpaqlar\u0131m\u0131z\u0131n i\u015f\u011faldan azad edilm\u0259si istiqam\u0259tind\u0259 q\u0259tiyy\u0259tli v\u0259 prinsipial m\u00f6vqeyi Az\u0259rbaycan\u0131n ikinci Qaraba\u011f m\u00fcharib\u0259sind\u0259ki h\u0259rbi-diplomatik Q\u0259l\u0259b\u0259si il\u0259 n\u0259tic\u0259l\u0259ndi. Eyni zamanda, Prezident \u0130lham \u018fliyevin bir s\u0131ra xarici k\u00fctl\u0259vi informasiya vasit\u0259l\u0259rin\u0259 verdiyi \u00e7oxsayl\u0131 m\u00fcsahib\u0259l\u0259r informasiya m\u0259kan\u0131nda da d\u00fc\u015fm\u0259nin yalan \u00fcz\u0259rind\u0259 qurulmu\u015f t\u0259bli\u011fat ma\u015f\u0131n\u0131na a\u011f\u0131r z\u0259rb\u0259 vurdu v\u0259 Erm\u0259nistan\u0131n t\u0259cav\u00fczkar siyas\u0259tinin, el\u0259c\u0259 d\u0259 onun himay\u0259darlar\u0131n\u0131n if\u015fa olunmas\u0131 il\u0259 n\u0259tic\u0259l\u0259ndi.<\/p>\n\n\n\n<p>\u00c7\u0131x\u0131\u015flardan sonra D\u00f6vl\u0259t \u0130dar\u0259\u00e7ilik Akademiyas\u0131n\u0131n V\u0259t\u0259np\u0259rv\u0259rlik klubunun haz\u0131rlad\u0131\u011f\u0131 video\u00e7arx n\u00fcmayi\u015f olunub.<\/p>\n\n\n\n<figure class=\"wp-container-2 wp-block-gallery-1 wp-block-gallery columns-3 is-cropped\"><ul class=\"blocks-gallery-grid\"><li class=\"blocks-gallery-item\"><figure><img width=\"492\" height=\"193\" src=\"https:\/\/dia.edu.az\/wp-content\/uploads\/2021\/03\/1-29.jpg\" alt=\"\" data-id=\"4180\" data-full-url=\"https:\/\/dia.edu.az\/wp-content\/uploads\/2021\/03\/1-29.jpg\" data-link=\"https:\/\/dia.edu.az\/?attachment_id=4180\" class=\"wp-image-4180\" srcset=\"https:\/\/legacy.dia.edu.az\/wp-content\/uploads\/2021\/03\/1-29.jpg 492w, https:\/\/legacy.dia.edu.az\/wp-content\/uploads\/2021\/03\/1-29-300x118.jpg 300w\" sizes=\"(max-width: 492px) 100vw, 492px\" \/><\/figure><\/li><li class=\"blocks-gallery-item\"><figure><img width=\"640\" height=\"243\" src=\"https:\/\/dia.edu.az\/wp-content\/uploads\/2021\/03\/2-26.jpg\" alt=\"\" data-id=\"4183\" data-full-url=\"https:\/\/dia.edu.az\/wp-content\/uploads\/2021\/03\/2-26.jpg\" data-link=\"https:\/\/dia.edu.az\/?attachment_id=4183\" class=\"wp-image-4183\" srcset=\"https:\/\/legacy.dia.edu.az\/wp-content\/uploads\/2021\/03\/2-26.jpg 640w, https:\/\/legacy.dia.edu.az\/wp-content\/uploads\/2021\/03\/2-26-300x114.jpg 300w, https:\/\/legacy.dia.edu.az\/wp-content\/uploads\/2021\/03\/2-26-300x114@2x.jpg 600w\" sizes=\"(max-width: 640px) 100vw, 640px\" \/><\/figure><\/li><li class=\"blocks-gallery-item\"><figure><img width=\"640\" height=\"253\" src=\"https:\/\/dia.edu.az\/wp-content\/uploads\/2021\/03\/3-25.jpg\" alt=\"\" data-id=\"4186\" data-full-url=\"https:\/\/dia.edu.az\/wp-content\/uploads\/2021\/03\/3-25.jpg\" data-link=\"https:\/\/dia.edu.az\/?attachment_id=4186\" class=\"wp-image-4186\" srcset=\"https:\/\/legacy.dia.edu.az\/wp-content\/uploads\/2021\/03\/3-25.jpg 640w, https:\/\/legacy.dia.edu.az\/wp-content\/uploads\/2021\/03\/3-25-300x119.jpg 300w, https:\/\/legacy.dia.edu.az\/wp-content\/uploads\/2021\/03\/3-25-300x119@2x.jpg 600w\" sizes=\"(max-width: 640px) 100vw, 640px\" \/><\/figure><\/li><\/ul><\/figure>","protected":false},"excerpt":{"rendered":"<p>Elmi-praktik konfrans: Az\u0259rbaycan\u0131n h\u0259rbi-diplomatik u\u011furlar\u0131 v\u0259 Erm\u0259nistan\u0131n d\u00f6vl\u0259t terrorizmi siyas\u0259ti Az\u0259rbaycan Respublikas\u0131n\u0131n Prezidenti yan\u0131nda D\u00f6vl\u0259t \u0130dar\u0259\u00e7ilik Akademiyas\u0131nda (D\u0130A) \u201cAz\u0259rbaycan\u0131n h\u0259rbi-diplomatik u\u011furlar\u0131 v\u0259 Erm\u0259nistan\u0131n d\u00f6vl\u0259t terrorizmi siyas\u0259ti\u201d m\u00f6vzusunda elmi-praktik konfrans ke\u00e7irilib. Konfransda \u201cAz\u0259rbaycan\u0131n h\u0259rbi-diplomatik u\u011furlar\u0131n\u0131n \u0259sas\u0131\u201d m\u00f6vzusunda m\u0259ruz\u0259 il\u0259 \u00e7\u0131x\u0131\u015f ed\u0259n rektor, akademik Urxan \u018fl\u0259kb\u0259rov g\u00f6rk\u0259mli siyasi v\u0259 d\u00f6vl\u0259t xadimi Heyd\u0259r \u018fliyevin misilsiz tarixi xidm\u0259tl\u0259rind\u0259n b\u0259hs [&hellip;]<\/p>","protected":false},"author":2,"featured_media":4180,"comment_status":"closed","ping_status":"closed","sticky":false,"template":"","format":"standard","meta":[],"categories":[137],"tags":[],"_links":{"self":[{"href":"https:\/\/legacy.dia.edu.az\/ru\/wp-json\/wp\/v2\/posts\/4179"}],"collection":[{"href":"https:\/\/legacy.dia.edu.az\/ru\/wp-json\/wp\/v2\/posts"}],"about":[{"href":"https:\/\/legacy.dia.edu.az\/ru\/wp-json\/wp\/v2\/types\/post"}],"author":[{"embeddable":true,"href":"https:\/\/legacy.dia.edu.az\/ru\/wp-json\/wp\/v2\/users\/2"}],"replies":[{"embeddable":true,"href":"https:\/\/legacy.dia.edu.az\/ru\/wp-json\/wp\/v2\/comments?post=4179"}],"version-history":[{"count":0,"href":"https:\/\/legacy.dia.edu.az\/ru\/wp-json\/wp\/v2\/posts\/4179\/revisions"}],"wp:featuredmedia":[{"embeddable":true,"href":"https:\/\/legacy.dia.edu.az\/ru\/wp-json\/wp\/v2\/media\/4180"}],"wp:attachment":[{"href":"https:\/\/legacy.dia.edu.az\/ru\/wp-json\/wp\/v2\/media?parent=4179"}],"wp:term":[{"taxonomy":"category","embeddable":true,"href":"https:\/\/legacy.dia.edu.az\/ru\/wp-json\/wp\/v2\/categories?post=4179"},{"taxonomy":"post_tag","embeddable":true,"href":"https:\/\/legacy.dia.edu.az\/ru\/wp-json\/wp\/v2\/tags?post=4179"}],"curies":[{"name":"wp","href":"https:\/\/api.w.org\/{rel}","templated":true}]}}