{"id":4032,"date":"2021-03-04T11:42:00","date_gmt":"2021-03-04T08:42:00","guid":{"rendered":"https:\/\/dia.edu.az\/?p=4032"},"modified":"2021-03-08T01:43:07","modified_gmt":"2021-03-07T22:43:07","slug":"az%c9%99rbaycan-respublikasinin-prezidenti-yaninda-dovl%c9%99t-idar%c9%99cilik-akademiyasi-v%c9%99-az%c9%99rbaycan-respublikasi-bas-prokurorlugu-arasinda-%c9%99m%c9%99kdasliga-dair-memorandum-imzanalm","status":"publish","type":"post","link":"https:\/\/legacy.dia.edu.az\/ru\/arxivl\u0259r\/4032","title":{"rendered":"Az\u0259rbaycan Respublikas\u0131n\u0131n Prezidenti yan\u0131nda D\u00f6vl\u0259t \u0130dar\u0259\u00e7ilik Akademiyas\u0131 v\u0259 Az\u0259rbaycan Respublikas\u0131 Ba\u015f Prokurorlu\u011fu aras\u0131nda \u0259m\u0259kda\u015fl\u0131\u011fa dair memorandum imzanalm\u0131\u015fd\u0131r"},"content":{"rendered":"<p><strong>Az\u0259rbaycan Respublikas\u0131n\u0131n Prezidenti yan\u0131nda D\u00f6vl\u0259t \u0130dar\u0259\u00e7ilik Akademiyas\u0131 v\u0259 Az\u0259rbaycan Respublikas\u0131 Ba\u015f Prokurorlu\u011fu aras\u0131nda \u0259m\u0259kda\u015fl\u0131\u011fa dair memorandum imzanalm\u0131\u015fd\u0131r<\/strong><\/p>\n\n\n\n<p>3 mart 2021-ci il tarixd\u0259 Az\u0259rbaycan Respublikas\u0131n\u0131n Prezidenti yan\u0131nda D\u00f6vl\u0259t \u0130dar\u0259\u00e7ilik Akademiyas\u0131n\u0131n rektoru, akademik Urxan \u018fl\u0259kb\u0259rovun r\u0259hb\u0259rlik etdiyi n\u00fcmay\u0259nd\u0259 hey\u0259ti Ba\u015f Prokurorlu\u011fun Elm-T\u0259dris M\u0259rk\u0259zind\u0259 olmu\u015fdur.&nbsp;<br>T\u0259dbir \u00e7\u0259r\u00e7iv\u0259sind\u0259 akademik Urxan \u018fl\u0259kb\u0259rovla Ba\u015f prokurorun m\u00fcavini Elmar Camalovun aras\u0131nda g\u00f6r\u00fc\u015f ke\u00e7irilmi\u015f, g\u00f6r\u00fc\u015fd\u0259 Ba\u015f Prokurorlu\u011fun Elm-T\u0259dris M\u0259rk\u0259zinin r\u0259isi M\u00fcbariz \u018fhm\u0259dov v\u0259 M\u0259tbuat xidm\u0259tinin r\u0259hb\u0259ri G\u00fcnay S\u0259limzad\u0259 i\u015ftirak etmi\u015fl\u0259r.<\/p>\n\n\n\n<p>Daha sonra qonaqlar Ba\u015f Prokurorlu\u011fun yeni istifad\u0259y\u0259 verilmi\u015f inzibati binalar kompleksi, o c\u00fcml\u0259d\u0259n V\u0259t\u0259n m\u00fcharib\u0259sin\u0259 h\u0259sr olunmu\u015f &nbsp;tarixi-memorial qalereya, m\u00fchazir\u0259, praktiki m\u0259\u015f\u011f\u0259l\u0259l\u0259r v\u0259 iclas zallar\u0131, kitabxana, kriminalistika v\u0259 istintaq otaqlar\u0131 il\u0259 tan\u0131\u015f olmu\u015flar.<br>Bundan \u0259lav\u0259, Elmar Camalov v\u0259 akademik Urxan \u018fl\u0259kb\u0259rov Elm-T\u0259dris M\u0259rk\u0259zinin kollektivi qar\u015f\u0131s\u0131nda \u00e7\u0131x\u0131\u015f etmi\u015fl\u0259r.<\/p>\n\n\n\n<p>Elmar Camalov \u00e7\u0131x\u0131\u015f\u0131nda Silahl\u0131 Q\u00fcvv\u0259l\u0259rimizin Ali Ba\u015f Komandan\u0131, dahi S\u0259rk\u0259rd\u0259 c\u0259nab \u0130lham \u018fliyevin r\u0259hb\u0259rliyi il\u0259 m\u00fcbariz Xalq\u0131m\u0131z\u0131n V\u0259t\u0259n m\u00fcharib\u0259sind\u0259 qazand\u0131\u011f\u0131 Z\u0259f\u0259r, \u015f\u0259hid ail\u0259l\u0259ri v\u0259 qazil\u0259rimiz\u0259 g\u00f6st\u0259ril\u0259n d\u00f6vl\u0259t qay\u011f\u0131s\u0131, i\u015f\u011faldan azad edil\u0259n \u0259razil\u0259rimizd\u0259 h\u0259yata ke\u00e7iril\u0259c\u0259k geni\u015f quruculuq-b\u0259rpa i\u015fl\u0259ri v\u0259 layih\u0259l\u0259r, post-m\u00fcharib\u0259 d\u00f6vr\u00fcn\u00fcn regionumuz \u00fc\u00e7\u00fcn a\u00e7d\u0131\u011f\u0131 yeni imkanlar, prokurorluq orqanlar\u0131nda h\u0259yata ke\u00e7iril\u0259n m\u00fcasir m\u0259zmunlu islahatlar, t\u0259dris v\u0259 pe\u015f\u0259 haz\u0131rl\u0131\u011f\u0131n\u0131n t\u0259kmill\u0259\u015fdirilm\u0259si sah\u0259sind\u0259 g\u00f6r\u00fcl\u0259n i\u015fl\u0259r, h\u0259m\u00e7inin h\u0259r iki qurum aras\u0131nda \u0259m\u0259kda\u015fl\u0131q \u0259laq\u0259l\u0259rinin ver\u0259c\u0259yi t\u00f6hf\u0259l\u0259r bar\u0259d\u0259 m\u0259lumat vermi\u015fdir. \u00a0 \u00a0<br>Akademik Urxan \u018fl\u0259kb\u0259rov Elm-T\u0259dris M\u0259rk\u0259zinin kollektivin\u0259 haz\u0131rki d\u00f6vrd\u0259 aktuall\u0131\u011f\u0131 il\u0259 se\u00e7il\u0259n \u201cQlobal \u00e7a\u011f\u0131r\u0131\u015flar\u0131n idar\u0259 edilm\u0259sind\u0259 yeni texnologiyalar: Az\u0259rbaycan Respublikas\u0131n\u0131n u\u011furlu t\u0259cr\u00fcb\u0259si\u201d m\u00f6vzusunda t\u0259qdimat m\u0259ruz\u0259si il\u0259 \u00e7\u0131x\u0131\u015f \u00a0etmi\u015fdir. \u00a0<br>G\u00f6r\u00fc\u015f\u00fcn n\u0259tic\u0259l\u0259rin\u0259 uy\u011fun olaraq, Az\u0259rbaycan Respublikas\u0131n\u0131n Prezidenti yan\u0131nda D\u00f6vl\u0259t \u0130dar\u0259\u00e7ilik Akademiyas\u0131 v\u0259 Az\u0259rbaycan Respublikas\u0131 Ba\u015f Prokurorlu\u011fu aras\u0131nda \u0259m\u0259kda\u015fl\u0131\u011fa dair memorandum imzalanm\u0131\u015fd\u0131r.\u00a0<br>Memorandum birg\u0259 elmi konfranslar\u0131n, d\u0259yirmi masalar\u0131n v\u0259 g\u00f6r\u00fc\u015fl\u0259rin ke\u00e7irilm\u0259si, elmi m\u0259qal\u0259l\u0259rin, t\u0259dris-metodiki v\u0259saitl\u0259rin v\u0259 m\u0259tbu n\u0259\u015frl\u0259rin haz\u0131rlanmas\u0131, h\u00fcquq t\u0259tbiqi f\u0259aliyy\u0259td\u0259 daha \u00e7ox rast g\u0259lin\u0259n probleml\u0259rin h\u0259lli m\u0259qs\u0259dil\u0259 birg\u0259 elmi-praktiki ara\u015fd\u0131rmalar\u0131n apar\u0131lmas\u0131 v\u0259 sair m\u0259s\u0259l\u0259l\u0259r \u00fczr\u0259 geni\u015f v\u0259 s\u0259m\u0259r\u0259li \u0259m\u0259kda\u015fl\u0131\u011f\u0131 \u0259hat\u0259 edir.<\/p>\n\n\n\n<figure class=\"wp-container-2 wp-block-gallery-1 wp-block-gallery columns-3 is-cropped\"><ul class=\"blocks-gallery-grid\"><li class=\"blocks-gallery-item\"><figure><img width=\"1009\" height=\"645\" src=\"https:\/\/dia.edu.az\/wp-content\/uploads\/2021\/03\/3-24.jpg\" alt=\"\" data-id=\"4033\" data-full-url=\"https:\/\/dia.edu.az\/wp-content\/uploads\/2021\/03\/3-24.jpg\" data-link=\"https:\/\/dia.edu.az\/?attachment_id=4033\" class=\"wp-image-4033\" srcset=\"https:\/\/legacy.dia.edu.az\/wp-content\/uploads\/2021\/03\/3-24.jpg 1009w, https:\/\/legacy.dia.edu.az\/wp-content\/uploads\/2021\/03\/3-24-300x192.jpg 300w, https:\/\/legacy.dia.edu.az\/wp-content\/uploads\/2021\/03\/3-24-300x192@2x.jpg 600w\" sizes=\"(max-width: 1009px) 100vw, 1009px\" \/><\/figure><\/li><li class=\"blocks-gallery-item\"><figure><img width=\"1024\" height=\"679\" src=\"https:\/\/dia.edu.az\/wp-content\/uploads\/2021\/03\/4-20-1024x679.jpg\" alt=\"\" data-id=\"4036\" data-full-url=\"https:\/\/dia.edu.az\/wp-content\/uploads\/2021\/03\/4-20.jpg\" data-link=\"https:\/\/dia.edu.az\/?attachment_id=4036\" class=\"wp-image-4036\" srcset=\"https:\/\/legacy.dia.edu.az\/wp-content\/uploads\/2021\/03\/4-20-1024x679.jpg 1024w, https:\/\/legacy.dia.edu.az\/wp-content\/uploads\/2021\/03\/4-20-300x199.jpg 300w, https:\/\/legacy.dia.edu.az\/wp-content\/uploads\/2021\/03\/4-20-150x100.jpg 150w, https:\/\/legacy.dia.edu.az\/wp-content\/uploads\/2021\/03\/4-20.jpg 1043w, https:\/\/legacy.dia.edu.az\/wp-content\/uploads\/2021\/03\/4-20-300x199@2x.jpg 600w\" sizes=\"(max-width: 1024px) 100vw, 1024px\" \/><\/figure><\/li><li class=\"blocks-gallery-item\"><figure><img width=\"1024\" height=\"639\" src=\"https:\/\/dia.edu.az\/wp-content\/uploads\/2021\/03\/5-16.jpg\" alt=\"\" data-id=\"4039\" data-full-url=\"https:\/\/dia.edu.az\/wp-content\/uploads\/2021\/03\/5-16.jpg\" data-link=\"https:\/\/dia.edu.az\/?attachment_id=4039\" class=\"wp-image-4039\" srcset=\"https:\/\/legacy.dia.edu.az\/wp-content\/uploads\/2021\/03\/5-16.jpg 1024w, https:\/\/legacy.dia.edu.az\/wp-content\/uploads\/2021\/03\/5-16-300x187.jpg 300w, https:\/\/legacy.dia.edu.az\/wp-content\/uploads\/2021\/03\/5-16-400x250.jpg 400w, https:\/\/legacy.dia.edu.az\/wp-content\/uploads\/2021\/03\/5-16-300x187@2x.jpg 600w\" sizes=\"(max-width: 1024px) 100vw, 1024px\" \/><\/figure><\/li><li class=\"blocks-gallery-item\"><figure><img width=\"1001\" height=\"630\" src=\"https:\/\/dia.edu.az\/wp-content\/uploads\/2021\/03\/6-12.jpg\" alt=\"\" data-id=\"4042\" data-full-url=\"https:\/\/dia.edu.az\/wp-content\/uploads\/2021\/03\/6-12.jpg\" data-link=\"https:\/\/dia.edu.az\/?attachment_id=4042\" class=\"wp-image-4042\" srcset=\"https:\/\/legacy.dia.edu.az\/wp-content\/uploads\/2021\/03\/6-12.jpg 1001w, https:\/\/legacy.dia.edu.az\/wp-content\/uploads\/2021\/03\/6-12-300x189.jpg 300w, https:\/\/legacy.dia.edu.az\/wp-content\/uploads\/2021\/03\/6-12-300x189@2x.jpg 600w\" sizes=\"(max-width: 1001px) 100vw, 1001px\" \/><\/figure><\/li><\/ul><\/figure>","protected":false},"excerpt":{"rendered":"<p>Az\u0259rbaycan Respublikas\u0131n\u0131n Prezidenti yan\u0131nda D\u00f6vl\u0259t \u0130dar\u0259\u00e7ilik Akademiyas\u0131 v\u0259 Az\u0259rbaycan Respublikas\u0131 Ba\u015f Prokurorlu\u011fu aras\u0131nda \u0259m\u0259kda\u015fl\u0131\u011fa dair memorandum imzanalm\u0131\u015fd\u0131r 3 mart 2021-ci il tarixd\u0259 Az\u0259rbaycan Respublikas\u0131n\u0131n Prezidenti yan\u0131nda D\u00f6vl\u0259t \u0130dar\u0259\u00e7ilik Akademiyas\u0131n\u0131n rektoru, akademik Urxan \u018fl\u0259kb\u0259rovun r\u0259hb\u0259rlik etdiyi n\u00fcmay\u0259nd\u0259 hey\u0259ti Ba\u015f Prokurorlu\u011fun Elm-T\u0259dris M\u0259rk\u0259zind\u0259 olmu\u015fdur.&nbsp;T\u0259dbir \u00e7\u0259r\u00e7iv\u0259sind\u0259 akademik Urxan \u018fl\u0259kb\u0259rovla Ba\u015f prokurorun m\u00fcavini Elmar Camalovun aras\u0131nda g\u00f6r\u00fc\u015f ke\u00e7irilmi\u015f, g\u00f6r\u00fc\u015fd\u0259 [&hellip;]<\/p>","protected":false},"author":2,"featured_media":4033,"comment_status":"closed","ping_status":"closed","sticky":false,"template":"","format":"standard","meta":[],"categories":[137],"tags":[],"_links":{"self":[{"href":"https:\/\/legacy.dia.edu.az\/ru\/wp-json\/wp\/v2\/posts\/4032"}],"collection":[{"href":"https:\/\/legacy.dia.edu.az\/ru\/wp-json\/wp\/v2\/posts"}],"about":[{"href":"https:\/\/legacy.dia.edu.az\/ru\/wp-json\/wp\/v2\/types\/post"}],"author":[{"embeddable":true,"href":"https:\/\/legacy.dia.edu.az\/ru\/wp-json\/wp\/v2\/users\/2"}],"replies":[{"embeddable":true,"href":"https:\/\/legacy.dia.edu.az\/ru\/wp-json\/wp\/v2\/comments?post=4032"}],"version-history":[{"count":0,"href":"https:\/\/legacy.dia.edu.az\/ru\/wp-json\/wp\/v2\/posts\/4032\/revisions"}],"wp:featuredmedia":[{"embeddable":true,"href":"https:\/\/legacy.dia.edu.az\/ru\/wp-json\/wp\/v2\/media\/4033"}],"wp:attachment":[{"href":"https:\/\/legacy.dia.edu.az\/ru\/wp-json\/wp\/v2\/media?parent=4032"}],"wp:term":[{"taxonomy":"category","embeddable":true,"href":"https:\/\/legacy.dia.edu.az\/ru\/wp-json\/wp\/v2\/categories?post=4032"},{"taxonomy":"post_tag","embeddable":true,"href":"https:\/\/legacy.dia.edu.az\/ru\/wp-json\/wp\/v2\/tags?post=4032"}],"curies":[{"name":"wp","href":"https:\/\/api.w.org\/{rel}","templated":true}]}}