{"id":4027,"date":"2021-03-04T11:40:00","date_gmt":"2021-03-04T08:40:00","guid":{"rendered":"https:\/\/dia.edu.az\/?p=4027"},"modified":"2021-03-08T01:41:35","modified_gmt":"2021-03-07T22:41:35","slug":"az%c9%99rbaycan-respublikasinin-prezidenti-yaninda-dovl%c9%99t-idar%c9%99cilik-akademiyasinin-rektoru-akademik-urxan-%c9%99l%c9%99kb%c9%99rovun-az%c9%99rbaycan-q%c9%99zetind%c9%99-prezident-ilham","status":"publish","type":"post","link":"https:\/\/legacy.dia.edu.az\/ru\/arxivl\u0259r\/4027","title":{"rendered":"Az\u0259rbaycan Respublikas\u0131n\u0131n Prezidenti yan\u0131nda D\u00f6vl\u0259t \u0130dar\u0259\u00e7ilik Akademiyas\u0131n\u0131n rektoru, akademik Urxan \u018fl\u0259kb\u0259rovun Az\u0259rbaycan q\u0259zetind\u0259 &#8220;Prezident \u0130lham \u018fliyev Az\u0259rbaycan\u0131 u\u011furlu innovativ t\u0259dbirl\u0259rl\u0259 yeni z\u0259f\u0259rl\u0259r\u0259 apar\u0131r&#8221; adl\u0131 m\u0259qal\u0259si \u00e7ap edilmi\u015fdir"},"content":{"rendered":"<p><strong>Az\u0259rbaycan Respublikas\u0131n\u0131n Prezidenti yan\u0131nda D\u00f6vl\u0259t \u0130dar\u0259\u00e7ilik Akademiyas\u0131n\u0131n rektoru, akademik Urxan \u018fl\u0259kb\u0259rovun Az\u0259rbaycan q\u0259zetind\u0259 &#8220;Prezident \u0130lham \u018fliyev Az\u0259rbaycan\u0131 u\u011furlu innovativ t\u0259dbirl\u0259rl\u0259 yeni z\u0259f\u0259rl\u0259r\u0259 apar\u0131r&#8221; adl\u0131 m\u0259qal\u0259si \u00e7ap edilmi\u015fdir<\/strong><br><br>\u00a0\u00a0\u00a0Az\u0259rbaycan Respublikas\u0131n\u0131n Prezidenti yan\u0131nda D\u00f6vl\u0259t \u0130dar\u0259\u00e7ilik Akademiyas\u0131n\u0131n rektoru, akademik Urxan \u018fl\u0259kb\u0259rovun Az\u0259rbaycan q\u0259zetind\u0259\u00a0&#8220;Prezident \u0130lham \u018fliyev Az\u0259rbaycan\u0131 u\u011furlu innovativ t\u0259dbirl\u0259rl\u0259 yeni z\u0259f\u0259rl\u0259r\u0259 apar\u0131r&#8221; adl\u0131 m\u0259qal\u0259si \u00e7ap edilmi\u015fdir.\u00a0Ke\u00e7id \u00fc\u00e7\u00fcn link:\u00a0<a rel=\"noreferrer noopener\" href=\"https:\/\/www.azerbaijan-news.az\/uploads\/documents\/pdf\/1-8pdf-1614804507.pdf\" target=\"_blank\">https:\/\/www.azerbaijan-news.az\/uploads\/documents\/pdf\/1-8pdf-1614804507.pdf<\/a><\/p>","protected":false},"excerpt":{"rendered":"<p>Az\u0259rbaycan Respublikas\u0131n\u0131n Prezidenti yan\u0131nda D\u00f6vl\u0259t \u0130dar\u0259\u00e7ilik Akademiyas\u0131n\u0131n rektoru, akademik Urxan \u018fl\u0259kb\u0259rovun Az\u0259rbaycan q\u0259zetind\u0259 &#8220;Prezident \u0130lham \u018fliyev Az\u0259rbaycan\u0131 u\u011furlu innovativ t\u0259dbirl\u0259rl\u0259 yeni z\u0259f\u0259rl\u0259r\u0259 apar\u0131r&#8221; adl\u0131 m\u0259qal\u0259si \u00e7ap edilmi\u015fdir \u00a0\u00a0\u00a0Az\u0259rbaycan Respublikas\u0131n\u0131n Prezidenti yan\u0131nda D\u00f6vl\u0259t \u0130dar\u0259\u00e7ilik Akademiyas\u0131n\u0131n rektoru, akademik Urxan \u018fl\u0259kb\u0259rovun Az\u0259rbaycan q\u0259zetind\u0259\u00a0&#8220;Prezident \u0130lham \u018fliyev Az\u0259rbaycan\u0131 u\u011furlu innovativ t\u0259dbirl\u0259rl\u0259 yeni z\u0259f\u0259rl\u0259r\u0259 apar\u0131r&#8221; adl\u0131 m\u0259qal\u0259si \u00e7ap edilmi\u015fdir.\u00a0Ke\u00e7id \u00fc\u00e7\u00fcn link:\u00a0https:\/\/www.azerbaijan-news.az\/uploads\/documents\/pdf\/1-8pdf-1614804507.pdf<\/p>","protected":false},"author":2,"featured_media":4028,"comment_status":"closed","ping_status":"closed","sticky":false,"template":"","format":"standard","meta":[],"categories":[137],"tags":[],"_links":{"self":[{"href":"https:\/\/legacy.dia.edu.az\/ru\/wp-json\/wp\/v2\/posts\/4027"}],"collection":[{"href":"https:\/\/legacy.dia.edu.az\/ru\/wp-json\/wp\/v2\/posts"}],"about":[{"href":"https:\/\/legacy.dia.edu.az\/ru\/wp-json\/wp\/v2\/types\/post"}],"author":[{"embeddable":true,"href":"https:\/\/legacy.dia.edu.az\/ru\/wp-json\/wp\/v2\/users\/2"}],"replies":[{"embeddable":true,"href":"https:\/\/legacy.dia.edu.az\/ru\/wp-json\/wp\/v2\/comments?post=4027"}],"version-history":[{"count":0,"href":"https:\/\/legacy.dia.edu.az\/ru\/wp-json\/wp\/v2\/posts\/4027\/revisions"}],"wp:featuredmedia":[{"embeddable":true,"href":"https:\/\/legacy.dia.edu.az\/ru\/wp-json\/wp\/v2\/media\/4028"}],"wp:attachment":[{"href":"https:\/\/legacy.dia.edu.az\/ru\/wp-json\/wp\/v2\/media?parent=4027"}],"wp:term":[{"taxonomy":"category","embeddable":true,"href":"https:\/\/legacy.dia.edu.az\/ru\/wp-json\/wp\/v2\/categories?post=4027"},{"taxonomy":"post_tag","embeddable":true,"href":"https:\/\/legacy.dia.edu.az\/ru\/wp-json\/wp\/v2\/tags?post=4027"}],"curies":[{"name":"wp","href":"https:\/\/api.w.org\/{rel}","templated":true}]}}