{"id":3974,"date":"2021-02-24T11:31:00","date_gmt":"2021-02-24T08:31:00","guid":{"rendered":"https:\/\/dia.edu.az\/?p=3974"},"modified":"2021-03-08T01:33:13","modified_gmt":"2021-03-07T22:33:13","slug":"xocali-soyqirimi-xx-%c9%99srin-faci%c9%99si","status":"publish","type":"post","link":"https:\/\/legacy.dia.edu.az\/ru\/arxivl\u0259r\/3974","title":{"rendered":"XOCALI SOYQIRIMI &#8211; XX \u018fSR\u0130N FAC\u0130\u018fS\u0130"},"content":{"rendered":"<p><strong>XOCALI SOYQIRIMI &#8211; XX \u018fSR\u0130N FAC\u0130\u018fS\u0130<\/strong><br><\/p>\n\n\n\n<p class=\"has-text-align-center\"><br>B\u00fct\u00f6vl\u00fckd\u0259 Az\u0259rbaycan xalq\u0131na qar\u015f\u0131y\u00f6n\u0259ldilmi\u015f Xocal\u0131 soyq\u0131r\u0131m\u0131 \u00f6z a\u011flas\u0131\u011fmazq\u0259ddarl\u0131\u011f\u0131 v\u0259 qeyri-insani c\u0259za \u00fcsullar\u0131 il\u0259 b\u0259\u015f\u0259rtarixind\u0259 bir v\u0259h\u015filik akt\u0131d\u0131r. Bu soyq\u0131r\u0131m, eynizamanda, b\u00fct\u00fcn b\u0259\u015f\u0259riyy\u0259t\u0259 qar\u015f\u0131 tarixi bir cinay\u0259tdir.\u00a0 \u00a0 \u00a0 \u00a0 \u00a0 \u00a0 \u00a0 \u00a0 \u00a0 \u00a0 \u00a0 \u00a0 \u00a0 \u00a0 \u00a0 \u00a0 \u00a0 \u00a0 \u00a0 \u00a0 \u00a0 \u00a0 \u00a0 \u00a0 \u00a0 \u00a0 \u00a0 \u00a0 \u00a0 \u00a0 \u00a0 \u00a0 \u00a0 \u00a0 \u00a0 \u00a0 \u00a0 \u00a0 \u00a0 \u00a0 \u00a0 \u00a0 \u00a0 \u00a0 \u00a0 \u00a0 \u00a0 \u00a0 \u00a0 \u00a0 \u00a0 \u00a0 \u00a0 \u00a0 \u00a0 \u00a0 \u00a0    \u00dcmummilli lider\u00a0Heyd\u0259r \u018fliyev <\/p>\n\n\n\n<figure class=\"wp-container-2 wp-block-gallery-1 wp-block-gallery columns-2 is-cropped\"><ul class=\"blocks-gallery-grid\"><li class=\"blocks-gallery-item\"><figure><img width=\"640\" height=\"381\" src=\"https:\/\/dia.edu.az\/wp-content\/uploads\/2021\/03\/2-23.jpg\" alt=\"\" data-id=\"3978\" data-full-url=\"https:\/\/dia.edu.az\/wp-content\/uploads\/2021\/03\/2-23.jpg\" data-link=\"https:\/\/dia.edu.az\/?attachment_id=3978\" class=\"wp-image-3978\" srcset=\"https:\/\/legacy.dia.edu.az\/wp-content\/uploads\/2021\/03\/2-23.jpg 640w, https:\/\/legacy.dia.edu.az\/wp-content\/uploads\/2021\/03\/2-23-300x179.jpg 300w, https:\/\/legacy.dia.edu.az\/wp-content\/uploads\/2021\/03\/2-23-300x179@2x.jpg 600w\" sizes=\"(max-width: 640px) 100vw, 640px\" \/><\/figure><\/li><li class=\"blocks-gallery-item\"><figure><img width=\"640\" height=\"451\" src=\"https:\/\/dia.edu.az\/wp-content\/uploads\/2021\/03\/3-22.jpg\" alt=\"\" data-id=\"3981\" data-full-url=\"https:\/\/dia.edu.az\/wp-content\/uploads\/2021\/03\/3-22.jpg\" data-link=\"https:\/\/dia.edu.az\/?attachment_id=3981\" class=\"wp-image-3981\" srcset=\"https:\/\/legacy.dia.edu.az\/wp-content\/uploads\/2021\/03\/3-22.jpg 640w, https:\/\/legacy.dia.edu.az\/wp-content\/uploads\/2021\/03\/3-22-300x211.jpg 300w, https:\/\/legacy.dia.edu.az\/wp-content\/uploads\/2021\/03\/3-22-300x211@2x.jpg 600w\" sizes=\"(max-width: 640px) 100vw, 640px\" \/><\/figure><\/li><\/ul><\/figure>","protected":false},"excerpt":{"rendered":"<p>XOCALI SOYQIRIMI &#8211; XX \u018fSR\u0130N FAC\u0130\u018fS\u0130 B\u00fct\u00f6vl\u00fckd\u0259 Az\u0259rbaycan xalq\u0131na qar\u015f\u0131y\u00f6n\u0259ldilmi\u015f Xocal\u0131 soyq\u0131r\u0131m\u0131 \u00f6z a\u011flas\u0131\u011fmazq\u0259ddarl\u0131\u011f\u0131 v\u0259 qeyri-insani c\u0259za \u00fcsullar\u0131 il\u0259 b\u0259\u015f\u0259rtarixind\u0259 bir v\u0259h\u015filik akt\u0131d\u0131r. Bu soyq\u0131r\u0131m, eynizamanda, b\u00fct\u00fcn b\u0259\u015f\u0259riyy\u0259t\u0259 qar\u015f\u0131 tarixi bir cinay\u0259tdir.\u00a0 \u00a0 \u00a0 \u00a0 \u00a0 \u00a0 \u00a0 \u00a0 \u00a0 \u00a0 \u00a0 \u00a0 \u00a0 \u00a0 \u00a0 \u00a0 \u00a0 \u00a0 \u00a0 \u00a0 \u00a0 \u00a0 \u00a0 \u00a0 [&hellip;]<\/p>","protected":false},"author":2,"featured_media":3975,"comment_status":"closed","ping_status":"closed","sticky":false,"template":"","format":"standard","meta":[],"categories":[137],"tags":[],"_links":{"self":[{"href":"https:\/\/legacy.dia.edu.az\/ru\/wp-json\/wp\/v2\/posts\/3974"}],"collection":[{"href":"https:\/\/legacy.dia.edu.az\/ru\/wp-json\/wp\/v2\/posts"}],"about":[{"href":"https:\/\/legacy.dia.edu.az\/ru\/wp-json\/wp\/v2\/types\/post"}],"author":[{"embeddable":true,"href":"https:\/\/legacy.dia.edu.az\/ru\/wp-json\/wp\/v2\/users\/2"}],"replies":[{"embeddable":true,"href":"https:\/\/legacy.dia.edu.az\/ru\/wp-json\/wp\/v2\/comments?post=3974"}],"version-history":[{"count":0,"href":"https:\/\/legacy.dia.edu.az\/ru\/wp-json\/wp\/v2\/posts\/3974\/revisions"}],"wp:featuredmedia":[{"embeddable":true,"href":"https:\/\/legacy.dia.edu.az\/ru\/wp-json\/wp\/v2\/media\/3975"}],"wp:attachment":[{"href":"https:\/\/legacy.dia.edu.az\/ru\/wp-json\/wp\/v2\/media?parent=3974"}],"wp:term":[{"taxonomy":"category","embeddable":true,"href":"https:\/\/legacy.dia.edu.az\/ru\/wp-json\/wp\/v2\/categories?post=3974"},{"taxonomy":"post_tag","embeddable":true,"href":"https:\/\/legacy.dia.edu.az\/ru\/wp-json\/wp\/v2\/tags?post=3974"}],"curies":[{"name":"wp","href":"https:\/\/api.w.org\/{rel}","templated":true}]}}