{"id":3940,"date":"2021-02-10T10:23:00","date_gmt":"2021-02-10T07:23:00","guid":{"rendered":"https:\/\/dia.edu.az\/?p=3940"},"modified":"2021-03-08T01:24:35","modified_gmt":"2021-03-07T22:24:35","slug":"dovl%c9%99t-idar%c9%99cilik-akademiyasinda-az%c9%99rbaycanin-davamli-inkluziv-inkisafinda-konullul%c9%99r-f%c9%99aliyy%c9%99tinin-rolu-istiqam%c9%99ti-uzr%c9%99-t%c9%99lim-kecirilib","status":"publish","type":"post","link":"https:\/\/legacy.dia.edu.az\/ru\/arxivl\u0259r\/3940","title":{"rendered":"D\u00f6vl\u0259t \u0130dar\u0259\u00e7ilik Akademiyas\u0131nda \u201cAz\u0259rbaycan\u0131n davaml\u0131 inkl\u00fcziv inki\u015faf\u0131nda k\u00f6n\u00fcll\u00fcl\u0259r f\u0259aliyy\u0259tinin rolu\u201d istiqam\u0259ti \u00fczr\u0259 t\u0259lim ke\u00e7irilib"},"content":{"rendered":"<p><strong>D\u00f6vl\u0259t \u0130dar\u0259\u00e7ilik Akademiyas\u0131nda \u201cAz\u0259rbaycan\u0131n davaml\u0131 inkl\u00fcziv inki\u015faf\u0131nda k\u00f6n\u00fcll\u00fcl\u0259r f\u0259aliyy\u0259tinin rolu\u201d istiqam\u0259ti \u00fczr\u0259 t\u0259lim ke\u00e7irilib<\/strong><\/p>\n\n\n\n<p>&nbsp; 10 fevral 2021-ci il tarixind\u0259 \u201cAz\u0259rbaycan\u0131n davaml\u0131 inkl\u00fcziv inki\u015faf\u0131nda k\u00f6n\u00fcll\u00fcl\u0259r f\u0259aliyy\u0259tinin rolu\u201d istiqam\u0259ti \u00fczr\u0259 \u201cK\u00f6n\u00fcll\u00fcl\u0259rin idar\u0259edilm\u0259si: c\u0259lb edilm\u0259si, motivasiyas\u0131, inki\u015faf\u0131\u201d m\u00f6vzusunda n\u00f6vb\u0259ti t\u0259lim ke\u00e7irilmi\u015fdir. T\u0259lim icra hakimiyy\u0259tinin k\u00f6n\u00fcll\u00fc f\u0259aliyy\u0259ti \u00fczr\u0259 \u00e7al\u0131\u015fan \u015f\u0259xsl\u0259r \u00fc\u00e7\u00fcn onlayn formada t\u0259\u015fkil olunmu\u015fdur.<\/p>\n\n\n\n<p>Son ill\u0259rd\u0259 k\u00f6n\u00fcll\u00fcl\u00fck h\u0259r\u0259kat\u0131 respublikam\u0131z\u0131n davaml\u0131 inki\u015faf\u0131n\u0131n t\u0259min olunmas\u0131nda daha \u00e7ox diqq\u0259t \u00e7\u0259kir. Bu baximdan t\u0259limin \u0259sas m\u0259qs\u0259di\u00f6lk\u0259mizin g\u00fccl\u00fc bir d\u00f6vl\u0259t\u0259 \u00e7evrilm\u0259sind\u0259, insanlar\u0131n rifah\u0131n\u0131n getdikc\u0259 yax\u015f\u0131la\u015fmas\u0131nda k\u00f6n\u00fcll\u00fcl\u0259rin rolunun qiym\u0259tl\u0259ndirilm\u0259sidir. T\u0259limd\u0259 dinl\u0259yicil\u0259r\u0259 k\u00f6n\u00fcll\u00fcl\u0259rin idar\u0259edilm\u0259si: c\u0259lb edilm\u0259si, motivasiyas\u0131, inki\u015faf\u0131 m\u00f6vzusu v\u0259 s. probleml\u0259rl\u0259&nbsp; ba\u011fl\u0131 bilikl\u0259r \u00e7atd\u0131r\u0131ld\u0131&nbsp; v\u0259 onlarla fikir m\u00fcbadil\u0259si apar\u0131ld\u0131.<\/p>\n\n\n\n<p>\u00a0\u00a0\u00a0\u00a0\u00a0\u00a0\u00a0\u00a0\u00a0\u00a0\u00a0\u00a0\u00a0\u00a0\u00a0 Milli M\u0259clisinin deputat\u0131, Elm v\u0259 t\u0259hsil komit\u0259sinin \u00fczv\u00fc\u00a0 \u015eahin Seyidzad\u0259 \u201cK\u00f6n\u00fcll\u00fcl\u0259rin idar\u0259edilm\u0259si: c\u0259lb edilm\u0259si, motivasiyas\u0131, inki\u015faf\u0131\u201d m\u00f6vzusunda dinl\u0259yicil\u0259r\u0259 m\u00fchazir\u0259 oxumu\u015fdur.<\/p>\n\n\n\n<figure class=\"wp-container-2 wp-block-gallery-1 wp-block-gallery columns-3 is-cropped\"><ul class=\"blocks-gallery-grid\"><li class=\"blocks-gallery-item\"><figure><img width=\"524\" height=\"241\" src=\"https:\/\/dia.edu.az\/wp-content\/uploads\/2021\/03\/1-25.jpg\" alt=\"\" data-id=\"3941\" data-full-url=\"https:\/\/dia.edu.az\/wp-content\/uploads\/2021\/03\/1-25.jpg\" data-link=\"https:\/\/dia.edu.az\/?attachment_id=3941\" class=\"wp-image-3941\" srcset=\"https:\/\/legacy.dia.edu.az\/wp-content\/uploads\/2021\/03\/1-25.jpg 524w, https:\/\/legacy.dia.edu.az\/wp-content\/uploads\/2021\/03\/1-25-300x138.jpg 300w\" sizes=\"(max-width: 524px) 100vw, 524px\" \/><\/figure><\/li><li class=\"blocks-gallery-item\"><figure><img width=\"515\" height=\"209\" src=\"https:\/\/dia.edu.az\/wp-content\/uploads\/2021\/03\/2-22.jpg\" alt=\"\" data-id=\"3944\" data-full-url=\"https:\/\/dia.edu.az\/wp-content\/uploads\/2021\/03\/2-22.jpg\" data-link=\"https:\/\/dia.edu.az\/?attachment_id=3944\" class=\"wp-image-3944\" srcset=\"https:\/\/legacy.dia.edu.az\/wp-content\/uploads\/2021\/03\/2-22.jpg 515w, https:\/\/legacy.dia.edu.az\/wp-content\/uploads\/2021\/03\/2-22-300x122.jpg 300w\" sizes=\"(max-width: 515px) 100vw, 515px\" \/><\/figure><\/li><li class=\"blocks-gallery-item\"><figure><img width=\"522\" height=\"221\" src=\"https:\/\/dia.edu.az\/wp-content\/uploads\/2021\/03\/3-21.jpg\" alt=\"\" data-id=\"3947\" data-full-url=\"https:\/\/dia.edu.az\/wp-content\/uploads\/2021\/03\/3-21.jpg\" data-link=\"https:\/\/dia.edu.az\/?attachment_id=3947\" class=\"wp-image-3947\" srcset=\"https:\/\/legacy.dia.edu.az\/wp-content\/uploads\/2021\/03\/3-21.jpg 522w, https:\/\/legacy.dia.edu.az\/wp-content\/uploads\/2021\/03\/3-21-300x127.jpg 300w\" sizes=\"(max-width: 522px) 100vw, 522px\" \/><\/figure><\/li><li class=\"blocks-gallery-item\"><figure><img width=\"515\" height=\"318\" src=\"https:\/\/dia.edu.az\/wp-content\/uploads\/2021\/03\/4-17.jpg\" alt=\"\" data-id=\"3950\" data-full-url=\"https:\/\/dia.edu.az\/wp-content\/uploads\/2021\/03\/4-17.jpg\" data-link=\"https:\/\/dia.edu.az\/?attachment_id=3950\" class=\"wp-image-3950\" srcset=\"https:\/\/legacy.dia.edu.az\/wp-content\/uploads\/2021\/03\/4-17.jpg 515w, https:\/\/legacy.dia.edu.az\/wp-content\/uploads\/2021\/03\/4-17-300x185.jpg 300w\" sizes=\"(max-width: 515px) 100vw, 515px\" \/><\/figure><\/li><\/ul><\/figure>","protected":false},"excerpt":{"rendered":"<p>D\u00f6vl\u0259t \u0130dar\u0259\u00e7ilik Akademiyas\u0131nda \u201cAz\u0259rbaycan\u0131n davaml\u0131 inkl\u00fcziv inki\u015faf\u0131nda k\u00f6n\u00fcll\u00fcl\u0259r f\u0259aliyy\u0259tinin rolu\u201d istiqam\u0259ti \u00fczr\u0259 t\u0259lim ke\u00e7irilib &nbsp; 10 fevral 2021-ci il tarixind\u0259 \u201cAz\u0259rbaycan\u0131n davaml\u0131 inkl\u00fcziv inki\u015faf\u0131nda k\u00f6n\u00fcll\u00fcl\u0259r f\u0259aliyy\u0259tinin rolu\u201d istiqam\u0259ti \u00fczr\u0259 \u201cK\u00f6n\u00fcll\u00fcl\u0259rin idar\u0259edilm\u0259si: c\u0259lb edilm\u0259si, motivasiyas\u0131, inki\u015faf\u0131\u201d m\u00f6vzusunda n\u00f6vb\u0259ti t\u0259lim ke\u00e7irilmi\u015fdir. T\u0259lim icra hakimiyy\u0259tinin k\u00f6n\u00fcll\u00fc f\u0259aliyy\u0259ti \u00fczr\u0259 \u00e7al\u0131\u015fan \u015f\u0259xsl\u0259r \u00fc\u00e7\u00fcn onlayn formada t\u0259\u015fkil olunmu\u015fdur. Son ill\u0259rd\u0259 k\u00f6n\u00fcll\u00fcl\u00fck [&hellip;]<\/p>","protected":false},"author":2,"featured_media":3944,"comment_status":"closed","ping_status":"closed","sticky":false,"template":"","format":"standard","meta":[],"categories":[137],"tags":[],"_links":{"self":[{"href":"https:\/\/legacy.dia.edu.az\/ru\/wp-json\/wp\/v2\/posts\/3940"}],"collection":[{"href":"https:\/\/legacy.dia.edu.az\/ru\/wp-json\/wp\/v2\/posts"}],"about":[{"href":"https:\/\/legacy.dia.edu.az\/ru\/wp-json\/wp\/v2\/types\/post"}],"author":[{"embeddable":true,"href":"https:\/\/legacy.dia.edu.az\/ru\/wp-json\/wp\/v2\/users\/2"}],"replies":[{"embeddable":true,"href":"https:\/\/legacy.dia.edu.az\/ru\/wp-json\/wp\/v2\/comments?post=3940"}],"version-history":[{"count":0,"href":"https:\/\/legacy.dia.edu.az\/ru\/wp-json\/wp\/v2\/posts\/3940\/revisions"}],"wp:featuredmedia":[{"embeddable":true,"href":"https:\/\/legacy.dia.edu.az\/ru\/wp-json\/wp\/v2\/media\/3944"}],"wp:attachment":[{"href":"https:\/\/legacy.dia.edu.az\/ru\/wp-json\/wp\/v2\/media?parent=3940"}],"wp:term":[{"taxonomy":"category","embeddable":true,"href":"https:\/\/legacy.dia.edu.az\/ru\/wp-json\/wp\/v2\/categories?post=3940"},{"taxonomy":"post_tag","embeddable":true,"href":"https:\/\/legacy.dia.edu.az\/ru\/wp-json\/wp\/v2\/tags?post=3940"}],"curies":[{"name":"wp","href":"https:\/\/api.w.org\/{rel}","templated":true}]}}