{"id":3932,"date":"2021-02-05T10:22:00","date_gmt":"2021-02-05T07:22:00","guid":{"rendered":"https:\/\/dia.edu.az\/?p=3932"},"modified":"2021-03-08T01:22:55","modified_gmt":"2021-03-07T22:22:55","slug":"dovl%c9%99t-idar%c9%99cilik-akademiyasinda-novb%c9%99ti-ixtisasartirma-t%c9%99limi-kecirilmisdir","status":"publish","type":"post","link":"https:\/\/legacy.dia.edu.az\/ru\/arxivl\u0259r\/3932","title":{"rendered":"D\u00f6vl\u0259t \u0130dar\u0259\u00e7ilik Akademiyas\u0131nda n\u00f6vb\u0259ti ixtisasart\u0131rma t\u0259limi ke\u00e7irilmi\u015fdir"},"content":{"rendered":"<p><strong>D\u00f6vl\u0259t \u0130dar\u0259\u00e7ilik Akademiyas\u0131nda n\u00f6vb\u0259ti ixtisasart\u0131rma t\u0259limi ke\u00e7irilmi\u015fdir<\/strong><\/p>\n\n\n\n<p>&nbsp; &nbsp; &nbsp; &nbsp; Az\u0259rbaycan Respublikas\u0131n\u0131n Prezidenti c\u0259nab \u0130lham \u018fliyev t\u0259r\u0259find\u0259n 24 noyabr 2020-ci il tarixind\u0259 \u00abD\u00f6vl\u0259t qullu\u011fu haqq\u0131nda\u00bb Az\u0259rbaycan Respublikas\u0131n\u0131n Qanununda d\u0259yi\u015fiklik edilm\u0259si bar\u0259d\u0259 Az\u0259rbaycan Respublikas\u0131n\u0131n Qanunu v\u0259 Qanunun t\u0259tbiqi il\u0259 ba\u011fl\u0131 26 dekabr 2020-ci il tarixind\u0259 F\u0259rman imzalanm\u0131\u015fd\u0131r. D\u0259yi\u015fiklikl\u0259r d\u00f6vl\u0259t qulluq\u00e7usunun f\u0259aliyy\u0259tin\u0259 n\u0259zar\u0259tin h\u0259yata ke\u00e7irilm\u0259si, onun potensial imkanlar\u0131n\u0131n a\u015fkara \u00e7\u0131xar\u0131lmas\u0131 v\u0259 h\u0259min imkanlardan s\u0259m\u0259r\u0259li istifad\u0259<strong>,&nbsp;<\/strong>d\u00f6vl\u0259t qulluq\u00e7usunun xidm\u0259ti f\u0259aliyy\u0259tinin qiym\u0259tl\u0259ndirilm\u0259si, d\u00f6vl\u0259t qulluq\u00e7usunun pe\u015f\u0259 s\u0259ri\u015ft\u0259liyinin art\u0131r\u0131lmas\u0131n\u0131n stimulla\u015fd\u0131r\u0131lmas\u0131 v\u0259 \u0259lav\u0259 t\u0259hsil\u0259 ehtiyac\u0131n\u0131n, habel\u0259 tutdu\u011fu v\u0259zif\u0259y\u0259 uy\u011fun g\u0259lib-g\u0259lm\u0259diyinin m\u00fc\u0259yy\u0259nl\u0259\u015fdirilm\u0259si kimi prioritet m\u0259s\u0259l\u0259l\u0259rl\u0259 ba\u011fl\u0131 yeni yana\u015fmalar\u0131 n\u0259z\u0259rd\u0259 tutur. Bu yana\u015fmalar\u0131n icra\u00e7\u0131lara \u00e7atd\u0131r\u0131lmas\u0131 v\u0259 izah\u0131 il\u0259 \u0259laq\u0259dar m\u0259rh\u0259l\u0259li \u015f\u0259kild\u0259 Az\u0259rbaycan Respublikas\u0131n\u0131n b\u00fct\u00fcn regionlar\u0131nda Az\u0259rbaycan Respublikas\u0131n\u0131n Prezidenti yan\u0131nda D\u00f6vl\u0259t \u0130dar\u0259\u00e7ilik Akademiyas\u0131 t\u0259r\u0259find\u0259n ke\u00e7iril\u0259c\u0259k t\u0259liml\u0259r n\u0259z\u0259rd\u0259 tutulmu\u015fdur.<\/p>\n\n\n\n<p>&nbsp;&nbsp;&nbsp;&nbsp;&nbsp; Bununla \u0259laq\u0259dar 05 fevral 2021-ci il tarixind\u0259 \u00abM\u00fcasir d\u00f6vrd\u0259 d\u00f6vl\u0259t qulluq\u00e7ular\u0131n\u0131n xidm\u0259ti f\u0259aliyy\u0259tinin qiym\u0259tl\u0259ndirilm\u0259si\u00bb m\u00f6vzusunda t\u0259limin Az\u0259rbaycan Respublikas\u0131n\u0131n L\u0259nk\u0259ran \u0130qtisadi rayonunun \u015f\u0259h\u0259r v\u0259 rayon \u0130cra Hakimiyy\u0259tl\u0259ri ba\u015f\u00e7\u0131lar\u0131n\u0131n m\u00fcavinl\u0259ri, apar\u0131c\u0131 \u015f\u00f6b\u0259l\u0259rinin m\u00fcdirl\u0259ri v\u0259 yuxar\u0131da qeyd olunan m\u00f6vzuya aidiyyat\u0131 olan \u0259m\u0259kda\u015flar\u0131 \u00fc\u00e7\u00fcn ke\u00e7irilmi\u015fdir.<\/p>\n\n\n\n<p>\u00a0\u00a0\u00a0\u00a0\u00a0\u00a0\u00a0\u00a0\u00a0 \u00a0D\u00f6vl\u0259t \u0130dar\u0259\u00e7ilik Akademiyas\u0131n\u0131n rektoru akademik Urxan \u018fl\u0259kb\u0259rov t\u0259limin a\u00e7\u0131l\u0131\u015fda i\u015ftirak etmi\u015f v\u0259 dinl\u0259yicil\u0259r\u0259 u\u011furlar arzu etmi\u015fdir. D\u00f6vl\u0259t \u0130dar\u0259\u00e7ilik Akademiyas\u0131n\u0131n D\u00f6vl\u0259t qullugu kafedras\u0131n\u0131n m\u00fcdiri dosent R\u0259c\u0259b R\u0259himli \u201cM\u00fcasir d\u00f6vrd\u0259 d\u00f6vl\u0259t qulluq\u00e7ular\u0131n\u0131n xidm\u0259ti f\u0259aliyy\u0259tinin qiym\u0259tl\u0259ndirilm\u0259si\u201d\u00a0 m\u00f6vzusunda onlayn formada dinl\u0259yicil\u0259r\u0259 m\u00fchazir\u0259 oxumu\u015fdur.\u00a0 dos.R\u0259c\u0259b R\u0259himli\u00a0 \u00e7\u0131x\u0131\u015f ed\u0259r\u0259k d\u00f6vl\u0259t qulluq\u00e7ular\u0131n\u0131n xidm\u0259ti f\u0259aliyy\u0259tinin qiym\u0259tl\u0259ndirilm\u0259si m\u0259qs\u0259dind\u0259n, qiym\u0259tl\u0259ndirm\u0259nin m\u00fcasir metodlar\u0131ndan, qaydalar\u0131ndan, meyarlar\u0131ndan, qiym\u0259tl\u0259ndirm\u0259 n\u0259tic\u0259sind\u0259 g\u00f6r\u00fcl\u0259n t\u0259dbirl\u0259rd\u0259n, d\u00f6vl\u0259t qulluq\u00e7ular\u0131n\u0131n t\u0259liml\u0259r\u0259 c\u0259lb olunma ehtiyaclar\u0131ndan, o c\u00fcml\u0259d\u0259n \u201cD\u00f6vl\u0259t qullu\u011fu haqq\u0131nda\u201d Az\u0259rbaycan Respublikas\u0131n\u0131n Qanununa edilmi\u015f son d\u0259yi\u015fiklikl\u0259rd\u0259n dan\u0131\u015fm\u0131\u015f, \u00f6lk\u0259mizd\u0259 son ill\u0259r d\u00f6vl\u0259t idar\u0259\u00e7ilik sistemind\u0259 h\u0259yata ke\u00e7iril\u0259n islahatlar bar\u0259d\u0259 t\u0259lim i\u015ftirak\u00e7\u0131lar\u0131na m\u0259lumat vermi\u015fdir.\u00a0 M\u0259ruz\u0259\u00e7i vur\u011fulam\u0131\u015fd\u0131r ki, d\u00f6vl\u0259t qulluq\u00e7usunun xidm\u0259ti f\u0259aliyy\u0259tinin qiym\u0259tl\u0259ndirilm\u0259si d\u00f6vl\u0259t qulluq\u00e7usunun g\u0259l\u0259c\u0259k karyeras\u0131 \u00fc\u00e7\u00fcn vacib amildir. Qar\u015f\u0131l\u0131ql\u0131 diskusiya \u015f\u0259raitind\u0259 ke\u00e7\u0259n onlayn seminarda m\u0259ruz\u0259\u00e7i seminar i\u015ftirak\u00e7\u0131lar\u0131n\u0131 maraqland\u0131ran suallar\u0131 cavabland\u0131rm\u0131\u015fd\u0131r.<\/p>\n\n\n\n<figure class=\"wp-container-2 wp-block-gallery-1 wp-block-gallery columns-2 is-cropped\"><ul class=\"blocks-gallery-grid\"><li class=\"blocks-gallery-item\"><figure><img width=\"640\" height=\"477\" src=\"https:\/\/dia.edu.az\/wp-content\/uploads\/2021\/03\/12-1.jpg\" alt=\"\" data-id=\"3933\" data-full-url=\"https:\/\/dia.edu.az\/wp-content\/uploads\/2021\/03\/12-1.jpg\" data-link=\"https:\/\/dia.edu.az\/?attachment_id=3933\" class=\"wp-image-3933\" srcset=\"https:\/\/legacy.dia.edu.az\/wp-content\/uploads\/2021\/03\/12-1.jpg 640w, https:\/\/legacy.dia.edu.az\/wp-content\/uploads\/2021\/03\/12-1-300x224.jpg 300w, https:\/\/legacy.dia.edu.az\/wp-content\/uploads\/2021\/03\/12-1-300x224@2x.jpg 600w\" sizes=\"(max-width: 640px) 100vw, 640px\" \/><\/figure><\/li><li class=\"blocks-gallery-item\"><figure><img width=\"640\" height=\"390\" src=\"https:\/\/dia.edu.az\/wp-content\/uploads\/2021\/03\/13.jpg\" alt=\"\" data-id=\"3936\" data-full-url=\"https:\/\/dia.edu.az\/wp-content\/uploads\/2021\/03\/13.jpg\" data-link=\"https:\/\/dia.edu.az\/?attachment_id=3936\" class=\"wp-image-3936\" srcset=\"https:\/\/legacy.dia.edu.az\/wp-content\/uploads\/2021\/03\/13.jpg 640w, https:\/\/legacy.dia.edu.az\/wp-content\/uploads\/2021\/03\/13-300x183.jpg 300w, https:\/\/legacy.dia.edu.az\/wp-content\/uploads\/2021\/03\/13-300x183@2x.jpg 600w\" sizes=\"(max-width: 640px) 100vw, 640px\" \/><\/figure><\/li><\/ul><\/figure>","protected":false},"excerpt":{"rendered":"<p>D\u00f6vl\u0259t \u0130dar\u0259\u00e7ilik Akademiyas\u0131nda n\u00f6vb\u0259ti ixtisasart\u0131rma t\u0259limi ke\u00e7irilmi\u015fdir &nbsp; &nbsp; &nbsp; &nbsp; Az\u0259rbaycan Respublikas\u0131n\u0131n Prezidenti c\u0259nab \u0130lham \u018fliyev t\u0259r\u0259find\u0259n 24 noyabr 2020-ci il tarixind\u0259 \u00abD\u00f6vl\u0259t qullu\u011fu haqq\u0131nda\u00bb Az\u0259rbaycan Respublikas\u0131n\u0131n Qanununda d\u0259yi\u015fiklik edilm\u0259si bar\u0259d\u0259 Az\u0259rbaycan Respublikas\u0131n\u0131n Qanunu v\u0259 Qanunun t\u0259tbiqi il\u0259 ba\u011fl\u0131 26 dekabr 2020-ci il tarixind\u0259 F\u0259rman imzalanm\u0131\u015fd\u0131r. D\u0259yi\u015fiklikl\u0259r d\u00f6vl\u0259t qulluq\u00e7usunun f\u0259aliyy\u0259tin\u0259 n\u0259zar\u0259tin h\u0259yata ke\u00e7irilm\u0259si, onun [&hellip;]<\/p>","protected":false},"author":2,"featured_media":3933,"comment_status":"closed","ping_status":"closed","sticky":false,"template":"","format":"standard","meta":[],"categories":[137],"tags":[],"_links":{"self":[{"href":"https:\/\/legacy.dia.edu.az\/ru\/wp-json\/wp\/v2\/posts\/3932"}],"collection":[{"href":"https:\/\/legacy.dia.edu.az\/ru\/wp-json\/wp\/v2\/posts"}],"about":[{"href":"https:\/\/legacy.dia.edu.az\/ru\/wp-json\/wp\/v2\/types\/post"}],"author":[{"embeddable":true,"href":"https:\/\/legacy.dia.edu.az\/ru\/wp-json\/wp\/v2\/users\/2"}],"replies":[{"embeddable":true,"href":"https:\/\/legacy.dia.edu.az\/ru\/wp-json\/wp\/v2\/comments?post=3932"}],"version-history":[{"count":0,"href":"https:\/\/legacy.dia.edu.az\/ru\/wp-json\/wp\/v2\/posts\/3932\/revisions"}],"wp:featuredmedia":[{"embeddable":true,"href":"https:\/\/legacy.dia.edu.az\/ru\/wp-json\/wp\/v2\/media\/3933"}],"wp:attachment":[{"href":"https:\/\/legacy.dia.edu.az\/ru\/wp-json\/wp\/v2\/media?parent=3932"}],"wp:term":[{"taxonomy":"category","embeddable":true,"href":"https:\/\/legacy.dia.edu.az\/ru\/wp-json\/wp\/v2\/categories?post=3932"},{"taxonomy":"post_tag","embeddable":true,"href":"https:\/\/legacy.dia.edu.az\/ru\/wp-json\/wp\/v2\/tags?post=3932"}],"curies":[{"name":"wp","href":"https:\/\/api.w.org\/{rel}","templated":true}]}}