{"id":3924,"date":"2021-02-05T10:20:00","date_gmt":"2021-02-05T07:20:00","guid":{"rendered":"https:\/\/dia.edu.az\/?p=3924"},"modified":"2021-03-08T01:21:11","modified_gmt":"2021-03-07T22:21:11","slug":"3924","status":"publish","type":"post","link":"https:\/\/legacy.dia.edu.az\/ru\/arxivl\u0259r\/3924","title":{"rendered":""},"content":{"rendered":"<p><strong>D\u00f6vl\u0259t \u0130dar\u0259\u00e7ilik Akademiyas\u0131nda ixtisasart\u0131rma t\u0259limi ke\u00e7irilib<\/strong><br><em>Fev 05 , 2021 &#8211; 01:00<\/em><\/p>\n\n\n\n<p>Az\u0259rbaycan Respublikas\u0131n\u0131n Prezidenti c\u0259nab \u0130lham \u018fliyev t\u0259r\u0259find\u0259n 24 noyabr 2020-ci il tarixind\u0259 \u00abD\u00f6vl\u0259t qullu\u011fu haqq\u0131nda\u00bb Az\u0259rbaycan Respublikas\u0131n\u0131n Qanununda d\u0259yi\u015fiklik edilm\u0259si bar\u0259d\u0259 Az\u0259rbaycan Respublikas\u0131n\u0131n Qanunu v\u0259 Qanunun t\u0259tbiqi il\u0259 ba\u011fl\u0131 26 dekabr 2020-ci il tarixind\u0259 F\u0259rman imzalanm\u0131\u015fd\u0131r. D\u0259yi\u015fiklikl\u0259r d\u00f6vl\u0259t qulluq\u00e7usunun f\u0259aliyy\u0259tin\u0259 n\u0259zar\u0259tin h\u0259yata ke\u00e7irilm\u0259si, onun potensial imkanlar\u0131n\u0131n a\u015fkara \u00e7\u0131xar\u0131lmas\u0131 v\u0259 h\u0259min imkanlardan s\u0259m\u0259r\u0259li istifad\u0259<strong>,&nbsp;<\/strong>d\u00f6vl\u0259t qulluq\u00e7usunun xidm\u0259ti f\u0259aliyy\u0259tinin qiym\u0259tl\u0259ndirilm\u0259si, d\u00f6vl\u0259t qulluq\u00e7usunun pe\u015f\u0259 s\u0259ri\u015ft\u0259liyinin art\u0131r\u0131lmas\u0131n\u0131n stimulla\u015fd\u0131r\u0131lmas\u0131 v\u0259 \u0259lav\u0259 t\u0259hsil\u0259 ehtiyac\u0131n\u0131n, habel\u0259 tutdu\u011fu v\u0259zif\u0259y\u0259 uy\u011fun g\u0259lib-g\u0259lm\u0259diyinin m\u00fc\u0259yy\u0259nl\u0259\u015fdirilm\u0259si kimi prioritet m\u0259s\u0259l\u0259l\u0259rl\u0259 ba\u011fl\u0131 yeni yana\u015fmalar\u0131 n\u0259z\u0259rd\u0259 tutur. Bu yana\u015fmalar\u0131n icra\u00e7\u0131lara \u00e7atd\u0131r\u0131lmas\u0131 v\u0259 izah\u0131 il\u0259 \u0259laq\u0259dar m\u0259rh\u0259l\u0259li \u015f\u0259kild\u0259 Az\u0259rbaycan Respublikas\u0131n\u0131n b\u00fct\u00fcn regionlar\u0131nda Az\u0259rbaycan Respublikas\u0131n\u0131n Prezidenti yan\u0131nda D\u00f6vl\u0259t \u0130dar\u0259\u00e7ilik Akademiyas\u0131 t\u0259r\u0259find\u0259n ke\u00e7iril\u0259c\u0259k t\u0259liml\u0259r n\u0259z\u0259rd\u0259 tutulmu\u015fdur.<\/p>\n\n\n\n<p>Bununla \u0259laq\u0259dar Az\u0259rbaycan Respublikas\u0131n\u0131n Prezidenti yan\u0131nda D\u00f6vl\u0259t \u0130dar\u0259\u00e7ilik Akademiyas\u0131nda Az\u0259rbaycan Respublikas\u0131n\u0131n D\u00f6vl\u0259t Miqrasiya Xidm\u0259tinin d\u00f6vl\u0259t qulluq\u00e7ular\u0131ndan ibar\u0259t r\u0259hb\u0259r hey\u0259ti \u00fc\u00e7\u00fcn \u201cQlobal \u00e7ag\u0131r\u0131\u015flar\u0131n idar\u0259edilm\u0259sind\u0259 yeni idar\u0259\u00e7ilik texnologiyalar\u0131: Az\u0259rbaycan Respublikas\u0131n\u0131n ugurlu t\u0259cr\u00fcb\u0259si\u201d m\u00f6vzusunda n\u00f6vb\u0259ti t\u0259lim ke\u00e7irilmi\u015fdir. T\u0259lim onlayn formada t\u0259\u015fkil edilmi\u015fdir.<\/p>\n\n\n\n<p>&nbsp;&nbsp;&nbsp;&nbsp;&nbsp;&nbsp;&nbsp;&nbsp;&nbsp; T\u0259limin \u0259sas m\u0259qs\u0259di Az\u0259rbaycan Respublikas\u0131nda h\u0259yata ke\u00e7iril\u0259n ugurlu inki\u015faf strategiyas\u0131n\u0131n m\u00fcsb\u0259t n\u0259tic\u0259l\u0259rini t\u0259hlil etm\u0259kdir. Biliy\u0259 \u0259saslanan inki\u015faf, bu m\u0259qs\u0259dl\u0259r \u00fc\u00e7\u00fcn \u0259n m\u00fcasir elmi v\u0259 texnoloji nailiyy\u0259tl\u0259rd\u0259n istifad\u0259, Az\u0259rbaycan Respublikas\u0131nda h\u0259yata ke\u00e7iril\u0259n inki\u015faf strategiyas\u0131n\u0131n \u0259sas prioriteti,m\u00fcvafiq bilikl\u0259rin art\u0131r\u0131lmas\u0131 v\u0259 bu bilikl\u0259rin daim m\u00fcasirl\u0259\u015fdirilm\u0259si v\u0259 s. probleml\u0259rl\u0259&nbsp; ba\u011fl\u0131 bilikl\u0259rin dinl\u0259yicil\u0259r\u0259 \u00e7atd\u0131r\u0131lmas\u0131 v\u0259 onlar il\u0259 fikir m\u00fcbadil\u0259sinin apar\u0131lmas\u0131 idi.<\/p>\n\n\n\n<p>\u00a0\u00a0\u00a0\u00a0\u00a0\u00a0\u00a0\u00a0\u00a0 T\u0259limd\u0259 D\u00f6vl\u0259t \u0130dar\u0259\u00e7ilik Akademiyas\u0131n\u0131n rektoru akademik Urxan \u018fl\u0259kb\u0259rovun onlayn formada m\u00fchazir\u0259si dinl\u0259nilmi\u015f v\u0259 t\u0259limin sonunda dinl\u0259yicil\u0259rin suallar\u0131 cavabland\u0131r\u0131lm\u0131\u015fd\u0131r.\u00a0<\/p>\n\n\n\n<figure class=\"wp-container-2 wp-block-gallery-1 wp-block-gallery columns-2 is-cropped\"><ul class=\"blocks-gallery-grid\"><li class=\"blocks-gallery-item\"><figure><img width=\"640\" height=\"406\" src=\"https:\/\/dia.edu.az\/wp-content\/uploads\/2021\/03\/10-1.jpg\" alt=\"\" data-id=\"3925\" data-full-url=\"https:\/\/dia.edu.az\/wp-content\/uploads\/2021\/03\/10-1.jpg\" data-link=\"https:\/\/dia.edu.az\/?attachment_id=3925\" class=\"wp-image-3925\" srcset=\"https:\/\/legacy.dia.edu.az\/wp-content\/uploads\/2021\/03\/10-1.jpg 640w, https:\/\/legacy.dia.edu.az\/wp-content\/uploads\/2021\/03\/10-1-300x190.jpg 300w, https:\/\/legacy.dia.edu.az\/wp-content\/uploads\/2021\/03\/10-1-410x260.jpg 410w, https:\/\/legacy.dia.edu.az\/wp-content\/uploads\/2021\/03\/10-1-300x190@2x.jpg 600w\" sizes=\"(max-width: 640px) 100vw, 640px\" \/><\/figure><\/li><li class=\"blocks-gallery-item\"><figure><img width=\"640\" height=\"343\" src=\"https:\/\/dia.edu.az\/wp-content\/uploads\/2021\/03\/11-1.jpg\" alt=\"\" data-id=\"3928\" data-full-url=\"https:\/\/dia.edu.az\/wp-content\/uploads\/2021\/03\/11-1.jpg\" data-link=\"https:\/\/dia.edu.az\/?attachment_id=3928\" class=\"wp-image-3928\" srcset=\"https:\/\/legacy.dia.edu.az\/wp-content\/uploads\/2021\/03\/11-1.jpg 640w, https:\/\/legacy.dia.edu.az\/wp-content\/uploads\/2021\/03\/11-1-300x161.jpg 300w, https:\/\/legacy.dia.edu.az\/wp-content\/uploads\/2021\/03\/11-1-300x161@2x.jpg 600w\" sizes=\"(max-width: 640px) 100vw, 640px\" \/><\/figure><\/li><\/ul><\/figure>","protected":false},"excerpt":{"rendered":"<p>D\u00f6vl\u0259t \u0130dar\u0259\u00e7ilik Akademiyas\u0131nda ixtisasart\u0131rma t\u0259limi ke\u00e7irilibFev 05 , 2021 &#8211; 01:00 Az\u0259rbaycan Respublikas\u0131n\u0131n Prezidenti c\u0259nab \u0130lham \u018fliyev t\u0259r\u0259find\u0259n 24 noyabr 2020-ci il tarixind\u0259 \u00abD\u00f6vl\u0259t qullu\u011fu haqq\u0131nda\u00bb Az\u0259rbaycan Respublikas\u0131n\u0131n Qanununda d\u0259yi\u015fiklik edilm\u0259si bar\u0259d\u0259 Az\u0259rbaycan Respublikas\u0131n\u0131n Qanunu v\u0259 Qanunun t\u0259tbiqi il\u0259 ba\u011fl\u0131 26 dekabr 2020-ci il tarixind\u0259 F\u0259rman imzalanm\u0131\u015fd\u0131r. D\u0259yi\u015fiklikl\u0259r d\u00f6vl\u0259t qulluq\u00e7usunun f\u0259aliyy\u0259tin\u0259 n\u0259zar\u0259tin h\u0259yata ke\u00e7irilm\u0259si, onun [&hellip;]<\/p>","protected":false},"author":2,"featured_media":3925,"comment_status":"closed","ping_status":"closed","sticky":false,"template":"","format":"standard","meta":[],"categories":[137],"tags":[],"_links":{"self":[{"href":"https:\/\/legacy.dia.edu.az\/ru\/wp-json\/wp\/v2\/posts\/3924"}],"collection":[{"href":"https:\/\/legacy.dia.edu.az\/ru\/wp-json\/wp\/v2\/posts"}],"about":[{"href":"https:\/\/legacy.dia.edu.az\/ru\/wp-json\/wp\/v2\/types\/post"}],"author":[{"embeddable":true,"href":"https:\/\/legacy.dia.edu.az\/ru\/wp-json\/wp\/v2\/users\/2"}],"replies":[{"embeddable":true,"href":"https:\/\/legacy.dia.edu.az\/ru\/wp-json\/wp\/v2\/comments?post=3924"}],"version-history":[{"count":0,"href":"https:\/\/legacy.dia.edu.az\/ru\/wp-json\/wp\/v2\/posts\/3924\/revisions"}],"wp:featuredmedia":[{"embeddable":true,"href":"https:\/\/legacy.dia.edu.az\/ru\/wp-json\/wp\/v2\/media\/3925"}],"wp:attachment":[{"href":"https:\/\/legacy.dia.edu.az\/ru\/wp-json\/wp\/v2\/media?parent=3924"}],"wp:term":[{"taxonomy":"category","embeddable":true,"href":"https:\/\/legacy.dia.edu.az\/ru\/wp-json\/wp\/v2\/categories?post=3924"},{"taxonomy":"post_tag","embeddable":true,"href":"https:\/\/legacy.dia.edu.az\/ru\/wp-json\/wp\/v2\/tags?post=3924"}],"curies":[{"name":"wp","href":"https:\/\/api.w.org\/{rel}","templated":true}]}}