{"id":3893,"date":"2021-01-14T10:11:00","date_gmt":"2021-01-14T07:11:00","guid":{"rendered":"https:\/\/dia.edu.az\/?p=3893"},"modified":"2021-03-08T01:16:45","modified_gmt":"2021-03-07T22:16:45","slug":"az%c9%99rbaycanin-innovativ-dovl%c9%99t-idar%c9%99ciliyi-sah%c9%99sind%c9%99-%c9%99ld%c9%99-etdiyi-ugurlari-beyn%c9%99lxalq-forumun-gund%c9%99liyind%c9%99","status":"publish","type":"post","link":"https:\/\/legacy.dia.edu.az\/ru\/arxivl\u0259r\/3893","title":{"rendered":"Az\u0259rbaycan\u0131n innovativ d\u00f6vl\u0259t idar\u0259\u00e7iliyi sah\u0259sind\u0259 \u0259ld\u0259 etdiyi u\u011furlar\u0131 Beyn\u0259lxalq Forumun g\u00fcnd\u0259liyind\u0259"},"content":{"rendered":"<p><strong>Az\u0259rbaycan\u0131n innovativ d\u00f6vl\u0259t idar\u0259\u00e7iliyi sah\u0259sind\u0259 \u0259ld\u0259 etdiyi u\u011furlar\u0131 Beyn\u0259lxalq Forumun g\u00fcnd\u0259liyind\u0259<\/strong><\/p>\n\n\n\n<p><a href=\"https:\/\/gaidarforum.ru\/\" target=\"_blank\" rel=\"noreferrer noopener\">https:\/\/gaidarforum.ru\/<\/a><\/p>\n\n\n\n<p>Yanvar\u0131n 14-d\u0259 Moskvada \u0259n\u0259n\u0259vi Qaydar Forumu i\u015f\u0259 ba\u015flay\u0131b. \u201cRus Davos\u201du kimi s\u0259ciyy\u0259l\u0259ndiril\u0259n toplant\u0131da h\u0259r il oldu\u011fu kimi d\u00fcnyan\u0131n m\u00fcxt\u0259lif \u00f6lk\u0259l\u0259rind\u0259n n\u00fcfuzlu ekspertl\u0259r, d\u00f6vl\u0259t qurumlar\u0131n\u0131n t\u0259msil\u00e7il\u0259ri, ictimai v\u0259 siyasi xadiml\u0259r i\u015ftirak edibl\u0259r. \u201cRusiya v\u0259 d\u00fcnya pandemiyadan sonra\u201d ba\u015fl\u0131\u011f\u0131 alt\u0131nda ke\u00e7iril\u0259n Forum \u00e7\u0259r\u00e7iv\u0259sind\u0259 \u201cPostsovet m\u0259kan\u0131 \u00f6lkl\u0259rind\u0259 d\u00f6vl\u0259t idar\u0259\u00e7iliyinin t\u0259kam\u00fcl\u00fc\u201d informasiya-analitik hesabat\u0131n\u0131n t\u0259qdimat\u0131 ba\u015f tutub. T\u0259qdimata o c\u00fcml\u0259d\u0259n haz\u0131rda Avropa \u0130ttifaq\u0131 \u00fczv\u00fc olan b\u00fct\u00fcn postsovet \u00f6lk\u0259l\u0259rinin apar\u0131c\u0131 idar\u0259\u00e7ilik m\u0259kt\u0259bl\u0259rinin r\u0259hb\u0259rl\u0259ri qat\u0131l\u0131blar. S\u00f6z\u00fcged\u0259n \u00f6lk\u0259l\u0259rd\u0259 d\u00f6vl\u0259t idar\u0259\u00e7ilik sisteminin v\u0259 b\u00fct\u00f6vl\u00fckd\u0259 d\u00f6vl\u0259tl\u0259rin davaml\u0131 inki\u015faf\u0131 v\u0259 inkl\u00fcziv c\u0259miyy\u0259tin formala\u015fd\u0131r\u0131lmas\u0131 m\u00fcqayis\u0259li t\u0259hlill\u0259r \u0259sas\u0131nda m\u00fczakir\u0259 edilib.<\/p>\n\n\n\n<p>Onlayn ke\u00e7iril\u0259n t\u0259dbird\u0259 \u00e7\u0131x\u0131\u015f ed\u0259n Az\u0259rbaycan Respublikas\u0131n\u0131n Prezidenti yan\u0131nda D\u00f6vl\u0259t \u0130dar\u0259\u00e7ilik Akademiyas\u0131n\u0131n rektoru, akademik Urxan \u018fl\u0259kb\u0259rov \u0259sas\u0131n\u0131 \u00dcmummilli Lider Heyd\u0259r \u018fliyevin qoydu\u011fu, \u00f6lk\u0259 Prezidenti c\u0259nab \u0130lham \u018fliyevin u\u011furla davam etdirdiyi inki\u015faf strategiyas\u0131 say\u0259sind\u0259 Az\u0259rbaycan Respublikas\u0131n\u0131n qazand\u0131\u011f\u0131 nailiyy\u0259tl\u0259r\u0259 diqq\u0259t \u00e7\u0259kib. Rektor Prezident \u0130lham \u018fliyev t\u0259r\u0259find\u0259n i\u015fl\u0259nmi\u015f v\u0259 t\u0259tbiq edilmi\u015f sinergetik, komplementar v\u0259 kompensasion prinsip v\u0259 yana\u015fmalar kompleksini ehtiva ed\u0259n yeni d\u00f6vl\u0259t idar\u0259\u00e7iliyi texnologiyalar\u0131n\u0131n Az\u0259rbaycan\u0131n davaml\u0131 inkl\u00fcziv inki\u015faf namin\u0259 resurslardan s\u0259m\u0259r\u0259li istifad\u0259 sah\u0259sind\u0259 regional v\u0259 qlobal lider\u0259 cevrilm\u0259sin\u0259 yol a\u00e7d\u0131\u011f\u0131n\u0131 x\u00fcsusi vur\u011fulay\u0131b. Bildirib ki, haz\u0131rda qlobal prioritet olan inkl\u00fcziv inki\u015faf beyn\u0259lxalq qurumlar t\u0259r\u0259find\u0259n 12 iqtisadi, sosial, ekoloji, demoqrafik g\u00f6st\u0259rici \u0259sas\u0131nda d\u0259y\u0259rl\u0259ndirilir v\u0259 \u00f6lk\u0259l\u0259rd\u0259ki dinamik d\u0259yi\u015fiklikl\u0259rin geni\u015f spektrini dol\u011fun \u015f\u0259kild\u0259 xarakteriz\u0259 edir. D\u00fcnya \u0130qtisadi Forumunun hesabat\u0131na \u0259sas\u0259n, inkl\u00fcziv inki\u015faf indeksin\u0259 g\u00f6r\u0259 Az\u0259rbaycan Respublikas\u0131 postsovet \u00f6lk\u0259l\u0259ri aras\u0131nda Litva v\u0259 Estoniyadan sonra \u00fc\u00e7\u00fcnc\u00fc yeri tutur.<\/p>\n\n\n\n<p>Akademik U.\u018fl\u0259kb\u0259rovun qeyd etdiyin\u0259 g\u00f6r\u0259, eyni zamanda Davos Forumu Az\u0259rbaycan\u0131 davaml\u0131 inki\u015faf ed\u0259n inkl\u00fcziv c\u0259miyy\u0259tin qurulmas\u0131 namin\u0259 d\u00fcnyada resurslardan \u0259n s\u0259m\u0259r\u0259li istifad\u0259 ed\u0259n \u00f6lk\u0259 olaraq m\u00fc\u0259yy\u0259nl\u0259\u015fdirib. Natiq D\u00fcnya Bank\u0131 v\u0259 D\u00fcnya \u0130qtisadi Forumunun bilgil\u0259rin\u0259 \u0259sas\u0259n \u00f6lk\u0259nin inkl\u00fcziv inki\u015faf indeksinin AB\u015e, Yaponiya, \u0130srail, \u0130taliya, \u0130spaniya. Yunan\u0131stan, Portuqaliya v\u0259 dig\u0259r iqtisadi imkanlar\u0131 Az\u0259rbaycan\u0131nk\u0131ndan b\u0259z hallarda h\u0259tta d\u0259f\u0259l\u0259rl\u0259 y\u00fcks\u0259k olan d\u00f6vl\u0259tl\u0259rd\u0259n \u00fcst\u00fcn oldu\u011funu diqq\u0259t\u0259 \u00e7atd\u0131r\u0131b. Bu durumun \u00e7oxmill\u0259tli v\u0259 \u00e7oxkonfessiyal\u0131 Az\u0259rbaycanda apar\u0131lan u\u011furlu sosial siyas\u0259tl\u0259 ba\u011fl\u0131l\u0131\u011f\u0131n\u0131 qeyd ed\u0259n akademik Davos Forumunun Prezidenti, professor Klaus \u015evab\u0131n\u00a0 d\u00fcnyan\u0131n 146 \u00f6lk\u0259sind\u0259 iqtisadi imkanlar v\u0259 sosial siyas\u0259tl\u0259 \u0259laq\u0259dar hesabat\u0131ndan b\u0259hs edib. Qeyd edilib ki, AB\u015e, Almaniya, Danimarka, Braziliya, C\u0259nubi Afrika, Vyetnam kimi \u00f6lk\u0259l\u0259rin nailiyy\u0259tl\u0259rinin m\u00fcqayis\u0259 edildiyi h\u0259min hesabatda Az\u0259rbaycan iqtisadi imkanlar\u0131ndan sosial probleml\u0259rin h\u0259lli v\u0259 inkl\u00fcziv c\u0259miyy\u0259tin formala\u015fd\u0131r\u0131lmas\u0131 namin\u0259 \u0259n s\u0259m\u0259r\u0259li istifad\u0259 ed\u0259n n\u00fcmun\u0259vi \u00f6lk\u0259 kimi t\u0259qdim olunub. H\u0259min hesabata g\u00f6r\u0259, Az\u0259rbaycan\u0131n reytinqi +23-d\u00fcr v\u0259 bu, d\u00fcnyada \u0259n yax\u015f\u0131 g\u00f6st\u0259ricidir. Akademik Urxan \u018fl\u0259kb\u0259rov h\u0259min indikatora \u0259sas\u0259n ikinci yerd\u0259 +13 g\u00f6st\u0259rici il\u0259 Cex Respublikas\u0131n\u0131n q\u0259rarla\u015fd\u0131\u011f\u0131n\u0131 bildirib. Rektor h\u0259m\u00e7inin Az\u0259rbaycanda t\u0259tbiq edil\u0259n innovativ idar\u0259\u00e7ilik texnologiyalar\u0131 kompleksinin y\u00fcks\u0259k s\u0259m\u0259r\u0259liliyinin BMT T\u0259hl\u00fck\u0259sizlik \u015euras\u0131n\u0131n 4 q\u0259tnam\u0259sinin u\u011furla yerin\u0259 yetirilm\u0259sind\u0259 v\u0259 30 il Erm\u0259nistan t\u0259r\u0259find\u0259n i\u015f\u011fal alt\u0131nda saxlan\u0131lan \u0259razil\u0259rin azad edilm\u0259sind\u0259 t\u0259zah\u00fcr\u00fcn\u00fc tapd\u0131\u011f\u0131n\u0131 da x\u00fcsusi vur\u011fulay\u0131b. U.\u018fl\u0259kb\u0259rov bu Z\u0259f\u0259rin c\u0259mi 44 g\u00fcn\u0259 ba\u015fa g\u0259lm\u0259si v\u0259 Az\u0259rbaycan\u0131n \u0259razi b\u00fct\u00f6vl\u00fcy\u00fcn\u00fcn tam b\u0259rpas\u0131n\u0131 \u00f6lk\u0259 Prezidentinin innovativ inki\u015faf strategiyas\u0131n\u0131n t\u0259nt\u0259n\u0259li yekunu kimi d\u0259y\u0259rl\u0259ndirib.<\/p>\n\n\n\n<figure class=\"wp-container-2 wp-block-gallery-1 wp-block-gallery columns-2 is-cropped\"><ul class=\"blocks-gallery-grid\"><li class=\"blocks-gallery-item\"><figure><img width=\"640\" height=\"360\" src=\"https:\/\/dia.edu.az\/wp-content\/uploads\/2021\/03\/1.png\" alt=\"\" data-id=\"3894\" data-full-url=\"https:\/\/dia.edu.az\/wp-content\/uploads\/2021\/03\/1.png\" data-link=\"https:\/\/dia.edu.az\/?attachment_id=3894\" class=\"wp-image-3894\" srcset=\"https:\/\/legacy.dia.edu.az\/wp-content\/uploads\/2021\/03\/1.png 640w, https:\/\/legacy.dia.edu.az\/wp-content\/uploads\/2021\/03\/1-300x169.png 300w, https:\/\/legacy.dia.edu.az\/wp-content\/uploads\/2021\/03\/1-300x169@2x.png 600w\" sizes=\"(max-width: 640px) 100vw, 640px\" \/><\/figure><\/li><li class=\"blocks-gallery-item\"><figure><img width=\"640\" height=\"360\" src=\"https:\/\/dia.edu.az\/wp-content\/uploads\/2021\/03\/2.png\" alt=\"\" data-id=\"3897\" data-full-url=\"https:\/\/dia.edu.az\/wp-content\/uploads\/2021\/03\/2.png\" data-link=\"https:\/\/dia.edu.az\/?attachment_id=3897\" class=\"wp-image-3897\" srcset=\"https:\/\/legacy.dia.edu.az\/wp-content\/uploads\/2021\/03\/2.png 640w, https:\/\/legacy.dia.edu.az\/wp-content\/uploads\/2021\/03\/2-300x169.png 300w, https:\/\/legacy.dia.edu.az\/wp-content\/uploads\/2021\/03\/2-300x169@2x.png 600w\" sizes=\"(max-width: 640px) 100vw, 640px\" \/><\/figure><\/li><\/ul><\/figure>","protected":false},"excerpt":{"rendered":"<p>Az\u0259rbaycan\u0131n innovativ d\u00f6vl\u0259t idar\u0259\u00e7iliyi sah\u0259sind\u0259 \u0259ld\u0259 etdiyi u\u011furlar\u0131 Beyn\u0259lxalq Forumun g\u00fcnd\u0259liyind\u0259 https:\/\/gaidarforum.ru\/ Yanvar\u0131n 14-d\u0259 Moskvada \u0259n\u0259n\u0259vi Qaydar Forumu i\u015f\u0259 ba\u015flay\u0131b. \u201cRus Davos\u201du kimi s\u0259ciyy\u0259l\u0259ndiril\u0259n toplant\u0131da h\u0259r il oldu\u011fu kimi d\u00fcnyan\u0131n m\u00fcxt\u0259lif \u00f6lk\u0259l\u0259rind\u0259n n\u00fcfuzlu ekspertl\u0259r, d\u00f6vl\u0259t qurumlar\u0131n\u0131n t\u0259msil\u00e7il\u0259ri, ictimai v\u0259 siyasi xadiml\u0259r i\u015ftirak edibl\u0259r. \u201cRusiya v\u0259 d\u00fcnya pandemiyadan sonra\u201d ba\u015fl\u0131\u011f\u0131 alt\u0131nda ke\u00e7iril\u0259n Forum \u00e7\u0259r\u00e7iv\u0259sind\u0259 \u201cPostsovet m\u0259kan\u0131 [&hellip;]<\/p>","protected":false},"author":2,"featured_media":3894,"comment_status":"closed","ping_status":"closed","sticky":false,"template":"","format":"standard","meta":[],"categories":[137],"tags":[197,192,189,191,190],"_links":{"self":[{"href":"https:\/\/legacy.dia.edu.az\/ru\/wp-json\/wp\/v2\/posts\/3893"}],"collection":[{"href":"https:\/\/legacy.dia.edu.az\/ru\/wp-json\/wp\/v2\/posts"}],"about":[{"href":"https:\/\/legacy.dia.edu.az\/ru\/wp-json\/wp\/v2\/types\/post"}],"author":[{"embeddable":true,"href":"https:\/\/legacy.dia.edu.az\/ru\/wp-json\/wp\/v2\/users\/2"}],"replies":[{"embeddable":true,"href":"https:\/\/legacy.dia.edu.az\/ru\/wp-json\/wp\/v2\/comments?post=3893"}],"version-history":[{"count":0,"href":"https:\/\/legacy.dia.edu.az\/ru\/wp-json\/wp\/v2\/posts\/3893\/revisions"}],"wp:featuredmedia":[{"embeddable":true,"href":"https:\/\/legacy.dia.edu.az\/ru\/wp-json\/wp\/v2\/media\/3894"}],"wp:attachment":[{"href":"https:\/\/legacy.dia.edu.az\/ru\/wp-json\/wp\/v2\/media?parent=3893"}],"wp:term":[{"taxonomy":"category","embeddable":true,"href":"https:\/\/legacy.dia.edu.az\/ru\/wp-json\/wp\/v2\/categories?post=3893"},{"taxonomy":"post_tag","embeddable":true,"href":"https:\/\/legacy.dia.edu.az\/ru\/wp-json\/wp\/v2\/tags?post=3893"}],"curies":[{"name":"wp","href":"https:\/\/api.w.org\/{rel}","templated":true}]}}