{"id":3871,"date":"2020-12-30T10:03:00","date_gmt":"2020-12-30T07:03:00","guid":{"rendered":"https:\/\/dia.edu.az\/?p=3871"},"modified":"2021-03-08T01:05:15","modified_gmt":"2021-03-07T22:05:15","slug":"dovl%c9%99t-idar%c9%99cilik-akademiyasinda-dunya-az%c9%99rbaycanlilarinin-h%c9%99mr%c9%99ylik-gunu-qeyd-edilib","status":"publish","type":"post","link":"https:\/\/legacy.dia.edu.az\/ru\/arxivl\u0259r\/3871","title":{"rendered":"D\u00f6vl\u0259t \u0130dar\u0259\u00e7ilik Akademiyas\u0131nda D\u00fcnya Az\u0259rbaycanl\u0131lar\u0131n\u0131n H\u0259mr\u0259ylik G\u00fcn\u00fc qeyd edilib"},"content":{"rendered":"<p><strong>D\u00f6vl\u0259t \u0130dar\u0259\u00e7ilik Akademiyas\u0131nda D\u00fcnya Az\u0259rbaycanl\u0131lar\u0131n\u0131n H\u0259mr\u0259ylik G\u00fcn\u00fc qeyd edilib<\/strong><\/p>\n\n\n\n<p>Az\u0259rbaycan Respublikas\u0131n\u0131n Prezidenti yan\u0131nda D\u00f6vl\u0259t \u0130dar\u0259\u00e7ilik Akademiyas\u0131nda f\u0259aliyy\u0259t g\u00f6st\u0259r\u0259n Heyd\u0259r \u018fliyev D\u00f6vl\u0259t \u0130dar\u0259\u00e7iliyi M\u0259kt\u0259binin n\u00f6vb\u0259ti onlayn g\u00f6r\u00fc\u015f\u00fc 31 dekabr D\u00fcnya Az\u0259rbaycanl\u0131lar\u0131n\u0131n H\u0259mr\u0259ylik G\u00fcn\u00fc il\u0259 \u0259laq\u0259dar ke\u00e7irilib. &nbsp;<\/p>\n\n\n\n<p>T\u0259dbiri akademiyan\u0131n rektoru, akademik Urxan \u018fl\u0259kb\u0259rov a\u00e7araq Heyd\u0259r \u018fliyev D\u00f6vl\u0259t \u0130dar\u0259\u00e7iliyi M\u0259kt\u0259bi haqq\u0131nda m\u0259lumat verib. O qeyd edib ki, m\u0259kt\u0259b \u00fcmummilli lider, m\u00fcasir m\u00fcst\u0259qil d\u00f6vl\u0259timizin memar\u0131 v\u0259 qurucusu Heyd\u0259r \u018fliyevin siyasi irsinin, az\u0259rbaycan\u00e7\u0131l\u0131q m\u0259fkur\u0259si v\u0259 d\u00f6vl\u0259t\u00e7ilik f\u0259ls\u0259f\u0259sinin t\u0259bli\u011fi m\u0259qs\u0259dil\u0259 yarad\u0131l\u0131b. Rektor g\u00f6rk\u0259mli siyasi v\u0259 d\u00f6vl\u0259t xadimi Heyd\u0259r \u018fliyevin misilsiz tarixi xidm\u0259tl\u0259rind\u0259n b\u0259hs edib, Ulu \u00d6nd\u0259rin siyasi x\u0259ttinin Prezident \u0130lham \u018fliyev t\u0259r\u0259find\u0259n u\u011furla davam etdirildiyini diqq\u0259t\u0259 \u00e7atd\u0131r\u0131b. Urxan \u018fl\u0259kb\u0259rov qazan\u0131lan u\u011furlar\u0131n \u0259sas\u0131nda ulu \u00f6nd\u0259r Heyd\u0259r \u018fliyevin m\u00fc\u0259yy\u0259nl\u0259\u015fdirdiyi v\u0259 Prezident \u0130lham \u018fliyev t\u0259r\u0259find\u0259n u\u011furla davam etdiril\u0259n d\u0259rin d\u00fc\u015f\u00fcn\u00fclm\u00fc\u015f innovativ inki\u015faf siyas\u0259tinin dayand\u0131\u011f\u0131n\u0131 vur\u011fulay\u0131b. V\u0259t\u0259n m\u00fcharib\u0259sind\u0259 qazan\u0131lan \u015fanl\u0131 z\u0259f\u0259rin d\u0259 \u00f6lk\u0259nin u\u011furlu inki\u015faf\u0131n\u0131n m\u0259ntiqi n\u0259tic\u0259si oldu\u011funa diqq\u0259t \u00e7\u0259k\u0259n rektor, \u00f6t\u0259n 44 g\u00fcn\u00fc Az\u0259rbaycan d\u00f6vl\u0259t\u00e7iliyi tarixin\u0259 q\u0131z\u0131l h\u0259rfl\u0259rl\u0259 yaz\u0131lacaq x\u00fcsusi m\u0259rh\u0259l\u0259 kimi d\u0259y\u0259rl\u0259ndirib. Bildirilib ki, h\u0259min g\u00fcnl\u0259r \u201cQaraba\u011f Az\u0259rbaycand\u0131r!\u201d \u015f\u00fcar\u0131 il\u0259 m\u00fc\u015fayi\u0259t olunan xalq-d\u00f6vl\u0259t, xalq-hakimiyy\u0259t birliyinin, hakimiyy\u0259t v\u0259 xalq aras\u0131nda qar\u015f\u0131l\u0131ql\u0131 inam v\u0259 etimad\u0131n t\u0259zah\u00fcr\u00fc idi. Akademik U.\u018fl\u0259kb\u0259rov Az\u0259rbaycana bu m\u00f6ht\u0259\u015f\u0259m q\u0259l\u0259b\u0259ni M\u00fcz\u0259ff\u0259r Ali Ba\u015f Komandan\u0131n m\u00fcdrik q\u0259rarlar\u0131, \u015eanl\u0131 Ordumuzun g\u00fcc\u00fc v\u0259 xalq\u0131m\u0131z\u0131n sars\u0131lmaz h\u0259mr\u0259yliyinin qazand\u0131rd\u0131\u011f\u0131n\u0131 qeyd edib.<\/p>\n\n\n\n<p>T\u0259dbird\u0259 Az\u0259rbaycan Respublikas\u0131n\u0131n Prezidenti yan\u0131nda D\u00f6vl\u0259t \u0130dar\u0259\u00e7ilik Akademiyas\u0131n\u0131n m\u00fc\u0259lliml\u0259ri dosent Yusif A\u011fayev, dosent Zaur M\u0259mm\u0259dov, T\u0259l\u0259b\u0259 G\u0259ncl\u0259r T\u0259\u015fkiat\u0131n\u0131n s\u0259dri Murad H\u0259s\u0259nxanl\u0131 \u00e7\u0131x\u0131\u015f edibl\u0259r.<\/p>\n\n\n\n<p>Sonra 2019\/2020-ci t\u0259dris ili \u0259rzind\u0259 ictimai f\u0259all\u0131qlar\u0131 il\u0259 se\u00e7il\u0259n v\u0259 V\u0259t\u0259n M\u00fcharib\u0259sind\u0259 i\u015ftirak ed\u0259n t\u0259l\u0259b\u0259 v\u0259 m\u0259zunlar D\u0130A-n\u0131n x\u00fcsusi t\u0259\u015f\u0259kk\u00fcrnam\u0259si il\u0259 t\u0259ltif edilibl\u0259r.<\/p>\n\n\n\n<p>T\u0259dbird\u0259 Az\u0259rbaycan Respublikas\u0131n\u0131n Prezidenti yan\u0131nda D\u00f6vl\u0259t \u0130dar\u0259\u00e7ilik Akademiyas\u0131n\u0131n \u00dcmumi i\u015fl\u0259r \u00fczr\u0259 prorektoru C\u0259f\u0259r Eyvazl\u0131, akademiyan\u0131n professor-m\u00fc\u0259llim hey\u0259ti, D\u0130A-da f\u0259aliyy\u0259t g\u00f6st\u0259r\u0259n t\u0259l\u0259b\u0259 klublar\u0131n\u0131n r\u0259hb\u0259rl\u0259ri v\u0259 m\u0259zunlar i\u015ftirak edibl\u0259r.<\/p>\n\n\n\n<figure class=\"wp-container-2 wp-block-gallery-1 wp-block-gallery columns-3 is-cropped\"><ul class=\"blocks-gallery-grid\"><li class=\"blocks-gallery-item\"><figure><img width=\"521\" height=\"270\" src=\"https:\/\/dia.edu.az\/wp-content\/uploads\/2021\/03\/4-15.jpg\" alt=\"\" data-id=\"3872\" data-full-url=\"https:\/\/dia.edu.az\/wp-content\/uploads\/2021\/03\/4-15.jpg\" data-link=\"https:\/\/dia.edu.az\/?attachment_id=3872\" class=\"wp-image-3872\" srcset=\"https:\/\/legacy.dia.edu.az\/wp-content\/uploads\/2021\/03\/4-15.jpg 521w, https:\/\/legacy.dia.edu.az\/wp-content\/uploads\/2021\/03\/4-15-300x155.jpg 300w\" sizes=\"(max-width: 521px) 100vw, 521px\" \/><\/figure><\/li><li class=\"blocks-gallery-item\"><figure><img width=\"640\" height=\"334\" src=\"https:\/\/dia.edu.az\/wp-content\/uploads\/2021\/03\/5-11.jpg\" alt=\"\" data-id=\"3875\" data-full-url=\"https:\/\/dia.edu.az\/wp-content\/uploads\/2021\/03\/5-11.jpg\" data-link=\"https:\/\/dia.edu.az\/?attachment_id=3875\" class=\"wp-image-3875\" srcset=\"https:\/\/legacy.dia.edu.az\/wp-content\/uploads\/2021\/03\/5-11.jpg 640w, https:\/\/legacy.dia.edu.az\/wp-content\/uploads\/2021\/03\/5-11-300x157.jpg 300w, https:\/\/legacy.dia.edu.az\/wp-content\/uploads\/2021\/03\/5-11-300x157@2x.jpg 600w\" sizes=\"(max-width: 640px) 100vw, 640px\" \/><\/figure><\/li><li class=\"blocks-gallery-item\"><figure><img width=\"523\" height=\"267\" src=\"https:\/\/dia.edu.az\/wp-content\/uploads\/2021\/03\/6-8.jpg\" alt=\"\" data-id=\"3878\" data-full-url=\"https:\/\/dia.edu.az\/wp-content\/uploads\/2021\/03\/6-8.jpg\" data-link=\"https:\/\/dia.edu.az\/?attachment_id=3878\" class=\"wp-image-3878\" srcset=\"https:\/\/legacy.dia.edu.az\/wp-content\/uploads\/2021\/03\/6-8.jpg 523w, https:\/\/legacy.dia.edu.az\/wp-content\/uploads\/2021\/03\/6-8-300x153.jpg 300w\" sizes=\"(max-width: 523px) 100vw, 523px\" \/><\/figure><\/li><li class=\"blocks-gallery-item\"><figure><img width=\"640\" height=\"364\" src=\"https:\/\/dia.edu.az\/wp-content\/uploads\/2021\/03\/7-5.jpg\" alt=\"\" data-id=\"3881\" data-full-url=\"https:\/\/dia.edu.az\/wp-content\/uploads\/2021\/03\/7-5.jpg\" data-link=\"https:\/\/dia.edu.az\/?attachment_id=3881\" class=\"wp-image-3881\" srcset=\"https:\/\/legacy.dia.edu.az\/wp-content\/uploads\/2021\/03\/7-5.jpg 640w, https:\/\/legacy.dia.edu.az\/wp-content\/uploads\/2021\/03\/7-5-300x171.jpg 300w, https:\/\/legacy.dia.edu.az\/wp-content\/uploads\/2021\/03\/7-5-300x171@2x.jpg 600w\" sizes=\"(max-width: 640px) 100vw, 640px\" \/><\/figure><\/li><\/ul><\/figure>","protected":false},"excerpt":{"rendered":"<p>D\u00f6vl\u0259t \u0130dar\u0259\u00e7ilik Akademiyas\u0131nda D\u00fcnya Az\u0259rbaycanl\u0131lar\u0131n\u0131n H\u0259mr\u0259ylik G\u00fcn\u00fc qeyd edilib Az\u0259rbaycan Respublikas\u0131n\u0131n Prezidenti yan\u0131nda D\u00f6vl\u0259t \u0130dar\u0259\u00e7ilik Akademiyas\u0131nda f\u0259aliyy\u0259t g\u00f6st\u0259r\u0259n Heyd\u0259r \u018fliyev D\u00f6vl\u0259t \u0130dar\u0259\u00e7iliyi M\u0259kt\u0259binin n\u00f6vb\u0259ti onlayn g\u00f6r\u00fc\u015f\u00fc 31 dekabr D\u00fcnya Az\u0259rbaycanl\u0131lar\u0131n\u0131n H\u0259mr\u0259ylik G\u00fcn\u00fc il\u0259 \u0259laq\u0259dar ke\u00e7irilib. &nbsp; T\u0259dbiri akademiyan\u0131n rektoru, akademik Urxan \u018fl\u0259kb\u0259rov a\u00e7araq Heyd\u0259r \u018fliyev D\u00f6vl\u0259t \u0130dar\u0259\u00e7iliyi M\u0259kt\u0259bi haqq\u0131nda m\u0259lumat verib. O qeyd edib ki, [&hellip;]<\/p>","protected":false},"author":2,"featured_media":3884,"comment_status":"closed","ping_status":"closed","sticky":false,"template":"","format":"standard","meta":[],"categories":[137],"tags":[197,192,189,191,190],"_links":{"self":[{"href":"https:\/\/legacy.dia.edu.az\/ru\/wp-json\/wp\/v2\/posts\/3871"}],"collection":[{"href":"https:\/\/legacy.dia.edu.az\/ru\/wp-json\/wp\/v2\/posts"}],"about":[{"href":"https:\/\/legacy.dia.edu.az\/ru\/wp-json\/wp\/v2\/types\/post"}],"author":[{"embeddable":true,"href":"https:\/\/legacy.dia.edu.az\/ru\/wp-json\/wp\/v2\/users\/2"}],"replies":[{"embeddable":true,"href":"https:\/\/legacy.dia.edu.az\/ru\/wp-json\/wp\/v2\/comments?post=3871"}],"version-history":[{"count":0,"href":"https:\/\/legacy.dia.edu.az\/ru\/wp-json\/wp\/v2\/posts\/3871\/revisions"}],"wp:featuredmedia":[{"embeddable":true,"href":"https:\/\/legacy.dia.edu.az\/ru\/wp-json\/wp\/v2\/media\/3884"}],"wp:attachment":[{"href":"https:\/\/legacy.dia.edu.az\/ru\/wp-json\/wp\/v2\/media?parent=3871"}],"wp:term":[{"taxonomy":"category","embeddable":true,"href":"https:\/\/legacy.dia.edu.az\/ru\/wp-json\/wp\/v2\/categories?post=3871"},{"taxonomy":"post_tag","embeddable":true,"href":"https:\/\/legacy.dia.edu.az\/ru\/wp-json\/wp\/v2\/tags?post=3871"}],"curies":[{"name":"wp","href":"https:\/\/api.w.org\/{rel}","templated":true}]}}