{"id":3840,"date":"2020-11-28T10:49:00","date_gmt":"2020-11-28T07:49:00","guid":{"rendered":"https:\/\/dia.edu.az\/?p=3840"},"modified":"2021-03-08T00:50:34","modified_gmt":"2021-03-07T21:50:34","slug":"c%c9%99bh%c9%99d%c9%99n-g%c9%99l%c9%99n-var-dia-da-qururverici-gorus","status":"publish","type":"post","link":"https:\/\/legacy.dia.edu.az\/ru\/arxivl\u0259r\/3840","title":{"rendered":"C\u0259bh\u0259d\u0259n g\u0259l\u0259n var. D\u0130A-da q\u00fcrurverici g\u00f6r\u00fc\u015f"},"content":{"rendered":"<p><strong>C\u0259bh\u0259d\u0259n g\u0259l\u0259n var. D\u0130A-da q\u00fcrurverici g\u00f6r\u00fc\u015f<\/strong><\/p>\n\n\n\n<p>Q\u0131rx d\u00f6rd g\u00fcnl\u00fck V\u0259t\u0259n m\u00fcharib\u0259sinin od-alovundan ke\u00e7\u0259r\u0259k q\u0259l\u0259b\u0259 bayra\u011f\u0131m\u0131z\u0131 zirv\u0259l\u0259r\u0259 ucaltm\u0131\u015f m\u00fcbariz \u0259sg\u0259rl\u0259rimiz aras\u0131nda Az\u0259rbaycan Respublikas\u0131n\u0131n Prezidenti yan\u0131nda D\u00f6vl\u0259t \u0130dar\u0259\u00e7ilik Akademiyas\u0131n\u0131n (D\u0130A) m\u00fc\u0259llim, t\u0259l\u0259b\u0259 v\u0259 m\u0259zunlar\u0131 da var. Bu \u015f\u0259r\u0259fli tarixi yazan insanlar tutdu\u011fu m\u00f6vqed\u0259n, pe\u015f\u0259sind\u0259n as\u0131l\u0131 olmayaraq M\u00fcz\u0259ff\u0259r Ali Ba\u015f Komandan\u0131n, V\u0259t\u0259nin \u00e7a\u011f\u0131r\u0131\u015f\u0131na s\u0259s verdil\u0259r. M\u00fc\u0259lliml\u0259r, t\u0259l\u0259b\u0259l\u0259r, m\u0259zunlar \u201cV\u0259t\u0259n \u00e7a\u011f\u0131r\u0131r\u201d, \u201cV\u0259t\u0259n sa\u011f olsun!\u201d \u015f\u00fcar\u0131 il\u0259 q\u0259l\u0259ml\u0259rini, kitablar\u0131n\u0131 silaha d\u0259yi\u015fdil\u0259r. Do\u011fma V\u0259t\u0259ni i\u015f\u011faldan azad etdil\u0259r. T\u0259rt\u0259r, F\u00fczuli, C\u0259bray\u0131l, Xocav\u0259nd, Qubadl\u0131, Z\u0259ngilan rayonlar\u0131nda v\u0259 \u015eu\u015fa \u015f\u0259h\u0259rind\u0259 tarix yazd\u0131lar. \u0130ndi onlar \u00f6z do\u011fmalar\u0131n\u0131n yan\u0131na, \u00e7al\u0131\u015fd\u0131qlar\u0131 kollektivin aras\u0131na q\u0259hr\u0259man kimi, qalib \u0259sg\u0259r kimi qay\u0131d\u0131rlar.<\/p>\n\n\n\n<p>&nbsp;Bildirilib ki, onlar\u0131n Az\u0259rbaycan Prezidenti, Silahl\u0131 Q\u00fcvv\u0259l\u0259rin M\u00fcz\u0259ff\u0259r Ali Ba\u015f Komandan\u0131 \u0130lham \u018fliyevin r\u0259hb\u0259rliyi alt\u0131nda r\u0259\u015fad\u0259tli ordumuzun 44 g\u00fcnl\u00fck V\u0259t\u0259n m\u00fcharib\u0259sind\u0259 g\u00f6st\u0259rdiyi \u015f\u00fcca\u0259t v\u0259 q\u0259hr\u0259manl\u0131qlar\u0131, ordu il\u0259 xalq\u0131n sars\u0131lmaz m\u0259n\u0259vi birliyi, d\u00f6y\u00fc\u015fl\u0259rd\u0259 yeni tarix yazan \u0259sg\u0259r v\u0259 zabitl\u0259rimizin f\u0259dakarl\u0131qlar\u0131 bar\u0259d\u0259 etdikl\u0259ri s\u00f6hb\u0259tl\u0259r q\u00fcrur hissi do\u011furur. Az\u0259rbaycan Respublikas\u0131n\u0131n Prezidenti yan\u0131nda D\u00f6vl\u0259t \u0130dar\u0259\u00e7ilik Akademiyas\u0131n\u0131n dosenti Radif Mustafayev, magistr K\u0259nan V\u0259liyev, Zaur M\u0259mm\u0259dov, bakalavr m\u0259zunlar\u0131 Elvin Eminsoy, \u00dclf\u0259t Hac\u0131yev v\u0259 bir \u00e7ox D\u0130A ail\u0259sinin \u00fczvl\u0259ri bu \u015fanl\u0131 tarixi yazan q\u0259hr\u0259manlar aras\u0131nda yer al\u0131blar. Q\u0259l\u0259mi silaha d\u0259yi\u015f\u0259nl\u0259rl\u0259 yana\u015f\u0131, arxa c\u0259bh\u0259d\u0259 \u00f6z q\u0259l\u0259ml\u0259ri il\u0259 Az\u0259rbaycan h\u0259qiq\u0259tl\u0259rini d\u00fcnyaya \u00e7atd\u0131ran professorlar El\u00e7in \u018fhm\u0259dov v\u0259 Ziyaf\u0259t H\u0259bibova, f\u0259ls\u0259f\u0259 doktoru, dosent Yusif A\u011fayev, dosent Zaur M\u0259mm\u0259dov kimi f\u0259dakar insanlar\u0131n f\u0259aliyy\u0259ti kollektivi q\u00fcrurland\u0131r\u0131r.<\/p>\n\n\n\n<p>Xalq\u0131m\u0131z\u0131n tarixin\u0259 q\u0131z\u0131l h\u0259rfl\u0259rl\u0259 h\u0259kk olunacaq bu \u015fanl\u0131 z\u0259f\u0259rin qazan\u0131lmas\u0131 v\u0259 tarixi \u0259dal\u0259tin t\u0259min edilm\u0259si u\u011frunda ged\u0259n d\u00f6y\u00fc\u015fl\u0259rd\u0259 Az\u0259rbaycan Respublikas\u0131n\u0131n Prezidenti yan\u0131nda D\u00f6vl\u0259t \u0130dar\u0259\u00e7ilik Akademiyas\u0131n\u0131n \u0259m\u0259kda\u015flar\u0131n\u0131n da i\u015ftirak etm\u0259si kollektiv t\u0259r\u0259find\u0259n b\u00f6y\u00fck f\u0259xr hissi il\u0259 qar\u015f\u0131lan\u0131b.<\/p>\n\n\n\n<p>Az\u0259rbaycan d\u00f6vl\u0259t\u00e7iliyi tarixin\u0259 q\u0131z\u0131l h\u0259rfl\u0259rl\u0259 yaz\u0131lacaq bu q\u0259l\u0259b\u0259 xalq-d\u00f6vl\u0259t aras\u0131nda qar\u015f\u0131l\u0131ql\u0131 inam v\u0259 etimad\u0131n t\u0259zah\u00fcr\u00fc idi. Az\u0259rbaycana bu m\u00f6ht\u0259\u015f\u0259m q\u0259l\u0259b\u0259ni qazand\u0131ran M\u00fcz\u0259ff\u0259r Ali Ba\u015f Komandan\u0131n m\u00fcdrik q\u0259rarlar\u0131, \u015fanl\u0131 ordumuzun g\u00fcc\u00fc v\u0259 sars\u0131lmaz h\u0259mr\u0259yliyimiz xalq\u0131m\u0131z\u0131 yenilm\u0259z v\u0259 qalib etdi.<\/p>\n\n\n\n<figure class=\"wp-container-2 wp-block-gallery-1 wp-block-gallery columns-2 is-cropped\"><ul class=\"blocks-gallery-grid\"><li class=\"blocks-gallery-item\"><figure><img width=\"480\" height=\"378\" src=\"https:\/\/dia.edu.az\/wp-content\/uploads\/2021\/03\/1-23.jpg\" alt=\"\" data-id=\"3841\" data-full-url=\"https:\/\/dia.edu.az\/wp-content\/uploads\/2021\/03\/1-23.jpg\" data-link=\"https:\/\/dia.edu.az\/?attachment_id=3841\" class=\"wp-image-3841\" srcset=\"https:\/\/legacy.dia.edu.az\/wp-content\/uploads\/2021\/03\/1-23.jpg 480w, https:\/\/legacy.dia.edu.az\/wp-content\/uploads\/2021\/03\/1-23-300x236.jpg 300w, https:\/\/legacy.dia.edu.az\/wp-content\/uploads\/2021\/03\/1-23-80x62.jpg 80w\" sizes=\"(max-width: 480px) 100vw, 480px\" \/><\/figure><\/li><li class=\"blocks-gallery-item\"><figure><img width=\"398\" height=\"640\" src=\"https:\/\/dia.edu.az\/wp-content\/uploads\/2021\/03\/2-21.jpg\" alt=\"\" data-id=\"3844\" data-full-url=\"https:\/\/dia.edu.az\/wp-content\/uploads\/2021\/03\/2-21.jpg\" data-link=\"https:\/\/dia.edu.az\/?attachment_id=3844\" class=\"wp-image-3844\" srcset=\"https:\/\/legacy.dia.edu.az\/wp-content\/uploads\/2021\/03\/2-21.jpg 398w, https:\/\/legacy.dia.edu.az\/wp-content\/uploads\/2021\/03\/2-21-187x300.jpg 187w, https:\/\/legacy.dia.edu.az\/wp-content\/uploads\/2021\/03\/2-21-187x300@2x.jpg 374w\" sizes=\"(max-width: 398px) 100vw, 398px\" \/><\/figure><\/li><\/ul><\/figure>\n\n\n\n<p>Onlarla s\u00f6hb\u0259t zaman\u0131<\/p>","protected":false},"excerpt":{"rendered":"<p>C\u0259bh\u0259d\u0259n g\u0259l\u0259n var. D\u0130A-da q\u00fcrurverici g\u00f6r\u00fc\u015f Q\u0131rx d\u00f6rd g\u00fcnl\u00fck V\u0259t\u0259n m\u00fcharib\u0259sinin od-alovundan ke\u00e7\u0259r\u0259k q\u0259l\u0259b\u0259 bayra\u011f\u0131m\u0131z\u0131 zirv\u0259l\u0259r\u0259 ucaltm\u0131\u015f m\u00fcbariz \u0259sg\u0259rl\u0259rimiz aras\u0131nda Az\u0259rbaycan Respublikas\u0131n\u0131n Prezidenti yan\u0131nda D\u00f6vl\u0259t \u0130dar\u0259\u00e7ilik Akademiyas\u0131n\u0131n (D\u0130A) m\u00fc\u0259llim, t\u0259l\u0259b\u0259 v\u0259 m\u0259zunlar\u0131 da var. Bu \u015f\u0259r\u0259fli tarixi yazan insanlar tutdu\u011fu m\u00f6vqed\u0259n, pe\u015f\u0259sind\u0259n as\u0131l\u0131 olmayaraq M\u00fcz\u0259ff\u0259r Ali Ba\u015f Komandan\u0131n, V\u0259t\u0259nin \u00e7a\u011f\u0131r\u0131\u015f\u0131na s\u0259s verdil\u0259r. M\u00fc\u0259lliml\u0259r, t\u0259l\u0259b\u0259l\u0259r, m\u0259zunlar [&hellip;]<\/p>","protected":false},"author":2,"featured_media":3841,"comment_status":"closed","ping_status":"closed","sticky":false,"template":"","format":"standard","meta":[],"categories":[137],"tags":[197,192,189,191,190],"_links":{"self":[{"href":"https:\/\/legacy.dia.edu.az\/ru\/wp-json\/wp\/v2\/posts\/3840"}],"collection":[{"href":"https:\/\/legacy.dia.edu.az\/ru\/wp-json\/wp\/v2\/posts"}],"about":[{"href":"https:\/\/legacy.dia.edu.az\/ru\/wp-json\/wp\/v2\/types\/post"}],"author":[{"embeddable":true,"href":"https:\/\/legacy.dia.edu.az\/ru\/wp-json\/wp\/v2\/users\/2"}],"replies":[{"embeddable":true,"href":"https:\/\/legacy.dia.edu.az\/ru\/wp-json\/wp\/v2\/comments?post=3840"}],"version-history":[{"count":0,"href":"https:\/\/legacy.dia.edu.az\/ru\/wp-json\/wp\/v2\/posts\/3840\/revisions"}],"wp:featuredmedia":[{"embeddable":true,"href":"https:\/\/legacy.dia.edu.az\/ru\/wp-json\/wp\/v2\/media\/3841"}],"wp:attachment":[{"href":"https:\/\/legacy.dia.edu.az\/ru\/wp-json\/wp\/v2\/media?parent=3840"}],"wp:term":[{"taxonomy":"category","embeddable":true,"href":"https:\/\/legacy.dia.edu.az\/ru\/wp-json\/wp\/v2\/categories?post=3840"},{"taxonomy":"post_tag","embeddable":true,"href":"https:\/\/legacy.dia.edu.az\/ru\/wp-json\/wp\/v2\/tags?post=3840"}],"curies":[{"name":"wp","href":"https:\/\/api.w.org\/{rel}","templated":true}]}}