{"id":3694,"date":"2014-02-21T16:32:00","date_gmt":"2014-02-21T13:32:00","guid":{"rendered":"https:\/\/dia.edu.az\/?p=3694"},"modified":"2021-03-07T16:33:55","modified_gmt":"2021-03-07T13:33:55","slug":"dovl%c9%99tin-qullugunun-t%c9%99skilati-%c9%99saslari-v%c9%99-dovl%c9%99tin-kadr-siyas%c9%99ti-uzr%c9%99-kurslara-yekun-vurulmusdur","status":"publish","type":"post","link":"https:\/\/legacy.dia.edu.az\/ru\/arxivl\u0259r\/3694","title":{"rendered":"\u201cD\u00f6vl\u0259tin qullu\u011funun t\u0259\u015fkilat\u0131 \u0259saslar\u0131 v\u0259 d\u00f6vl\u0259tin kadr siyas\u0259ti\u201d \u00fczr\u0259 kurslara yekun vurulmu\u015fdur"},"content":{"rendered":"<p><strong>\u201cD\u00f6vl\u0259tin qullu\u011funun t\u0259\u015fkilat\u0131 \u0259saslar\u0131 v\u0259 d\u00f6vl\u0259tin kadr siyas\u0259ti\u201d \u00fczr\u0259 kurslara yekun vurulmu\u015fdur<\/strong><\/p>\n\n\n\n<p>Az\u0259rbaycan Respublikas\u0131n\u0131n Prezidenti yan\u0131nda D\u00f6vl\u0259t \u0130dar\u0259\u00e7ilik Akademiyas\u0131nda \u201cD\u00f6vl\u0259tin qullu\u011funun t\u0259\u015fkilat\u0131 \u0259saslar\u0131 v\u0259 d\u00f6vl\u0259tin kadr siyas\u0259ti\u201d istiqam\u0259ti \u00fczr\u0259q\u0131sam\u00fcdd\u0259tli&nbsp; ixtisasart\u0131rma kursu ke\u00e7irilmi\u015fdir. Kursa D\u00f6vl\u0259t Hakimiyy\u0259tinin m\u0259rk\u0259zi, \u015f\u0259h\u0259r, rayon miqyasl\u0131 orqanlar\u0131n\u0131n, m\u00fcvafiq nazirlik, komit\u0259 v\u0259 idar\u0259l\u0259rinin r\u0259hb\u0259r i\u015f\u00e7il\u0259ri c\u0259lb olunmu\u015fdur.<\/p>\n\n\n\n<p>Kursun&nbsp; \u0259sas m\u0259qs\u0259di Az\u0259rbaycan Respublikas\u0131nda d\u00f6vl\u0259t idar\u0259\u00e7iliyi sisteminin islahatlar\u0131 v\u0259 kadr siyas\u0259ti: probleml\u0259r v\u0259 v\u0259zif\u0259l\u0259r, d\u00f6vl\u0259t qullu\u011funda insan inki\u015faf\u0131 amili, d\u00f6vl\u0259t orqanlar\u0131nda v\u0259t\u0259nda\u015flar\u0131n m\u00fcraci\u0259tl\u0259rin\u0259 bax\u0131lmas\u0131, d\u00f6vl\u0259t orqanlar\u0131nda kadr xidm\u0259tinin strukturu v\u0259 funksiyalar\u0131 d\u00f6vl\u0259t qulluq\u00e7usunun statusu v\u0259 sosial m\u00fcdafi\u0259si: reall\u0131qlar v\u0259 perspektivl\u0259r, d\u00f6vl\u0259t qulluq\u00e7usunun pe\u015f\u0259 f\u0259aliyy\u0259tinin m\u0259n\u0259vi-\u0259xlaqi \u0259saslar\u0131v\u0259 s.probleml\u0259rl\u0259 ba\u011fl\u0131 bilikl\u0259rin dinl\u0259yicil\u0259r\u0259 \u00e7atd\u0131r\u0131lmas\u0131 v\u0259 onlarla fikir m\u00fcbadil\u0259sinin apar\u0131lmas\u0131 idi.<\/p>\n\n\n\n<p>Kurs \u0259rzind\u0259 Az\u0259rbaycan Respublikas\u0131n\u0131n Prezidenti Administrasiyas\u0131 Regional idar\u0259etm\u0259 v\u0259 yerli \u00f6z\u00fcn\u00fcidar\u0259etn\u0259 orqanlar\u0131 il\u0259 i\u015f \u015f\u00f6b\u0259sinin m\u00fcdir m\u00fcavini H\u00fcseyn M\u00f6vs\u00fcmov, Az\u0259rbaycan Respublikas\u0131n\u0131n Prezidenti Administrasiyas\u0131 S\u0259n\u0259dl\u0259rl\u0259 v\u0259 V\u0259t\u0259nda\u015flar\u0131n m\u00fcraci\u0259tl\u0259ri il\u0259 i\u015f \u015f\u00f6b\u0259sinin m\u00fcdir m\u00fcavini Fikr\u0259t \u018fzizov, Az\u0259rbaycan Respublikas\u0131n\u0131n Prezidenti Administrasiyas\u0131 kadr m\u0259s\u0259l\u0259l\u0259ri \u015f\u00f6b\u0259sinin kadr siyas\u0259ti m\u0259s\u0259l\u0259l\u0259ri sektorunun m\u00fcdiri Vasif X\u0259l\u0259fov, Az\u0259rbaycan Respublikas\u0131n\u0131n Prezidenti yan\u0131nda D\u00f6vl\u0259t \u0130dar\u0259\u00e7ilik Akademiyas\u0131n\u0131n rektoru akademik Urxan \u018fl\u0259kb\u0259rov, Az\u0259rbaycan Respublikas\u0131 Milli M\u0259clisinin Sosial Siyas\u0259ti Komit\u0259sinin s\u0259dri Had\u0131 R\u0259c\u0259bli v\u0259 dig\u0259r d\u00f6vl\u0259t qurumlar\u0131n\u0131n m\u0259sul n\u00fcmay\u0259nd\u0259l\u0259ri m\u00fcxt\u0259lif m\u00f6vzularda m\u00fchazir\u0259l\u0259rl\u0259 \u00e7\u0131x\u0131\u015f etmi\u015fl\u0259r.&nbsp;<\/p>\n\n\n\n<p>Fevral ay\u0131n\u0131n 21-d\u0259 Az\u0259rbaycan Respublikas\u0131n\u0131n Prezidenti yan\u0131nda D\u00f6vl\u0259t \u0130dar\u0259\u00e7ilik Akademiyas\u0131nda kurs \u00fczr\u0259 dinl\u0259yicil\u0259rin burax\u0131l\u0131\u015f m\u0259rasimi ke\u00e7irilmi\u015f, kursu m\u00fcv\u0259ff\u0259qiyy\u0259tl\u0259 bitir\u0259nl\u0259r\u0259 sertifikatlar t\u0259qdim edilmi\u015fdir.<\/p>\n\n\n\n<figure class=\"wp-container-2 wp-block-gallery-1 wp-block-gallery columns-3 is-cropped\"><ul class=\"blocks-gallery-grid\"><li class=\"blocks-gallery-item\"><figure><img width=\"640\" height=\"426\" src=\"https:\/\/dia.edu.az\/wp-content\/uploads\/2021\/03\/9.jpg\" alt=\"\" data-id=\"3695\" data-full-url=\"https:\/\/dia.edu.az\/wp-content\/uploads\/2021\/03\/9.jpg\" data-link=\"https:\/\/dia.edu.az\/?attachment_id=3695\" class=\"wp-image-3695\" srcset=\"https:\/\/legacy.dia.edu.az\/wp-content\/uploads\/2021\/03\/9.jpg 640w, https:\/\/legacy.dia.edu.az\/wp-content\/uploads\/2021\/03\/9-300x200.jpg 300w, https:\/\/legacy.dia.edu.az\/wp-content\/uploads\/2021\/03\/9-150x100.jpg 150w, https:\/\/legacy.dia.edu.az\/wp-content\/uploads\/2021\/03\/9-300x200@2x.jpg 600w\" sizes=\"(max-width: 640px) 100vw, 640px\" \/><\/figure><\/li><li class=\"blocks-gallery-item\"><figure><img width=\"640\" height=\"426\" src=\"https:\/\/dia.edu.az\/wp-content\/uploads\/2021\/03\/10.jpg\" alt=\"\" data-id=\"3698\" data-full-url=\"https:\/\/dia.edu.az\/wp-content\/uploads\/2021\/03\/10.jpg\" data-link=\"https:\/\/dia.edu.az\/?attachment_id=3698\" class=\"wp-image-3698\" srcset=\"https:\/\/legacy.dia.edu.az\/wp-content\/uploads\/2021\/03\/10.jpg 640w, https:\/\/legacy.dia.edu.az\/wp-content\/uploads\/2021\/03\/10-300x200.jpg 300w, https:\/\/legacy.dia.edu.az\/wp-content\/uploads\/2021\/03\/10-150x100.jpg 150w, https:\/\/legacy.dia.edu.az\/wp-content\/uploads\/2021\/03\/10-300x200@2x.jpg 600w\" sizes=\"(max-width: 640px) 100vw, 640px\" \/><\/figure><\/li><li class=\"blocks-gallery-item\"><figure><img width=\"640\" height=\"426\" src=\"https:\/\/dia.edu.az\/wp-content\/uploads\/2021\/03\/11.jpg\" alt=\"\" data-id=\"3701\" data-full-url=\"https:\/\/dia.edu.az\/wp-content\/uploads\/2021\/03\/11.jpg\" data-link=\"https:\/\/dia.edu.az\/?attachment_id=3701\" class=\"wp-image-3701\" srcset=\"https:\/\/legacy.dia.edu.az\/wp-content\/uploads\/2021\/03\/11.jpg 640w, https:\/\/legacy.dia.edu.az\/wp-content\/uploads\/2021\/03\/11-300x200.jpg 300w, https:\/\/legacy.dia.edu.az\/wp-content\/uploads\/2021\/03\/11-150x100.jpg 150w, https:\/\/legacy.dia.edu.az\/wp-content\/uploads\/2021\/03\/11-300x200@2x.jpg 600w\" sizes=\"(max-width: 640px) 100vw, 640px\" \/><\/figure><\/li><li class=\"blocks-gallery-item\"><figure><img width=\"640\" height=\"426\" src=\"https:\/\/dia.edu.az\/wp-content\/uploads\/2021\/03\/12.jpg\" alt=\"\" data-id=\"3704\" data-full-url=\"https:\/\/dia.edu.az\/wp-content\/uploads\/2021\/03\/12.jpg\" data-link=\"https:\/\/dia.edu.az\/?attachment_id=3704\" class=\"wp-image-3704\" srcset=\"https:\/\/legacy.dia.edu.az\/wp-content\/uploads\/2021\/03\/12.jpg 640w, https:\/\/legacy.dia.edu.az\/wp-content\/uploads\/2021\/03\/12-300x200.jpg 300w, https:\/\/legacy.dia.edu.az\/wp-content\/uploads\/2021\/03\/12-150x100.jpg 150w, https:\/\/legacy.dia.edu.az\/wp-content\/uploads\/2021\/03\/12-300x200@2x.jpg 600w\" sizes=\"(max-width: 640px) 100vw, 640px\" \/><\/figure><\/li><\/ul><\/figure>","protected":false},"excerpt":{"rendered":"<p>\u201cD\u00f6vl\u0259tin qullu\u011funun t\u0259\u015fkilat\u0131 \u0259saslar\u0131 v\u0259 d\u00f6vl\u0259tin kadr siyas\u0259ti\u201d \u00fczr\u0259 kurslara yekun vurulmu\u015fdur Az\u0259rbaycan Respublikas\u0131n\u0131n Prezidenti yan\u0131nda D\u00f6vl\u0259t \u0130dar\u0259\u00e7ilik Akademiyas\u0131nda \u201cD\u00f6vl\u0259tin qullu\u011funun t\u0259\u015fkilat\u0131 \u0259saslar\u0131 v\u0259 d\u00f6vl\u0259tin kadr siyas\u0259ti\u201d istiqam\u0259ti \u00fczr\u0259q\u0131sam\u00fcdd\u0259tli&nbsp; ixtisasart\u0131rma kursu ke\u00e7irilmi\u015fdir. Kursa D\u00f6vl\u0259t Hakimiyy\u0259tinin m\u0259rk\u0259zi, \u015f\u0259h\u0259r, rayon miqyasl\u0131 orqanlar\u0131n\u0131n, m\u00fcvafiq nazirlik, komit\u0259 v\u0259 idar\u0259l\u0259rinin r\u0259hb\u0259r i\u015f\u00e7il\u0259ri c\u0259lb olunmu\u015fdur. Kursun&nbsp; \u0259sas m\u0259qs\u0259di Az\u0259rbaycan Respublikas\u0131nda d\u00f6vl\u0259t [&hellip;]<\/p>","protected":false},"author":2,"featured_media":3698,"comment_status":"closed","ping_status":"closed","sticky":false,"template":"","format":"standard","meta":[],"categories":[137],"tags":[197,192,189,191,190],"_links":{"self":[{"href":"https:\/\/legacy.dia.edu.az\/ru\/wp-json\/wp\/v2\/posts\/3694"}],"collection":[{"href":"https:\/\/legacy.dia.edu.az\/ru\/wp-json\/wp\/v2\/posts"}],"about":[{"href":"https:\/\/legacy.dia.edu.az\/ru\/wp-json\/wp\/v2\/types\/post"}],"author":[{"embeddable":true,"href":"https:\/\/legacy.dia.edu.az\/ru\/wp-json\/wp\/v2\/users\/2"}],"replies":[{"embeddable":true,"href":"https:\/\/legacy.dia.edu.az\/ru\/wp-json\/wp\/v2\/comments?post=3694"}],"version-history":[{"count":0,"href":"https:\/\/legacy.dia.edu.az\/ru\/wp-json\/wp\/v2\/posts\/3694\/revisions"}],"wp:featuredmedia":[{"embeddable":true,"href":"https:\/\/legacy.dia.edu.az\/ru\/wp-json\/wp\/v2\/media\/3698"}],"wp:attachment":[{"href":"https:\/\/legacy.dia.edu.az\/ru\/wp-json\/wp\/v2\/media?parent=3694"}],"wp:term":[{"taxonomy":"category","embeddable":true,"href":"https:\/\/legacy.dia.edu.az\/ru\/wp-json\/wp\/v2\/categories?post=3694"},{"taxonomy":"post_tag","embeddable":true,"href":"https:\/\/legacy.dia.edu.az\/ru\/wp-json\/wp\/v2\/tags?post=3694"}],"curies":[{"name":"wp","href":"https:\/\/api.w.org\/{rel}","templated":true}]}}