{"id":3678,"date":"2014-01-31T16:28:00","date_gmt":"2014-01-31T13:28:00","guid":{"rendered":"https:\/\/dia.edu.az\/?p=3678"},"modified":"2021-03-07T16:29:37","modified_gmt":"2021-03-07T13:29:37","slug":"t%c9%99bi%c9%99td%c9%99n-istifad%c9%99-v%c9%99-%c9%99traf-muhitin-muhafiz%c9%99sinin-dovl%c9%99t-t%c9%99nziml%c9%99nm%c9%99si-az%c9%99rbaycanda-dovl%c9%99t-din-munasib","status":"publish","type":"post","link":"https:\/\/legacy.dia.edu.az\/ru\/arxivl\u0259r\/3678","title":{"rendered":"\u201cT\u0259bi\u0259td\u0259n \u0130stifad\u0259 v\u0259 \u018ftraf M\u00fchitin M\u00fchafiz\u0259sinin D\u00f6vl\u0259t T\u0259nziml\u0259nm\u0259si\u201d, \u201dAz\u0259rbaycanda D\u00f6vl\u0259t-Din M\u00fcnasib\u0259tl\u0259ri\u201d, istiqam\u0259tl\u0259ri \u00fczr\u0259 q\u0131sam\u00fcdd\u0259tli ixtisasart\u0131rma kurslar\u0131 ke\u00e7irilmi\u015fdir"},"content":{"rendered":"<p><strong>\u201cT\u0259bi\u0259td\u0259n \u0130stifad\u0259 v\u0259 \u018ftraf M\u00fchitin M\u00fchafiz\u0259sinin D\u00f6vl\u0259t T\u0259nziml\u0259nm\u0259si\u201d, \u201dAz\u0259rbaycanda D\u00f6vl\u0259t-Din M\u00fcnasib\u0259tl\u0259ri\u201d, istiqam\u0259tl\u0259ri \u00fczr\u0259 q\u0131sam\u00fcdd\u0259tli ixtisasart\u0131rma kurslar\u0131 ke\u00e7irilmi\u015fdir<\/strong><\/p>\n\n\n\n<p>Az\u0259rbaycan Respublikas\u0131n\u0131n Prezidenti yan\u0131nda D\u00f6vl\u0259t \u0130dar\u0259\u00e7ilik Akademiyas\u0131nda 2014 ilin yanvar ay\u0131nda \u201cT\u0259bi\u0259td\u0259n \u0130stifad\u0259 v\u0259 \u018ftraf M\u00fchitin M\u00fchaviz\u0259sinin D\u00f6vl\u0259t T\u0259nziml\u0259nm\u0259si\u201d, \u201dAz\u0259rbaycanda D\u00f6vl\u0259t-Din M\u00fcnasib\u0259tl\u0259ri\u201d, istiqam\u0259tl\u0259ri \u00fczr\u0259q\u0131sam\u00fcdd\u0259tli&nbsp; ixtisasart\u0131rma kurslar\u0131 ke\u00e7irilmi\u015fdir. Kurslara D\u00f6vl\u0259t Hakimiyy\u0259tinin m\u0259rk\u0259zi, \u015f\u0259h\u0259r, rayon miqyasl\u0131 orqanlar\u0131n\u0131n, m\u00fcvafiq nazirlik, komit\u0259 v\u0259 idar\u0259l\u0259rinin r\u0259hb\u0259r i\u015f\u00e7il\u0259ri c\u0259lb olunmu\u015fdur.<\/p>\n\n\n\n<p>\u201cT\u0259bi\u0259td\u0259n \u0130stifad\u0259 v\u0259 \u018ftraf M\u00fchitin M\u00fchaviz\u0259sinin D\u00f6vl\u0259t T\u0259nziml\u0259nm\u0259si\u201d istiqam\u0259tinin \u0259sas m\u0259qs\u0259di \u2013 Az\u0259rbaycan Respublikas\u0131n\u0131n ekologiya sah\u0259sind\u0259 d\u00f6vl\u0259t siyas\u0259ti: prioritetl\u0259ri, heyata ke\u00e7irilm\u0259 mexanizml\u0259ri, X\u0259z\u0259r d\u0259nizinin ekoloji probleml\u0259ri, Elektron h\u00f6k\u00fcm\u0259t. \u018fsas anlayi\u015flar. Elektron h\u00f6k\u00fcm\u0259tin formala\u015fd\u0131r\u0131lmas\u0131nda v\u0259 inki\u015faf\u0131n m\u0259rh\u0259l\u0259l\u0259ri. Beyn\u0259lxalq t\u0259cr\u00fcb\u0259. Ekoloji sivilizasiya v\u0259 davaml\u0131 inki\u015faf\u0131n planla\u015fd\u0131r\u0131lmas\u0131 v\u0259 idar\u0259edilm\u0259si: Az\u0259rbaycan Beyn\u0259lxalq m\u00fcqayis\u0259l\u0259rd\u0259 v\u0259 s. probleml\u0259rl\u0259 ba\u011fl\u0131 bilikl\u0259rin dinl\u0259yicil\u0259r\u0259 \u00e7atd\u0131r\u0131lmas\u0131 v\u0259 onlarla fikir m\u00fcbadil\u0259sinin apar\u0131lmas\u0131 idi.<\/p>\n\n\n\n<p>Qeyd edil\u0259n kurs \u0259rzind\u0259 AR Ekologiya v\u0259 T\u0259bii S\u0259rv\u0259tl\u0259r nazirinin m\u00fcavini Firdovsi \u018fliyev, AR Prezidenti yan\u0131nda D\u00f6vl\u0259t \u0130dar\u0259\u00e7ilik Akademiyas\u0131n\u0131n rektoru akademik U.\u018fl\u0259kb\u0259rov,&nbsp; m\u00fcxt\u0259lif m\u00f6vzularda m\u00fchazir\u0259l\u0259rl\u0259&nbsp;&nbsp; \u00e7\u0131x\u0131\u015f etmi\u015fdil\u0259r.<\/p>\n\n\n\n<p>Eyni zamanda qeyd olunan kursla yana\u015f\u0131 -\u201d Az\u0259rbaycanda D\u00f6vl\u0259t-Din M\u00fcnasib\u0259tl\u0259ri\u201d<\/p>\n\n\n\n<p>&#8211; istiqam\u0259ti \u00fczr\u0259q\u0131sam\u00fcdd\u0259tli&nbsp; ixtisasart\u0131rma kursu ke\u00e7irilmi\u015fdir. Kursun \u0259sas m\u0259qs\u0259di, Az\u0259rbaycan Respublikas\u0131nda d\u00f6vl\u0259t-din siyas\u0259ti v\u0259 prioritet istiqam\u0259tl\u0259r, Az\u0259rbaycanda m\u00f6vcud dini durum: probleml\u0259r v\u0259 perspektivl\u0259r, Dini ekstremizm v\u0259 ona qar\u015f\u0131 m\u00fcbariz\u0259, Az\u0259rbaycan\u0131n xarici siyas\u0259tind\u0259 islam \u00f6lk\u0259l\u0259ri il\u0259 \u0259m\u0259kda\u015fl\u0131q, Din\u015funasl\u0131q ekspertizas\u0131n\u0131n t\u0259\u015fkili, dini \u0259d\u0259biyyat\u0131n idxal\u0131 v\u0259 sat\u0131\u015f\u0131 probleml\u0259ri s.probleml\u0259rl\u0259 ba\u011fl\u0131 bilikl\u0259rin dinl\u0259yicil\u0259r\u0259 \u00e7atd\u0131r\u0131lmas\u0131 v\u0259 onlarla fikir m\u00fcbadil\u0259sinin apar\u0131lmas\u0131 idi. Bu kursda AR Prezidenti Administrasiyas\u0131 \u0130ctimai-siyasi m\u0259s\u0259l\u0259l\u0259r \u015f\u00f6b\u0259sinin m\u00fcdiri \u018fli H\u0259s\u0259nov, AR Prezidenti yan\u0131nda D\u00f6vl\u0259t \u0130dar\u0259\u00e7ilik Akamiyas\u0131n\u0131n rektoru Urxan \u018fl\u0259kb\u0259rov, AR Milli T\u0259hl\u00fck\u0259sizlik Nazirliyinin, idar\u0259 r\u0259isi nail Ta\u011f\u0131zad\u0259 v\u0259 dig\u0259r muhazir\u0259\u00e7il\u0259rin \u00e7\u0131x\u0131lar\u0131 n\u0259z\u0259rd\u0259 tutulmu\u015fdur.<\/p>\n\n\n\n<p>Yanvar ay\u0131n\u0131n 31-d\u0259 Az\u0259rbaycan Respublikas\u0131n\u0131n Prezidenti yan\u0131nda D\u00f6vl\u0259t \u0130dar\u0259\u00e7ilik Akademiyas\u0131nda kurslar \u00fczr\u0259 dinl\u0259yicil\u0259rin burax\u0131l\u0131\u015f m\u0259rasimi ke\u00e7irilmi\u015fdir. Akademiyan\u0131n r\u0259hb\u0259rliyi, kurslar\u0131n sonunda dinl\u0259yicil\u0259r qar\u015f\u0131s\u0131nda \u00e7\u0131x\u0131\u015f etmi\u015fl\u0259r, onlara kursu m\u00fcv\u0259ff\u0259qiyy\u0259tl\u0259 bitirdikl\u0259rin\u0259 g\u00f6r\u0259 sertifikatlar t\u0259qdim ed\u0259r\u0259k\u00a0\u00a0 g\u0259l\u0259c\u0259k i\u015fl\u0259rind\u0259 u\u011furlar arzu etmi\u015fdi.<\/p>\n\n\n\n<figure class=\"wp-container-2 wp-block-gallery-1 wp-block-gallery columns-3 is-cropped\"><ul class=\"blocks-gallery-grid\"><li class=\"blocks-gallery-item\"><figure><img width=\"640\" height=\"426\" src=\"https:\/\/dia.edu.az\/wp-content\/uploads\/2021\/03\/5-10.jpg\" alt=\"\" data-id=\"3679\" data-full-url=\"https:\/\/dia.edu.az\/wp-content\/uploads\/2021\/03\/5-10.jpg\" data-link=\"https:\/\/dia.edu.az\/?attachment_id=3679\" class=\"wp-image-3679\" srcset=\"https:\/\/legacy.dia.edu.az\/wp-content\/uploads\/2021\/03\/5-10.jpg 640w, https:\/\/legacy.dia.edu.az\/wp-content\/uploads\/2021\/03\/5-10-300x200.jpg 300w, https:\/\/legacy.dia.edu.az\/wp-content\/uploads\/2021\/03\/5-10-150x100.jpg 150w, https:\/\/legacy.dia.edu.az\/wp-content\/uploads\/2021\/03\/5-10-300x200@2x.jpg 600w\" sizes=\"(max-width: 640px) 100vw, 640px\" \/><\/figure><\/li><li class=\"blocks-gallery-item\"><figure><img width=\"640\" height=\"426\" src=\"https:\/\/dia.edu.az\/wp-content\/uploads\/2021\/03\/6-7.jpg\" alt=\"\" data-id=\"3682\" data-full-url=\"https:\/\/dia.edu.az\/wp-content\/uploads\/2021\/03\/6-7.jpg\" data-link=\"https:\/\/dia.edu.az\/?attachment_id=3682\" class=\"wp-image-3682\" srcset=\"https:\/\/legacy.dia.edu.az\/wp-content\/uploads\/2021\/03\/6-7.jpg 640w, https:\/\/legacy.dia.edu.az\/wp-content\/uploads\/2021\/03\/6-7-300x200.jpg 300w, https:\/\/legacy.dia.edu.az\/wp-content\/uploads\/2021\/03\/6-7-150x100.jpg 150w, https:\/\/legacy.dia.edu.az\/wp-content\/uploads\/2021\/03\/6-7-300x200@2x.jpg 600w\" sizes=\"(max-width: 640px) 100vw, 640px\" \/><\/figure><\/li><li class=\"blocks-gallery-item\"><figure><img width=\"640\" height=\"426\" src=\"https:\/\/dia.edu.az\/wp-content\/uploads\/2021\/03\/7-4.jpg\" alt=\"\" data-id=\"3685\" data-full-url=\"https:\/\/dia.edu.az\/wp-content\/uploads\/2021\/03\/7-4.jpg\" data-link=\"https:\/\/dia.edu.az\/?attachment_id=3685\" class=\"wp-image-3685\" srcset=\"https:\/\/legacy.dia.edu.az\/wp-content\/uploads\/2021\/03\/7-4.jpg 640w, https:\/\/legacy.dia.edu.az\/wp-content\/uploads\/2021\/03\/7-4-300x200.jpg 300w, https:\/\/legacy.dia.edu.az\/wp-content\/uploads\/2021\/03\/7-4-150x100.jpg 150w, https:\/\/legacy.dia.edu.az\/wp-content\/uploads\/2021\/03\/7-4-300x200@2x.jpg 600w\" sizes=\"(max-width: 640px) 100vw, 640px\" \/><\/figure><\/li><\/ul><\/figure>","protected":false},"excerpt":{"rendered":"<p>\u201cT\u0259bi\u0259td\u0259n \u0130stifad\u0259 v\u0259 \u018ftraf M\u00fchitin M\u00fchafiz\u0259sinin D\u00f6vl\u0259t T\u0259nziml\u0259nm\u0259si\u201d, \u201dAz\u0259rbaycanda D\u00f6vl\u0259t-Din M\u00fcnasib\u0259tl\u0259ri\u201d, istiqam\u0259tl\u0259ri \u00fczr\u0259 q\u0131sam\u00fcdd\u0259tli ixtisasart\u0131rma kurslar\u0131 ke\u00e7irilmi\u015fdir Az\u0259rbaycan Respublikas\u0131n\u0131n Prezidenti yan\u0131nda D\u00f6vl\u0259t \u0130dar\u0259\u00e7ilik Akademiyas\u0131nda 2014 ilin yanvar ay\u0131nda \u201cT\u0259bi\u0259td\u0259n \u0130stifad\u0259 v\u0259 \u018ftraf M\u00fchitin M\u00fchaviz\u0259sinin D\u00f6vl\u0259t T\u0259nziml\u0259nm\u0259si\u201d, \u201dAz\u0259rbaycanda D\u00f6vl\u0259t-Din M\u00fcnasib\u0259tl\u0259ri\u201d, istiqam\u0259tl\u0259ri \u00fczr\u0259q\u0131sam\u00fcdd\u0259tli&nbsp; ixtisasart\u0131rma kurslar\u0131 ke\u00e7irilmi\u015fdir. Kurslara D\u00f6vl\u0259t Hakimiyy\u0259tinin m\u0259rk\u0259zi, \u015f\u0259h\u0259r, rayon miqyasl\u0131 orqanlar\u0131n\u0131n, m\u00fcvafiq nazirlik, komit\u0259 [&hellip;]<\/p>","protected":false},"author":2,"featured_media":3679,"comment_status":"closed","ping_status":"closed","sticky":false,"template":"","format":"standard","meta":[],"categories":[137],"tags":[197,192,189,191,190],"_links":{"self":[{"href":"https:\/\/legacy.dia.edu.az\/ru\/wp-json\/wp\/v2\/posts\/3678"}],"collection":[{"href":"https:\/\/legacy.dia.edu.az\/ru\/wp-json\/wp\/v2\/posts"}],"about":[{"href":"https:\/\/legacy.dia.edu.az\/ru\/wp-json\/wp\/v2\/types\/post"}],"author":[{"embeddable":true,"href":"https:\/\/legacy.dia.edu.az\/ru\/wp-json\/wp\/v2\/users\/2"}],"replies":[{"embeddable":true,"href":"https:\/\/legacy.dia.edu.az\/ru\/wp-json\/wp\/v2\/comments?post=3678"}],"version-history":[{"count":0,"href":"https:\/\/legacy.dia.edu.az\/ru\/wp-json\/wp\/v2\/posts\/3678\/revisions"}],"wp:featuredmedia":[{"embeddable":true,"href":"https:\/\/legacy.dia.edu.az\/ru\/wp-json\/wp\/v2\/media\/3679"}],"wp:attachment":[{"href":"https:\/\/legacy.dia.edu.az\/ru\/wp-json\/wp\/v2\/media?parent=3678"}],"wp:term":[{"taxonomy":"category","embeddable":true,"href":"https:\/\/legacy.dia.edu.az\/ru\/wp-json\/wp\/v2\/categories?post=3678"},{"taxonomy":"post_tag","embeddable":true,"href":"https:\/\/legacy.dia.edu.az\/ru\/wp-json\/wp\/v2\/tags?post=3678"}],"curies":[{"name":"wp","href":"https:\/\/api.w.org\/{rel}","templated":true}]}}