{"id":3670,"date":"2014-01-29T16:25:00","date_gmt":"2014-01-29T13:25:00","guid":{"rendered":"https:\/\/dia.edu.az\/?p=3670"},"modified":"2021-03-07T16:27:04","modified_gmt":"2021-03-07T13:27:04","slug":"m%c9%99h%c9%99mm%c9%99d-%c9%99min-r%c9%99sulzad%c9%99nin-130-illik-yubileyin%c9%99-h%c9%99sr-edilmis-elmi-praktik-konfrans-kecirilib","status":"publish","type":"post","link":"https:\/\/legacy.dia.edu.az\/ru\/arxivl\u0259r\/3670","title":{"rendered":"M\u0259h\u0259mm\u0259d \u018fmin R\u0259sulzad\u0259nin 130 illik yubileyin\u0259 h\u0259sr edilmi\u015f elmi-praktik konfrans ke\u00e7irilib"},"content":{"rendered":"<p><strong>M\u0259h\u0259mm\u0259d \u018fmin R\u0259sulzad\u0259nin 130 illik yubileyin\u0259 h\u0259sr edilmi\u015f elmi-praktik konfrans ke\u00e7irilib<\/strong><\/p>\n\n\n\n<p>Az\u0259rbaycan Respublikas\u0131n\u0131n Prezidenti yan\u0131nda D\u00f6vl\u0259t \u0130dar\u0259\u00e7ilik Akademiyas\u0131nda yanvar ay\u0131n\u0131n 29-da M\u0259h\u0259mm\u0259d \u018fmin R\u0259sulzad\u0259nin 130 illik yubileyin\u0259 h\u0259sr edilmi\u015f elmi-praktik konfrans ke\u00e7irilib.&nbsp;Konfrans ba\u015flanmazdan \u0259vv\u0259l&nbsp;M\u0259h\u0259mm\u0259d \u018fmin R\u0259sulzad\u0259nin&nbsp;haqq\u0131nda s\u0259n\u0259dli&nbsp;film n\u00fcmayi\u015f etdirilmi\u015fdir.<\/p>\n\n\n\n<p>Elmi-praktik konfrans\u0131&nbsp;Akademiyas\u0131 rektoru, akademik Urxan \u018fl\u0259kb\u0259rov a\u00e7araq, M\u0259h\u0259mm\u0259d \u018fmin R\u0259sulzad\u0259nin 130 illik yubileyinin ke\u00e7irilm\u0259si haqq\u0131nda Prezident \u0130lham \u018fliyevin S\u0259r\u0259ncam\u0131n\u0131 xat\u0131rlatm\u0131\u015f, onun xalq\u0131m\u0131z\u0131n tarixi \u015f\u0259xsiyy\u0259tl\u0259rinin xatir\u0259sinin uca tutulmas\u0131na x\u00fcsusi diqq\u0259t g\u00f6st\u0259rdiyini bildirmi\u015fdir. Rektor Az\u0259rbaycan\u0131n g\u00f6rk\u0259mli d\u00f6vl\u0259t v\u0259 ictimai xadiml\u0259rind\u0259n biri olan M\u0259h\u0259mm\u0259d \u018fmin R\u0259sulzad\u0259nin h\u0259yat v\u0259 f\u0259aliyy\u0259ti haqq\u0131nda fikirl\u0259rini b\u00f6l\u00fc\u015fm\u00fc\u015fd\u00fcr.<\/p>\n\n\n\n<p>Rektor qeyd etmi\u015fdir ki, M\u0259h\u0259mm\u0259d \u018fmin R\u0259sulzad\u0259, \u018flim\u0259rdan b\u0259y Top\u00e7uba\u015fov, F\u0259t\u0259li xan Xoyski, N\u0259sib b\u0259y Yusifb\u0259yli, H\u0259s\u0259n b\u0259y A\u011fayev, M\u0259mm\u0259d Yusif C\u0259f\u0259rov, X\u0259lil b\u0259y Xasm\u0259mm\u0259dov kimi \u015f\u0259xsiyy\u0259tl\u0259r Az\u0259rbaycan Xalq C\u00fcmhuriyy\u0259tini elan etm\u0259kl\u0259 d\u00f6vl\u0259t\u00e7ilik tariximizin \u0259n \u015fanl\u0131 s\u0259hif\u0259l\u0259rind\u0259n birini yaz\u0131blar. U. \u018fl\u0259kb\u0259rov c\u0259mi 23 ay ya\u015famas\u0131na baxmayaraq, Az\u0259rbaycan Xalq C\u00fcmhuriyy\u0259ti d\u00f6vr\u00fcnd\u0259 m\u00fch\u00fcm t\u0259dbirl\u0259rin h\u0259yata ke\u00e7irildiyini qeyd ed\u0259r\u0259k M\u00fcs\u0259lman \u015e\u0259rqind\u0259 ilk demokratik parlament formala\u015fm\u0131\u015f, insanlar\u0131n demokratik h\u00fcquq v\u0259 azadl\u0131qlar\u0131 b\u0259rq\u0259rar olmu\u015f, h\u0259min tarixi d\u00f6vrd\u0259 ilk d\u0259f\u0259 olaraq qad\u0131nlara ki\u015fil\u0259rl\u0259 b\u0259rab\u0259r se\u00e7ki h\u00fcququ verilm\u0259si, 1918-ci il may\u0131n 28-d\u0259 Az\u0259rbaycan Xalq C\u00fcmhuriyy\u0259tinin \u0130stiqlaliyy\u0259t B\u0259yannam\u0259si q\u0259bul edilm\u0259si il\u0259 ba\u011fl\u0131 tarix faktlar\u0131 xat\u0131rlatm\u0131\u015fd\u0131r. &nbsp;<\/p>\n\n\n\n<p>\u00a0\u00a0\u00a0\u00a0\u00a0 Elmi-praktik konfransda M\u0259h\u0259mm\u0259d \u018fmin R\u0259sulzad\u0259nin siyasi f\u0259aliyy\u0259ti il\u0259 ba\u011fl\u0131 \u00e7\u0131x\u0131\u015f ed\u0259n D\u00f6vl\u0259t \u0130dar\u0259\u00e7ilik Akademiyas\u0131n\u0131n professoru Etibar N\u0259c\u0259fov \u201cAz\u0259rbaycanin ictimai-siyasi fikrind\u0259 M\u0259h\u0259mm\u0259d \u018fmin R\u0259sulzad\u0259nin yeri\u201d, professor Musa Quliyev \u201cAz\u0259rbaycan istiqlal h\u0259r\u0259kat\u0131 v\u0259 M\u0259h\u0259mm\u0259d \u018fmin R\u0259sulzad\u0259\u201d, dosent Rahib \u018fkb\u0259rov \u201cMilli-h\u00fcquqi d\u00f6vl\u0259t quruculu\u011funda M\u0259h\u0259mm\u0259d \u018fmin R\u0259sulzad\u0259nin rolu\u201d, dosent R\u0259na Bayramova \u201cM\u0259h\u0259mm\u0259d \u018fmin R\u0259sulzad\u0259nin m\u00fchacir\u0259t d\u00f6vr\u00fc f\u0259aliyy\u0259ti\u201d bar\u0259d\u0259 m\u0259ruz\u0259l\u0259rl\u0259 \u00e7\u0131x\u0131\u015f etmi\u015fl\u0259r. Dig\u0259r \u00e7\u0131x\u0131\u015f\u00e7\u0131lar da \u00f6z nitql\u0259rind\u0259 zaman ke\u00e7dikc\u0259 tariximizin s\u0259hif\u0259l\u0259rinin yad etm\u0259yin, g\u0259l\u0259c\u0259k n\u0259sill\u0259r\u0259 \u00e7atd\u0131r\u0131lmas\u0131n\u0131n vacibliyini bildirmi\u015fl\u0259r.<\/p>\n\n\n\n<figure class=\"wp-container-2 wp-block-gallery-1 wp-block-gallery columns-2 is-cropped\"><ul class=\"blocks-gallery-grid\"><li class=\"blocks-gallery-item\"><figure><img width=\"640\" height=\"426\" src=\"https:\/\/dia.edu.az\/wp-content\/uploads\/2021\/03\/3-18.jpg\" alt=\"\" data-id=\"3671\" data-full-url=\"https:\/\/dia.edu.az\/wp-content\/uploads\/2021\/03\/3-18.jpg\" data-link=\"https:\/\/dia.edu.az\/?attachment_id=3671\" class=\"wp-image-3671\" srcset=\"https:\/\/legacy.dia.edu.az\/wp-content\/uploads\/2021\/03\/3-18.jpg 640w, https:\/\/legacy.dia.edu.az\/wp-content\/uploads\/2021\/03\/3-18-300x200.jpg 300w, https:\/\/legacy.dia.edu.az\/wp-content\/uploads\/2021\/03\/3-18-150x100.jpg 150w, https:\/\/legacy.dia.edu.az\/wp-content\/uploads\/2021\/03\/3-18-300x200@2x.jpg 600w\" sizes=\"(max-width: 640px) 100vw, 640px\" \/><\/figure><\/li><li class=\"blocks-gallery-item\"><figure><img width=\"640\" height=\"426\" src=\"https:\/\/dia.edu.az\/wp-content\/uploads\/2021\/03\/4-13.jpg\" alt=\"\" data-id=\"3674\" data-full-url=\"https:\/\/dia.edu.az\/wp-content\/uploads\/2021\/03\/4-13.jpg\" data-link=\"https:\/\/dia.edu.az\/?attachment_id=3674\" class=\"wp-image-3674\" srcset=\"https:\/\/legacy.dia.edu.az\/wp-content\/uploads\/2021\/03\/4-13.jpg 640w, https:\/\/legacy.dia.edu.az\/wp-content\/uploads\/2021\/03\/4-13-300x200.jpg 300w, https:\/\/legacy.dia.edu.az\/wp-content\/uploads\/2021\/03\/4-13-150x100.jpg 150w, https:\/\/legacy.dia.edu.az\/wp-content\/uploads\/2021\/03\/4-13-300x200@2x.jpg 600w\" sizes=\"(max-width: 640px) 100vw, 640px\" \/><\/figure><\/li><\/ul><\/figure>","protected":false},"excerpt":{"rendered":"<p>M\u0259h\u0259mm\u0259d \u018fmin R\u0259sulzad\u0259nin 130 illik yubileyin\u0259 h\u0259sr edilmi\u015f elmi-praktik konfrans ke\u00e7irilib Az\u0259rbaycan Respublikas\u0131n\u0131n Prezidenti yan\u0131nda D\u00f6vl\u0259t \u0130dar\u0259\u00e7ilik Akademiyas\u0131nda yanvar ay\u0131n\u0131n 29-da M\u0259h\u0259mm\u0259d \u018fmin R\u0259sulzad\u0259nin 130 illik yubileyin\u0259 h\u0259sr edilmi\u015f elmi-praktik konfrans ke\u00e7irilib.&nbsp;Konfrans ba\u015flanmazdan \u0259vv\u0259l&nbsp;M\u0259h\u0259mm\u0259d \u018fmin R\u0259sulzad\u0259nin&nbsp;haqq\u0131nda s\u0259n\u0259dli&nbsp;film n\u00fcmayi\u015f etdirilmi\u015fdir. Elmi-praktik konfrans\u0131&nbsp;Akademiyas\u0131 rektoru, akademik Urxan \u018fl\u0259kb\u0259rov a\u00e7araq, M\u0259h\u0259mm\u0259d \u018fmin R\u0259sulzad\u0259nin 130 illik yubileyinin ke\u00e7irilm\u0259si haqq\u0131nda Prezident [&hellip;]<\/p>","protected":false},"author":2,"featured_media":3671,"comment_status":"closed","ping_status":"closed","sticky":false,"template":"","format":"standard","meta":[],"categories":[137],"tags":[197,192,189,191,190],"_links":{"self":[{"href":"https:\/\/legacy.dia.edu.az\/ru\/wp-json\/wp\/v2\/posts\/3670"}],"collection":[{"href":"https:\/\/legacy.dia.edu.az\/ru\/wp-json\/wp\/v2\/posts"}],"about":[{"href":"https:\/\/legacy.dia.edu.az\/ru\/wp-json\/wp\/v2\/types\/post"}],"author":[{"embeddable":true,"href":"https:\/\/legacy.dia.edu.az\/ru\/wp-json\/wp\/v2\/users\/2"}],"replies":[{"embeddable":true,"href":"https:\/\/legacy.dia.edu.az\/ru\/wp-json\/wp\/v2\/comments?post=3670"}],"version-history":[{"count":0,"href":"https:\/\/legacy.dia.edu.az\/ru\/wp-json\/wp\/v2\/posts\/3670\/revisions"}],"wp:featuredmedia":[{"embeddable":true,"href":"https:\/\/legacy.dia.edu.az\/ru\/wp-json\/wp\/v2\/media\/3671"}],"wp:attachment":[{"href":"https:\/\/legacy.dia.edu.az\/ru\/wp-json\/wp\/v2\/media?parent=3670"}],"wp:term":[{"taxonomy":"category","embeddable":true,"href":"https:\/\/legacy.dia.edu.az\/ru\/wp-json\/wp\/v2\/categories?post=3670"},{"taxonomy":"post_tag","embeddable":true,"href":"https:\/\/legacy.dia.edu.az\/ru\/wp-json\/wp\/v2\/tags?post=3670"}],"curies":[{"name":"wp","href":"https:\/\/api.w.org\/{rel}","templated":true}]}}