{"id":3649,"date":"2013-05-16T16:19:00","date_gmt":"2013-05-16T13:19:00","guid":{"rendered":"https:\/\/dia.edu.az\/?p=3649"},"modified":"2021-03-07T16:20:35","modified_gmt":"2021-03-07T13:20:35","slug":"esse-musabiq%c9%99sinin-qalibl%c9%99ri-m%c9%99lum-oldu","status":"publish","type":"post","link":"https:\/\/legacy.dia.edu.az\/ru\/arxivl\u0259r\/3649","title":{"rendered":"ESSE m\u00fcsabiq\u0259sinin qalibl\u0259ri m\u0259lum oldu"},"content":{"rendered":"<p><strong>ESSE m\u00fcsabiq\u0259sinin qalibl\u0259ri m\u0259lum oldu<\/strong><\/p>\n\n\n\n<p>Az\u0259rbaycan Respublikas\u0131n\u0131n Prezidenti&nbsp;yan\u0131nda D\u00f6vl\u0259t \u0130dar\u0259\u00e7ilik Akademiyas\u0131 H\u0259mkarlar \u0130ttifaq\u0131 Komit\u0259sinin d\u0259st\u0259yi il\u0259 D\u0130A TGT \u201cKitab Klubu\u201dnun h\u0259yata ke\u00e7irdiyi esse m\u00fcsabiq\u0259sin\u0259 yekun vuruldu.<\/p>\n\n\n\n<p>T\u0259dbird\u0259 \u00e7\u0131x\u0131\u015f ed\u0259n D\u00f6vl\u0259t \u0130dar\u0259\u00e7ilik Akademiyas\u0131 H\u0259mkarlar \u0130ttifaq\u0131 Komit\u0259sinin s\u0259dri f.\u00fc.f.d Yusif A\u011fayev \u201c\u0130nsan kapital\u0131n\u0131n inki\u015faf\u0131, u\u011furlar\u0131n a\u00e7ar\u0131 \u2013 davaml\u0131 f\u0259rdi inki\u015faf\u201d m\u00f6vzusunda \u201cTED Talks\u201d format\u0131 \u00fczr\u0259 ke\u00e7iril\u0259n intellektual yar\u0131\u015f\u0131n \u0259h\u0259miyy\u0259ti bar\u0259d\u0259 m\u0259lumat verdi, bu n\u00f6v t\u0259dbirl\u0259rin ke\u00e7irilm\u0259sinin g\u0259ncl\u0259rin g\u0259l\u0259c\u0259k inki\u015faflar\u0131 bax\u0131m\u0131ndan vacib oldu\u011funu qeyd etdi. \u0130\u015ftirak\u00e7\u0131lara u\u011furlar arzulad\u0131.<\/p>\n\n\n\n<p>Layih\u0259 2 m\u0259rh\u0259l\u0259d\u0259n ibar\u0259t idi. 1-ci m\u0259rh\u0259l\u0259 \u201c\u0130nsan kapital\u0131n\u0131n inki\u015faf\u0131nda funksional savads\u0131zl\u0131q problemi\u201d adl\u0131 esse yar\u0131\u015f\u0131 idi. Bu m\u0259rh\u0259l\u0259d\u0259 21 t\u0259l\u0259b\u0259 i\u015ftirak etdi v\u0259 m\u00fcnsifl\u0259r hey\u0259ti t\u0259r\u0259find\u0259n essel\u0259rin yoxlan\u0131lmas\u0131 n\u0259tic\u0259sind\u0259 \u0259n \u00e7ox bal toplayan 8 t\u0259l\u0259b\u0259 2-ci tura v\u0259siq\u0259 qazand\u0131. Bu t\u0259l\u0259b\u0259l\u0259r a\u015fa\u011f\u0131dak\u0131lard\u0131r:<\/p>\n\n\n\n<p>Orxan M\u0259mm\u0259dov \u2013 BM, 2-ci kurs.<\/p>\n\n\n\n<p>Xan\u0131m \u018fzimli \u2013 \u0130qtisadiyyat, 1-ci kurs.<\/p>\n\n\n\n<p>Na\u011f\u0131 \u018fhm\u0259dov \u2013 Politologiya, magistr, 2-ci kurs.<\/p>\n\n\n\n<p>F\u0259rid C\u0259f\u0259rov \u2013 Menecment, 4-c\u00fc kurs.<\/p>\n\n\n\n<p>Yaqub \u018flizad\u0259 &#8211; Menecment, 3-c\u00fc kurs.<\/p>\n\n\n\n<p>Sabina N\u0259sirova \u2013 Politologiya, 2-ci kurs.<\/p>\n\n\n\n<p>Zaur Mahmudov \u2013 BM, 4-c\u00fc kurs.<\/p>\n\n\n\n<p>El\u015f\u0259n Yusibov \u2013 D\u00f6vl\u0259t v\u0259 b\u0259l\u0259diyy\u0259 idar\u0259etm\u0259si, 3-c\u00fc kurs.<\/p>\n\n\n\n<p>2-ci m\u0259rh\u0259l\u0259 is\u0259 finala ke\u00e7\u0259n 8 i\u015ftirak\u00e7\u0131n\u0131n \u201cB\u00fct\u00fcn u\u011furlar\u0131n a\u00e7ar\u0131 \u2013 davaml\u0131 f\u0259rdi inki\u015faf\u201dm\u00f6vzusunda \u201cTED Talks\u201d format\u0131 t\u0259rzind\u0259 \u00e7\u0131x\u0131\u015flar\u0131ndan ibar\u0259t oldu. M\u00fc\u0259yy\u0259n olunmu\u015f reqlament \u00e7\u0259r\u00e7iv\u0259sind\u0259 olacaq \u00e7\u0131x\u0131\u015flar ilk m\u0259rh\u0259l\u0259d\u0259 formala\u015fd\u0131r\u0131lm\u0131\u015f m\u00fcnsifl\u0259r hey\u0259ti t\u0259r\u0259find\u0259n qiym\u0259tl\u0259ndirildi. M\u00fcnsifl\u0259r hey\u0259tinin t\u0259rkibi:<\/p>\n\n\n\n<p>Qoyulmu\u015f m\u00f6vzular\u0131n ad\u0131ndan da ayd\u0131n oldu\u011fu kimi layih\u0259nin h\u0259yata ke\u00e7irilm\u0259sind\u0259 \u0259sas m\u0259qs\u0259d t\u0259l\u0259b\u0259l\u0259rin funksional savads\u0131zl\u0131q v\u0259 f\u0259rdi inki\u015faf, q\u0131sacas\u0131 t\u0259hsil v\u0259 intellektual inki\u015fafla ba\u011fl\u0131 d\u00fc\u015f\u00fcnc\u0259l\u0259rini, yaz\u0131, dan\u0131\u015f\u0131q, natiqlik kimi v\u0259rdi\u015fl\u0259rini inki\u015faf etdirm\u0259k v\u0259 onlara fikirl\u0259rini s\u0259rb\u0259st ifad\u0259 etm\u0259k \u00fc\u00e7\u00fcn \u015f\u0259rait yaratmaqdan ibar\u0259tdir. \u0130lk \u00fc\u00e7 yeri tutan qalibl\u0259r pul m\u00fckafat\u0131, kitab v\u0259 sertifikatla, dig\u0259r \u00e7\u0131x\u0131\u015f\u00e7\u0131lar is\u0259 kitab v\u0259 sertifikatla m\u00fckafatland\u0131r\u0131ld\u0131.<\/p>\n\n\n\n<figure class=\"wp-container-2 wp-block-gallery-1 wp-block-gallery columns-2 is-cropped\"><ul class=\"blocks-gallery-grid\"><li class=\"blocks-gallery-item\"><figure><img width=\"640\" height=\"480\" src=\"https:\/\/dia.edu.az\/wp-content\/uploads\/2021\/03\/3-17.jpg\" alt=\"\" data-id=\"3650\" data-full-url=\"https:\/\/dia.edu.az\/wp-content\/uploads\/2021\/03\/3-17.jpg\" data-link=\"https:\/\/dia.edu.az\/?attachment_id=3650\" class=\"wp-image-3650\" srcset=\"https:\/\/legacy.dia.edu.az\/wp-content\/uploads\/2021\/03\/3-17.jpg 640w, https:\/\/legacy.dia.edu.az\/wp-content\/uploads\/2021\/03\/3-17-300x225.jpg 300w, https:\/\/legacy.dia.edu.az\/wp-content\/uploads\/2021\/03\/3-17-300x225@2x.jpg 600w\" sizes=\"(max-width: 640px) 100vw, 640px\" \/><\/figure><\/li><li class=\"blocks-gallery-item\"><figure><img width=\"640\" height=\"426\" src=\"https:\/\/dia.edu.az\/wp-content\/uploads\/2021\/03\/4-12.jpg\" alt=\"\" data-id=\"3653\" data-full-url=\"https:\/\/dia.edu.az\/wp-content\/uploads\/2021\/03\/4-12.jpg\" data-link=\"https:\/\/dia.edu.az\/?attachment_id=3653\" class=\"wp-image-3653\" srcset=\"https:\/\/legacy.dia.edu.az\/wp-content\/uploads\/2021\/03\/4-12.jpg 640w, https:\/\/legacy.dia.edu.az\/wp-content\/uploads\/2021\/03\/4-12-300x200.jpg 300w, https:\/\/legacy.dia.edu.az\/wp-content\/uploads\/2021\/03\/4-12-150x100.jpg 150w, https:\/\/legacy.dia.edu.az\/wp-content\/uploads\/2021\/03\/4-12-300x200@2x.jpg 600w\" sizes=\"(max-width: 640px) 100vw, 640px\" \/><\/figure><\/li><\/ul><\/figure>","protected":false},"excerpt":{"rendered":"<p>ESSE m\u00fcsabiq\u0259sinin qalibl\u0259ri m\u0259lum oldu Az\u0259rbaycan Respublikas\u0131n\u0131n Prezidenti&nbsp;yan\u0131nda D\u00f6vl\u0259t \u0130dar\u0259\u00e7ilik Akademiyas\u0131 H\u0259mkarlar \u0130ttifaq\u0131 Komit\u0259sinin d\u0259st\u0259yi il\u0259 D\u0130A TGT \u201cKitab Klubu\u201dnun h\u0259yata ke\u00e7irdiyi esse m\u00fcsabiq\u0259sin\u0259 yekun vuruldu. T\u0259dbird\u0259 \u00e7\u0131x\u0131\u015f ed\u0259n D\u00f6vl\u0259t \u0130dar\u0259\u00e7ilik Akademiyas\u0131 H\u0259mkarlar \u0130ttifaq\u0131 Komit\u0259sinin s\u0259dri f.\u00fc.f.d Yusif A\u011fayev \u201c\u0130nsan kapital\u0131n\u0131n inki\u015faf\u0131, u\u011furlar\u0131n a\u00e7ar\u0131 \u2013 davaml\u0131 f\u0259rdi inki\u015faf\u201d m\u00f6vzusunda \u201cTED Talks\u201d format\u0131 \u00fczr\u0259 ke\u00e7iril\u0259n intellektual [&hellip;]<\/p>","protected":false},"author":2,"featured_media":3650,"comment_status":"closed","ping_status":"closed","sticky":false,"template":"","format":"standard","meta":[],"categories":[137],"tags":[197,192,189,191,190],"_links":{"self":[{"href":"https:\/\/legacy.dia.edu.az\/ru\/wp-json\/wp\/v2\/posts\/3649"}],"collection":[{"href":"https:\/\/legacy.dia.edu.az\/ru\/wp-json\/wp\/v2\/posts"}],"about":[{"href":"https:\/\/legacy.dia.edu.az\/ru\/wp-json\/wp\/v2\/types\/post"}],"author":[{"embeddable":true,"href":"https:\/\/legacy.dia.edu.az\/ru\/wp-json\/wp\/v2\/users\/2"}],"replies":[{"embeddable":true,"href":"https:\/\/legacy.dia.edu.az\/ru\/wp-json\/wp\/v2\/comments?post=3649"}],"version-history":[{"count":0,"href":"https:\/\/legacy.dia.edu.az\/ru\/wp-json\/wp\/v2\/posts\/3649\/revisions"}],"wp:featuredmedia":[{"embeddable":true,"href":"https:\/\/legacy.dia.edu.az\/ru\/wp-json\/wp\/v2\/media\/3650"}],"wp:attachment":[{"href":"https:\/\/legacy.dia.edu.az\/ru\/wp-json\/wp\/v2\/media?parent=3649"}],"wp:term":[{"taxonomy":"category","embeddable":true,"href":"https:\/\/legacy.dia.edu.az\/ru\/wp-json\/wp\/v2\/categories?post=3649"},{"taxonomy":"post_tag","embeddable":true,"href":"https:\/\/legacy.dia.edu.az\/ru\/wp-json\/wp\/v2\/tags?post=3649"}],"curies":[{"name":"wp","href":"https:\/\/api.w.org\/{rel}","templated":true}]}}