{"id":3636,"date":"2013-05-07T16:14:00","date_gmt":"2013-05-07T13:14:00","guid":{"rendered":"https:\/\/dia.edu.az\/?p=3636"},"modified":"2021-03-07T16:15:30","modified_gmt":"2021-03-07T13:15:30","slug":"anadolu-universitetind%c9%99-heyd%c9%99r-%c9%99liyev-arasdirma-v%c9%99-informasiya-m%c9%99rk%c9%99zi-acilmisdir","status":"publish","type":"post","link":"https:\/\/legacy.dia.edu.az\/ru\/arxivl\u0259r\/3636","title":{"rendered":"Anadolu Universitetind\u0259 \u201cHeyd\u0259r \u018fliyev Ara\u015fd\u0131rma v\u0259 \u0130nformasiya\u201d m\u0259rk\u0259zi a\u00e7\u0131lm\u0131\u015fd\u0131r"},"content":{"rendered":"<p><strong>Anadolu Universitetind\u0259 \u201cHeyd\u0259r \u018fliyev Ara\u015fd\u0131rma v\u0259 \u0130nformasiya\u201d m\u0259rk\u0259zi a\u00e7\u0131lm\u0131\u015fd\u0131r<\/strong><\/p>\n\n\n\n<p>May ay\u0131n\u0131n 7-d\u0259 T\u00fcrkiy\u0259nin Anadolu Universitetind\u0259 \u201cHeyd\u0259r \u018fliyev Ara\u015fd\u0131rma v\u0259 \u0130nformasiya\u201d m\u0259rk\u0259zinin a\u00e7\u0131l\u0131\u015f m\u0259rasimi olmu\u015fdur. M\u0259rk\u0259zd\u0259 Heyd\u0259r \u018fliyev haqq\u0131nda yaz\u0131lan kitablar, Az\u0259rbaycan\u0131n v\u0259 T\u00fcrk d\u00fcnyas\u0131n\u0131n inki\u015faf\u0131 sah\u0259sind\u0259 onun g\u00f6rd\u00fcy\u00fc i\u015fl\u0259rl\u0259 ba\u011fl\u0131 ara\u015fd\u0131rmalar toplanm\u0131\u015fd\u0131r. TRT Okul kanal\u0131 il\u0259 canl\u0131 olaraq yay\u0131mlanan t\u0259dbird\u0259 T\u00fckiy\u0259d\u0259n v\u0259 Az\u0259rbaycandan olan bir \u00e7ox g\u00f6rk\u0259mli elm v\u0259 ictimai xadiml\u0259r i\u015ftirak etmi\u015fl\u0259r. T\u0259dbid\u0259 Az\u0259rbaycan Respublikas\u0131 Prezidenti yan\u0131nda D\u00f6vl\u0259t \u0130dar\u0259\u00e7ilik Akademiyas\u0131n\u0131 I\u00a0prorektor,\u00a0professor \u018flikram Abdullayev t\u0259msil etmi\u015fdir.<\/p>\n\n\n\n<figure class=\"wp-container-2 wp-block-gallery-1 wp-block-gallery columns-1 is-cropped\"><ul class=\"blocks-gallery-grid\"><li class=\"blocks-gallery-item\"><figure><img width=\"640\" height=\"387\" src=\"https:\/\/dia.edu.az\/wp-content\/uploads\/2021\/03\/5-8.jpg\" alt=\"\" data-id=\"3637\" data-full-url=\"https:\/\/dia.edu.az\/wp-content\/uploads\/2021\/03\/5-8.jpg\" data-link=\"https:\/\/dia.edu.az\/?attachment_id=3637\" class=\"wp-image-3637\" srcset=\"https:\/\/legacy.dia.edu.az\/wp-content\/uploads\/2021\/03\/5-8.jpg 640w, https:\/\/legacy.dia.edu.az\/wp-content\/uploads\/2021\/03\/5-8-300x181.jpg 300w, https:\/\/legacy.dia.edu.az\/wp-content\/uploads\/2021\/03\/5-8-300x181@2x.jpg 600w\" sizes=\"(max-width: 640px) 100vw, 640px\" \/><\/figure><\/li><\/ul><\/figure>","protected":false},"excerpt":{"rendered":"<p>Anadolu Universitetind\u0259 \u201cHeyd\u0259r \u018fliyev Ara\u015fd\u0131rma v\u0259 \u0130nformasiya\u201d m\u0259rk\u0259zi a\u00e7\u0131lm\u0131\u015fd\u0131r May ay\u0131n\u0131n 7-d\u0259 T\u00fcrkiy\u0259nin Anadolu Universitetind\u0259 \u201cHeyd\u0259r \u018fliyev Ara\u015fd\u0131rma v\u0259 \u0130nformasiya\u201d m\u0259rk\u0259zinin a\u00e7\u0131l\u0131\u015f m\u0259rasimi olmu\u015fdur. M\u0259rk\u0259zd\u0259 Heyd\u0259r \u018fliyev haqq\u0131nda yaz\u0131lan kitablar, Az\u0259rbaycan\u0131n v\u0259 T\u00fcrk d\u00fcnyas\u0131n\u0131n inki\u015faf\u0131 sah\u0259sind\u0259 onun g\u00f6rd\u00fcy\u00fc i\u015fl\u0259rl\u0259 ba\u011fl\u0131 ara\u015fd\u0131rmalar toplanm\u0131\u015fd\u0131r. TRT Okul kanal\u0131 il\u0259 canl\u0131 olaraq yay\u0131mlanan t\u0259dbird\u0259 T\u00fckiy\u0259d\u0259n v\u0259 Az\u0259rbaycandan olan bir [&hellip;]<\/p>","protected":false},"author":2,"featured_media":3637,"comment_status":"closed","ping_status":"closed","sticky":false,"template":"","format":"standard","meta":[],"categories":[137],"tags":[197,192,189,191,190],"_links":{"self":[{"href":"https:\/\/legacy.dia.edu.az\/ru\/wp-json\/wp\/v2\/posts\/3636"}],"collection":[{"href":"https:\/\/legacy.dia.edu.az\/ru\/wp-json\/wp\/v2\/posts"}],"about":[{"href":"https:\/\/legacy.dia.edu.az\/ru\/wp-json\/wp\/v2\/types\/post"}],"author":[{"embeddable":true,"href":"https:\/\/legacy.dia.edu.az\/ru\/wp-json\/wp\/v2\/users\/2"}],"replies":[{"embeddable":true,"href":"https:\/\/legacy.dia.edu.az\/ru\/wp-json\/wp\/v2\/comments?post=3636"}],"version-history":[{"count":0,"href":"https:\/\/legacy.dia.edu.az\/ru\/wp-json\/wp\/v2\/posts\/3636\/revisions"}],"wp:featuredmedia":[{"embeddable":true,"href":"https:\/\/legacy.dia.edu.az\/ru\/wp-json\/wp\/v2\/media\/3637"}],"wp:attachment":[{"href":"https:\/\/legacy.dia.edu.az\/ru\/wp-json\/wp\/v2\/media?parent=3636"}],"wp:term":[{"taxonomy":"category","embeddable":true,"href":"https:\/\/legacy.dia.edu.az\/ru\/wp-json\/wp\/v2\/categories?post=3636"},{"taxonomy":"post_tag","embeddable":true,"href":"https:\/\/legacy.dia.edu.az\/ru\/wp-json\/wp\/v2\/tags?post=3636"}],"curies":[{"name":"wp","href":"https:\/\/api.w.org\/{rel}","templated":true}]}}