{"id":3516,"date":"2014-04-22T15:15:00","date_gmt":"2014-04-22T12:15:00","guid":{"rendered":"https:\/\/dia.edu.az\/?p=3516"},"modified":"2021-03-07T15:22:58","modified_gmt":"2021-03-07T12:22:58","slug":"dovl%c9%99t-idar%c9%99cilik-akademiyasi-%c9%99m%c9%99kdaslarinin-t%c9%99r%c9%99qqi-medali-il%c9%99-t%c9%99ltif-edilm%c9%99si-haqqinda-az%c9%99rbaycan-respublikasi-prezidentinin-s","status":"publish","type":"post","link":"https:\/\/legacy.dia.edu.az\/ru\/arxivl\u0259r\/3516","title":{"rendered":"D\u00f6vl\u0259t \u0130dar\u0259\u00e7ilik Akademiyas\u0131 \u0259m\u0259kda\u015flar\u0131n\u0131n \u201cT\u0259r\u0259qqi\u201d medal\u0131 il\u0259 t\u0259ltif edilm\u0259si haqq\u0131nda Az\u0259rbaycan Respublikas\u0131 Prezidentinin S\u0259r\u0259ncam\u0131"},"content":{"rendered":"<p><strong>D\u00f6vl\u0259t \u0130dar\u0259\u00e7ilik Akademiyas\u0131 \u0259m\u0259kda\u015flar\u0131n\u0131n \u201cT\u0259r\u0259qqi\u201d medal\u0131 il\u0259 t\u0259ltif edilm\u0259si haqq\u0131nda Az\u0259rbaycan Respublikas\u0131 Prezidentinin S\u0259r\u0259ncam\u0131<\/strong><\/p>\n\n\n\n<p>Az\u0259rbaycan Respublikas\u0131 Konstitusiyas\u0131n\u0131n 109-cu madd\u0259sinin 23-c\u00fc b\u0259ndini r\u0259hb\u0259r tutaraq q\u0259rara al\u0131ram:<\/p>\n\n\n\n<p>Az\u0259rbaycanda t\u0259hsilin inki\u015faf\u0131ndak\u0131 xidm\u0259tl\u0259rin\u0259 g\u00f6r\u0259 Az\u0259rbaycan Respublikas\u0131n\u0131n Prezidenti yan\u0131nda D\u00f6vl\u0259t \u0130dar\u0259\u00e7ilik Akademiyas\u0131n\u0131n a\u015fa\u011f\u0131dak\u0131 \u0259m\u0259kda\u015flar\u0131 \u201cT\u0259r\u0259qqi\u201d medal\u0131 il\u0259 t\u0259ltif edilsinl\u0259r:<\/p>\n\n\n\n<ol><li>Ba\u011f\u0131rov Zaur Siyavu\u015f o\u011flu<\/li><li>B\u0259d\u0259lov Tahir Nadir o\u011flu<\/li><li>Cahangirova Sevil Adilovna<\/li><li>\u00c7inani S\u00fcr\u0259yya A\u011fababa q\u0131z\u0131<\/li><li>\u018fliyev Sakit Hacal\u0131 o\u011flu<\/li><li>H\u00fcseynov Muxtar \u015e\u0259ms\u0259ddin o\u011flu<\/li><li>K\u0259rimova M\u0259l\u0259k L\u0259tif q\u0131z\u0131<\/li><li>Qas\u0131mova Yelena Vladimirovna<\/li><li>M\u0259mm\u0259dova S\u0259daq\u0259t Mahmud q\u0131z\u0131<\/li><\/ol>\n\n\n\n<p>\u0130lham \u018fliyev<\/p>\n\n\n\n<p>Az\u0259rbaycan Respublikas\u0131n\u0131n Prezidenti<\/p>\n\n\n\n<p>Bak\u0131 \u015f\u0259h\u0259ri, 22 aprel 2014-c\u00fc il.<\/p>\n\n\n\n<p>***<\/p>\n\n\n\n<p>Az\u0259rbaycan Respublikas\u0131n\u0131n Prezidenti yan\u0131nda D\u00f6vl\u0259t \u0130dar\u0259\u00e7ilik Akademiyas\u0131 \u0259m\u0259kda\u015flar\u0131na \u201c\u018fm\u0259kdar M\u00fc\u0259llim\u201d f\u0259xri ad\u0131n\u0131n verilm\u0259si haqq\u0131nda Az\u0259rbaycan Respublikas\u0131 Prezidentinin S\u0259r\u0259ncam\u0131<\/p>\n\n\n\n<p>Az\u0259rbaycan Respublikas\u0131 Konstitusiyas\u0131n\u0131n 109-cu madd\u0259sinin 32-ci b\u0259ndini r\u0259hb\u0259r tutaraq q\u0259rara al\u0131ram:<\/p>\n\n\n\n<p>Az\u0259rbaycanda t\u0259hsilin inki\u015faf\u0131ndak\u0131 xidm\u0259tl\u0259rin\u0259 g\u00f6r\u0259 Az\u0259rbaycan Respublikas\u0131n\u0131n Prezidenti yan\u0131nda D\u00f6vl\u0259t \u0130dar\u0259\u00e7ilik Akademiyas\u0131n\u0131n a\u015fa\u011f\u0131dak\u0131 \u0259m\u0259kda\u015flar\u0131na \u201c\u018fm\u0259kdar M\u00fc\u0259llim\u201d f\u0259xri ad\u0131 verilsin:<\/p>\n\n\n\n<ol><li>A\u011falarova \u015e\u0259hla K\u00f6\u00e7\u0259ri q\u0131z\u0131<\/li><li>Babayeva Sevil Sultanovna<\/li><li>\u018fhm\u0259dova Firdovsiy\u0259 Firdovsi q\u0131z\u0131<\/li><li>Quliyev Musa Nizam o\u011flu<\/li><li>Na\u011f\u0131yev F\u0259xr\u0259ddin Ta\u011f\u0131 o\u011flu<\/li><\/ol>\n\n\n\n<p>\u0130lham \u018fliyev<\/p>\n\n\n\n<p>Az\u0259rbaycan Respublikas\u0131n\u0131n Prezidenti<\/p>\n\n\n\n<p>Bak\u0131 \u015f\u0259h\u0259ri, 22 aprel 2014-c\u00fc il.<\/p>\n\n\n\n<p><a href=\"https:\/\/www.president.az\/\" data-type=\"URL\" data-id=\"https:\/\/www.president.az\/\" target=\"_blank\" rel=\"noreferrer noopener\">www.president.az<\/a><\/p>","protected":false},"excerpt":{"rendered":"<p>D\u00f6vl\u0259t \u0130dar\u0259\u00e7ilik Akademiyas\u0131 \u0259m\u0259kda\u015flar\u0131n\u0131n \u201cT\u0259r\u0259qqi\u201d medal\u0131 il\u0259 t\u0259ltif edilm\u0259si haqq\u0131nda Az\u0259rbaycan Respublikas\u0131 Prezidentinin S\u0259r\u0259ncam\u0131 Az\u0259rbaycan Respublikas\u0131 Konstitusiyas\u0131n\u0131n 109-cu madd\u0259sinin 23-c\u00fc b\u0259ndini r\u0259hb\u0259r tutaraq q\u0259rara al\u0131ram: Az\u0259rbaycanda t\u0259hsilin inki\u015faf\u0131ndak\u0131 xidm\u0259tl\u0259rin\u0259 g\u00f6r\u0259 Az\u0259rbaycan Respublikas\u0131n\u0131n Prezidenti yan\u0131nda D\u00f6vl\u0259t \u0130dar\u0259\u00e7ilik Akademiyas\u0131n\u0131n a\u015fa\u011f\u0131dak\u0131 \u0259m\u0259kda\u015flar\u0131 \u201cT\u0259r\u0259qqi\u201d medal\u0131 il\u0259 t\u0259ltif edilsinl\u0259r: Ba\u011f\u0131rov Zaur Siyavu\u015f o\u011flu B\u0259d\u0259lov Tahir Nadir o\u011flu Cahangirova Sevil Adilovna [&hellip;]<\/p>","protected":false},"author":2,"featured_media":3517,"comment_status":"closed","ping_status":"closed","sticky":false,"template":"","format":"standard","meta":[],"categories":[137],"tags":[197,192,189,191,190],"_links":{"self":[{"href":"https:\/\/legacy.dia.edu.az\/ru\/wp-json\/wp\/v2\/posts\/3516"}],"collection":[{"href":"https:\/\/legacy.dia.edu.az\/ru\/wp-json\/wp\/v2\/posts"}],"about":[{"href":"https:\/\/legacy.dia.edu.az\/ru\/wp-json\/wp\/v2\/types\/post"}],"author":[{"embeddable":true,"href":"https:\/\/legacy.dia.edu.az\/ru\/wp-json\/wp\/v2\/users\/2"}],"replies":[{"embeddable":true,"href":"https:\/\/legacy.dia.edu.az\/ru\/wp-json\/wp\/v2\/comments?post=3516"}],"version-history":[{"count":0,"href":"https:\/\/legacy.dia.edu.az\/ru\/wp-json\/wp\/v2\/posts\/3516\/revisions"}],"wp:featuredmedia":[{"embeddable":true,"href":"https:\/\/legacy.dia.edu.az\/ru\/wp-json\/wp\/v2\/media\/3517"}],"wp:attachment":[{"href":"https:\/\/legacy.dia.edu.az\/ru\/wp-json\/wp\/v2\/media?parent=3516"}],"wp:term":[{"taxonomy":"category","embeddable":true,"href":"https:\/\/legacy.dia.edu.az\/ru\/wp-json\/wp\/v2\/categories?post=3516"},{"taxonomy":"post_tag","embeddable":true,"href":"https:\/\/legacy.dia.edu.az\/ru\/wp-json\/wp\/v2\/tags?post=3516"}],"curies":[{"name":"wp","href":"https:\/\/api.w.org\/{rel}","templated":true}]}}