{"id":3405,"date":"2013-05-07T14:30:00","date_gmt":"2013-05-07T11:30:00","guid":{"rendered":"https:\/\/dia.edu.az\/?p=3405"},"modified":"2021-03-04T14:47:29","modified_gmt":"2021-03-04T11:47:29","slug":"g%c9%99ncl%c9%99r-beyn%c9%99lxalq-aciq-kubok-yarisinda-istirak-edib","status":"publish","type":"post","link":"https:\/\/legacy.dia.edu.az\/ru\/arxivl\u0259r\/3405","title":{"rendered":"G\u0259ncl\u0259r Beyn\u0259lxalq A\u00e7\u0131q Kubok Yar\u0131\u015f\u0131nda i\u015ftirak edib"},"content":{"rendered":"<p><strong>G\u0259ncl\u0259r Beyn\u0259lxalq A\u00e7\u0131q Kubok Yar\u0131\u015f\u0131nda i\u015ftirak edib<\/strong><\/p>\n\n\n\n<p>Az\u0259rbaycan Respublikas\u0131n\u0131n Prezidenti yan\u0131nda D\u00f6vl\u0259t \u0130dar\u0259\u00e7ilik Akademiyas\u0131 H\u0259mkarlar \u0130ttifaq\u0131 Komit\u0259sinin g\u0259ncl\u0259rd\u0259n ibar\u0259t komandas\u0131 Az\u0259rbaycan xalq\u0131n\u0131n \u00fcmummilli lideri Heyd\u0259r \u018fliyevin 90 illik yubileyin\u0259 h\u0259sr olunmu\u015f s\u0259mti m\u00fc\u0259yy\u0259n etm\u0259 idman\u0131 \u00fczr\u0259 Birinci Beyn\u0259lxalq A\u00e7\u0131q Kubok Yar\u0131\u015f\u0131nda i\u015ftirak edib. Az\u0259rbaycan Respublikas\u0131 S\u0259mti M\u00fc\u0259yy\u0259n Etm\u0259 \u0130dman Federasiyas\u0131 v\u0259 Az\u0259rbaycan Respublikas\u0131 G\u0259ncl\u0259r v\u0259 \u0130dman Nazirliyi t\u0259r\u0259find\u0259n Vergil\u0259r Nazirliyi, M\u0259d\u0259niyy\u0259t v\u0259 Turizm Nazirliyi, X\u00fcsusi D\u00f6vl\u0259t M\u00fchafiz\u0259 Xidm\u0259ti, Az\u0259rbaycan Respublikas\u0131 D\u00f6vl\u0259t S\u0259rh\u0259d Xidm\u0259ti, Az\u0259rbaycan Respublikas\u0131 Xa\u00e7maz rayon \u0130cra Hakimiyy\u0259ti, el\u0259c\u0259 d\u0259 Ukraynan\u0131n Az\u0259rbaycandak\u0131 s\u0259firliyinin d\u0259st\u0259yi il\u0259 ba\u015f tutan t\u0259dbird\u0259 Az\u0259rbaycan Respublikas\u0131n\u0131n Prezidenti yan\u0131nda D\u00f6vl\u0259t \u0130dar\u0259\u00e7ilik Akademiyas\u0131 H\u0259mkarlar \u0130ttifaq\u0131 Komit\u0259sinin g\u0259ncl\u0259rd\u0259n ibar\u0259t komandas\u0131 u\u011furlu i\u015ftirak edib v\u0259 f\u0259rdi oyunlarda komandan\u0131n \u00fczv\u00fcl\u0259ri II v\u0259 IV yer\u0259 layiq g\u00f6r\u00fcl\u00fcbl\u0259r.<\/p>\n\n\n\n<figure class=\"wp-container-2 wp-block-gallery-1 wp-block-gallery columns-2 is-cropped\"><ul class=\"blocks-gallery-grid\"><li class=\"blocks-gallery-item\"><figure><img src=\"https:\/\/dia.edu.az\/wp-content\/uploads\/2021\/03\/2-9-rotated-e1614857880581.jpg\" alt=\"\" data-id=\"3406\" data-full-url=\"https:\/\/dia.edu.az\/wp-content\/uploads\/2021\/03\/2-9-rotated-e1614857880581.jpg\" data-link=\"https:\/\/dia.edu.az\/?attachment_id=3406\" class=\"wp-image-3406\"\/><\/figure><\/li><li class=\"blocks-gallery-item\"><figure><img width=\"640\" height=\"480\" src=\"https:\/\/dia.edu.az\/wp-content\/uploads\/2021\/03\/3-9-rotated-e1614858189385.jpg\" alt=\"\" data-id=\"3418\" data-full-url=\"https:\/\/dia.edu.az\/wp-content\/uploads\/2021\/03\/3-9-rotated-e1614858189385.jpg\" data-link=\"https:\/\/dia.edu.az\/?attachment_id=3418\" class=\"wp-image-3418\" srcset=\"https:\/\/legacy.dia.edu.az\/wp-content\/uploads\/2021\/03\/3-9-rotated-e1614858189385.jpg 640w, https:\/\/legacy.dia.edu.az\/wp-content\/uploads\/2021\/03\/3-9-rotated-e1614858189385-300x225.jpg 300w\" sizes=\"(max-width: 640px) 100vw, 640px\" \/><\/figure><\/li><\/ul><\/figure>","protected":false},"excerpt":{"rendered":"<p>G\u0259ncl\u0259r Beyn\u0259lxalq A\u00e7\u0131q Kubok Yar\u0131\u015f\u0131nda i\u015ftirak edib Az\u0259rbaycan Respublikas\u0131n\u0131n Prezidenti yan\u0131nda D\u00f6vl\u0259t \u0130dar\u0259\u00e7ilik Akademiyas\u0131 H\u0259mkarlar \u0130ttifaq\u0131 Komit\u0259sinin g\u0259ncl\u0259rd\u0259n ibar\u0259t komandas\u0131 Az\u0259rbaycan xalq\u0131n\u0131n \u00fcmummilli lideri Heyd\u0259r \u018fliyevin 90 illik yubileyin\u0259 h\u0259sr olunmu\u015f s\u0259mti m\u00fc\u0259yy\u0259n etm\u0259 idman\u0131 \u00fczr\u0259 Birinci Beyn\u0259lxalq A\u00e7\u0131q Kubok Yar\u0131\u015f\u0131nda i\u015ftirak edib. Az\u0259rbaycan Respublikas\u0131 S\u0259mti M\u00fc\u0259yy\u0259n Etm\u0259 \u0130dman Federasiyas\u0131 v\u0259 Az\u0259rbaycan Respublikas\u0131 G\u0259ncl\u0259r v\u0259 [&hellip;]<\/p>","protected":false},"author":2,"featured_media":3418,"comment_status":"closed","ping_status":"closed","sticky":false,"template":"","format":"standard","meta":[],"categories":[137],"tags":[192,189,191,190],"_links":{"self":[{"href":"https:\/\/legacy.dia.edu.az\/ru\/wp-json\/wp\/v2\/posts\/3405"}],"collection":[{"href":"https:\/\/legacy.dia.edu.az\/ru\/wp-json\/wp\/v2\/posts"}],"about":[{"href":"https:\/\/legacy.dia.edu.az\/ru\/wp-json\/wp\/v2\/types\/post"}],"author":[{"embeddable":true,"href":"https:\/\/legacy.dia.edu.az\/ru\/wp-json\/wp\/v2\/users\/2"}],"replies":[{"embeddable":true,"href":"https:\/\/legacy.dia.edu.az\/ru\/wp-json\/wp\/v2\/comments?post=3405"}],"version-history":[{"count":0,"href":"https:\/\/legacy.dia.edu.az\/ru\/wp-json\/wp\/v2\/posts\/3405\/revisions"}],"wp:featuredmedia":[{"embeddable":true,"href":"https:\/\/legacy.dia.edu.az\/ru\/wp-json\/wp\/v2\/media\/3418"}],"wp:attachment":[{"href":"https:\/\/legacy.dia.edu.az\/ru\/wp-json\/wp\/v2\/media?parent=3405"}],"wp:term":[{"taxonomy":"category","embeddable":true,"href":"https:\/\/legacy.dia.edu.az\/ru\/wp-json\/wp\/v2\/categories?post=3405"},{"taxonomy":"post_tag","embeddable":true,"href":"https:\/\/legacy.dia.edu.az\/ru\/wp-json\/wp\/v2\/tags?post=3405"}],"curies":[{"name":"wp","href":"https:\/\/api.w.org\/{rel}","templated":true}]}}