{"id":3389,"date":"2013-05-07T14:23:00","date_gmt":"2013-05-07T11:23:00","guid":{"rendered":"https:\/\/dia.edu.az\/?p=3389"},"modified":"2021-03-04T14:27:35","modified_gmt":"2021-03-04T11:27:35","slug":"dovl%c9%99t-idar%c9%99ciliyi-n%c9%99z%c9%99riyy%c9%99-v%c9%99-t%c9%99crub%c9%99-jurnalinin-xususi-buraxilisinin-t%c9%99qdimati-kecirilmisdir","status":"publish","type":"post","link":"https:\/\/legacy.dia.edu.az\/ru\/arxivl\u0259r\/3389","title":{"rendered":"\u201cD\u00f6vl\u0259t idar\u0259\u00e7iliyi: n\u0259z\u0259riyy\u0259 v\u0259 t\u0259cr\u00fcb\u0259\u201d jurnal\u0131n\u0131n x\u00fcsusi burax\u0131l\u0131\u015f\u0131n\u0131n t\u0259qdimat\u0131 ke\u00e7irilmi\u015fdir"},"content":{"rendered":"<p><strong>\u201cD\u00f6vl\u0259t idar\u0259\u00e7iliyi: n\u0259z\u0259riyy\u0259 v\u0259 t\u0259cr\u00fcb\u0259\u201d jurnal\u0131n\u0131n x\u00fcsusi burax\u0131l\u0131\u015f\u0131n\u0131n t\u0259qdimat\u0131 ke\u00e7irilmi\u015fdir<\/strong><\/p>\n\n\n\n<p>Az\u0259rbaycan Respublikas\u0131n\u0131n Prezidenti yan\u0131nda D\u00f6vl\u0259t \u0130dar\u0259\u00e7ilik Akademiyas\u0131nda Az\u0259rbaycan xalq\u0131n\u0131n \u00fcmummilli lideri Heyd\u0259r \u018fliyevin anadan olmas\u0131n\u0131n 90-c\u0131 ild\u00f6n\u00fcm\u00fcn\u0259 h\u0259sr olunmu\u015f D\u00f6vl\u0259t \u0130dar\u0259\u00e7ilik Akademiyas\u0131n\u0131n n\u0259\u015fri olan \u201cD\u00f6vl\u0259t idar\u0259\u00e7iliyi: n\u0259z\u0259riyy\u0259 v\u0259 t\u0259cr\u00fcb\u0259\u201d jurnal\u0131n\u0131n x\u00fcsusi burax\u0131l\u0131\u015f\u0131n\u0131n t\u0259qdimat\u0131 ke\u00e7irilmi\u015fdir.&nbsp;<br>A\u00e7\u0131l\u0131\u015f nitqi il\u0259 \u00e7\u0131x\u0131\u015f ed\u0259n D\u00f6vl\u0259t \u0130dar\u0259\u00e7ilik Akademiyas\u0131n\u0131n rektoru, akademik Urxan \u018fl\u0259kb\u0259rov bu g\u00fcnl\u0259rd\u0259 d\u00fcnyan\u0131n m\u00fcxt\u0259lif yerl\u0259rind\u0259 m\u00fcst\u0259qil d\u00f6vl\u0259timizin qurucusu, Az\u0259rbaycan\u0131n XX \u0259srd\u0259 yetirdiyi dahi \u015f\u0259xsiyy\u0259t Heyd\u0259r \u018fliyevin anadan olmas\u0131n\u0131n 90-c\u0131 ild\u00f6n\u00fcm\u00fcn\u00fc b\u00f6y\u00fck ruh y\u00fcks\u0259kliyi il\u0259 qeyd edildiyini, onun xalq, v\u0259t\u0259n qar\u015f\u0131s\u0131ndak\u0131 xidm\u0259tl\u0259rinin bir daha xat\u0131rland\u0131\u011f\u0131n\u0131, ulu \u00f6nd\u0259rin \u0259ziz xatir\u0259sinin d\u0259rin ehtiramla yad olundu\u011funu diqq\u0259t\u0259 \u00e7atd\u0131rd\u0131.&nbsp;<br>Heyd\u0259r \u018fliyev irsini Az\u0259rbaycan xalq\u0131n\u0131n milli s\u0259rv\u0259ti kimi qiym\u0259tl\u0259ndir\u0259n natiq Heyd\u0259r \u018fliyevin z\u0259ngin d\u00f6vl\u0259t\u00e7ilik t\u0259cr\u00fcb\u0259sinin \u00f6yr\u0259nilm\u0259sinin z\u0259ruriliyini, onun b\u00f6y\u00fck \u0259h\u0259miyy\u0259t\u0259 malik oldu\u011funu qeyd etmi\u015f, bu irsin layiqli davam\u00e7\u0131s\u0131 \u00f6lk\u0259 ba\u015f\u00e7\u0131s\u0131 c\u0259nab \u0130lham \u018fliyevin g\u00f6rd\u00fcy\u00fc i\u015fl\u0259r n\u0259tic\u0259sind\u0259 Az\u0259rbaycan\u0131n bu g\u00fcn s\u00fcr\u0259tl\u0259 inki\u015faf etdiyini qeyd etmi\u015fdir.<br>Daha sonra D\u00f6vl\u0259t \u0130dar\u0259\u00e7ilik Akademiyas\u0131n\u0131n n\u0259\u015fri olan \u201cD\u00f6vl\u0259t idar\u0259\u00e7iliyi: n\u0259z\u0259riyy\u0259 v\u0259 t\u0259cr\u00fcb\u0259\u201d jurnal\u0131 bar\u0259d\u0259 qeyd etdi ki, jurnalda \u0259sas\u0259n d\u00f6vl\u0259t idar\u0259\u00e7iliyinin&nbsp; s\u0259m\u0259r\u0259liliyi, idar\u0259etm\u0259 sistemind\u0259 innovatin mexanizml\u0259rin t\u0259tbiqi v\u0259 t\u0259qdidata c\u0259lb edilm\u0259si, elm v\u0259 inki\u015faf\u0131n planla\u015fd\u0131r\u0131lmas\u0131, davaml\u0131 inki\u015faf, ekoloji sivilizasiya v\u0259 s. bu kimi m\u00f6vzular prioritet t\u0259\u015fkil etm\u0259kd\u0259dir. &nbsp;<br>T\u0259qdimat m\u0259rasimind\u0259 \u00e7\u0131x\u0131\u015f ed\u0259n Prezident Administrasiyas\u0131n\u0131n \u0130ctimai-siyasi m\u0259s\u0259l\u0259l\u0259r \u015f\u00f6b\u0259sinin m\u00fcdiri, professor \u018fli H\u0259s\u0259nov \u201cD\u00f6vl\u0259t idar\u0259\u00e7iliyi: n\u0259z\u0259riyy\u0259 v\u0259 t\u0259cr\u00fcb\u0259\u201d jurnal\u0131n\u0131n x\u00fcsusi burax\u0131l\u0131\u015f\u0131n\u0131n \u00fcmummilli lider Heyd\u0259r \u018fliyevin 90 illik yubileyin\u0259 h\u0259sr olunmas\u0131n\u0131n \u0259h\u0259miyy\u0259tli hadis\u0259 kimi qiym\u0259tl\u0259ndirmi\u015fdir. \u00dcmummilli lider Heyd\u0259r \u018fliyevin xidm\u0259tl\u0259rind\u0259n s\u00f6z a\u00e7araq Az\u0259rbaycan\u0131n d\u00f6vl\u0259t\u00e7ilik tarixin\u0259 ad\u0131 q\u0131z\u0131l h\u0259rfl\u0259rl\u0259 h\u0259kk olunan Heyd\u0259r \u018fliyev irsini h\u0259r bir az\u0259rbaycanl\u0131 \u00fc\u00e7\u00fcn daim \u00f6yr\u0259nil\u0259si bir m\u0259kt\u0259b oldu\u011funu bildirmi\u015fdir. Natiq bu g\u00fcn ulu \u00f6nd\u0259rin layiqli davam\u00e7\u0131s\u0131 c\u0259nab prezident \u0130lham \u018fliyevin apard\u0131\u011f\u0131 daxili v\u0259 xarici siyas\u0259t n\u0259tic\u0259sind\u0259 \u00f6lk\u0259mizin d\u00fcnyan\u0131n diqq\u0259t m\u0259rk\u0259zind\u0259 oldu\u011funu vur\u011fulam\u0131\u015f, Az\u0259rbaycan\u0131n beyn\u0259lxalq al\u0259md\u0259 sabit v\u0259 q\u00fcdr\u0259tli bir d\u00f6vl\u0259t kimi yer tutdu\u011funu demi\u015fdir.<\/p>\n\n\n\n<p>\u00c7\u0131x\u0131\u015f ed\u0259n Nizami Rayon \u0130cra Hakimiyy\u0259tinin ba\u015f\u00e7\u0131s\u0131, Tahir Budaqov, \u0130ordaniya Ha\u015fimil\u0259r Krall\u0131\u011f\u0131n\u0131n Az\u0259rbaycan Respublikas\u0131ndak\u0131 f\u00f6vq\u0259lad\u0259 v\u0259 s\u0259lahiyy\u0259tli s\u0259firi\u00a0 Adel Mohammed Adaileh , Q\u0131r\u011f\u0131z\u0131stan Respublikas\u0131n\u0131n Az\u0259rbaycan Respublikas\u0131ndak\u0131 f\u00f6vq\u0259lad\u0259 v\u0259 s\u0259lahiyy\u0259tli s\u0259firi Aycigit Buranov, \u00d6zb\u0259kisdan Respublikas\u0131n\u0131n Az\u0259rbaycan Respublikas\u0131ndak\u0131 f\u00f6vq\u0259lad\u0259 v\u0259 s\u0259lahiyy\u0259tli s\u0259firi \u015eerzod Fayziyev, Belarus Republikas\u0131n\u0131n Az\u0259rbaycan Respublikas\u0131ndak\u0131 f\u00f6vq\u0259lad\u0259 v\u0259 s\u0259lahiyy\u0259\u0131tli s\u0259firi Nikolay Patskevi\u00e7 v\u0259 dig\u0259r natiql\u0259r b\u00fct\u00fcn d\u00fcnyada tan\u0131nan g\u00f6rk\u0259mli siyas\u0259t\u00e7i, m\u00fcst\u0259qil Az\u0259rbaycan d\u00f6vl\u0259tinin memar\u0131 v\u0259 qurucusu, h\u0259yat\u0131n\u0131 xalq\u0131na, v\u0259t\u0259nin\u0259 h\u0259sr ed\u0259n ulu \u00f6nd\u0259r Heyd\u0259r \u018fliyevin Az\u0259rbaycan tarixind\u0259 m\u00fcasir m\u00fcst\u0259qil d\u00f6vl\u0259timizin yaranmas\u0131nda, inki\u015faf\u0131nda v\u0259 d\u00fcnyaya tan\u0131nmas\u0131nda misilsiz tarixi xidm\u0259tl\u0259rind\u0259n dan\u0131\u015fm\u0131\u015f, b\u00f6y\u00fck xilaskarl\u0131q rolunu vur\u011fulam\u0131\u015fd\u0131r. Ulu \u00f6nd\u0259rin 90 illiyi \u0259r\u0259f\u0259sind\u0259 jurnalda \u00fcmummilli liderin h\u0259yat v\u0259 f\u0259aliyy\u0259tin\u0259 h\u0259sr edilmi\u015f m\u0259qal\u0259l\u0259rin elmi \u0259saslanmalar\u0131n\u0131n \u0259h\u0259miyy\u0259tini, elmi-akademik dair\u0259l\u0259r, t\u0259dqiqat\u00e7\u0131lar, d\u00f6vl\u0259t idar\u0259\u00e7iliyi sah\u0259sind\u0259 ixtisasla\u015fan g\u0259nc kadrlar \u00fc\u00e7\u00fcn d\u0259y\u0259rli m\u0259nb\u0259 oldu\u011funu bildirmi\u015fdil\u0259r.<\/p>\n\n\n\n<figure class=\"wp-container-2 wp-block-gallery-1 wp-block-gallery columns-2 is-cropped\"><ul class=\"blocks-gallery-grid\"><li class=\"blocks-gallery-item\"><figure><img width=\"640\" height=\"426\" src=\"https:\/\/dia.edu.az\/wp-content\/uploads\/2021\/03\/1-11.jpg\" alt=\"\" data-id=\"3390\" data-full-url=\"https:\/\/dia.edu.az\/wp-content\/uploads\/2021\/03\/1-11.jpg\" data-link=\"https:\/\/dia.edu.az\/?attachment_id=3390\" class=\"wp-image-3390\" srcset=\"https:\/\/legacy.dia.edu.az\/wp-content\/uploads\/2021\/03\/1-11.jpg 640w, https:\/\/legacy.dia.edu.az\/wp-content\/uploads\/2021\/03\/1-11-300x200.jpg 300w, https:\/\/legacy.dia.edu.az\/wp-content\/uploads\/2021\/03\/1-11-150x100.jpg 150w, https:\/\/legacy.dia.edu.az\/wp-content\/uploads\/2021\/03\/1-11-300x200@2x.jpg 600w\" sizes=\"(max-width: 640px) 100vw, 640px\" \/><\/figure><\/li><li class=\"blocks-gallery-item\"><figure><img width=\"640\" height=\"426\" src=\"https:\/\/dia.edu.az\/wp-content\/uploads\/2021\/03\/2-8.jpg\" alt=\"\" data-id=\"3393\" data-full-url=\"https:\/\/dia.edu.az\/wp-content\/uploads\/2021\/03\/2-8.jpg\" data-link=\"https:\/\/dia.edu.az\/?attachment_id=3393\" class=\"wp-image-3393\" srcset=\"https:\/\/legacy.dia.edu.az\/wp-content\/uploads\/2021\/03\/2-8.jpg 640w, https:\/\/legacy.dia.edu.az\/wp-content\/uploads\/2021\/03\/2-8-300x200.jpg 300w, https:\/\/legacy.dia.edu.az\/wp-content\/uploads\/2021\/03\/2-8-150x100.jpg 150w, https:\/\/legacy.dia.edu.az\/wp-content\/uploads\/2021\/03\/2-8-300x200@2x.jpg 600w\" sizes=\"(max-width: 640px) 100vw, 640px\" \/><\/figure><\/li><\/ul><\/figure>","protected":false},"excerpt":{"rendered":"<p>\u201cD\u00f6vl\u0259t idar\u0259\u00e7iliyi: n\u0259z\u0259riyy\u0259 v\u0259 t\u0259cr\u00fcb\u0259\u201d jurnal\u0131n\u0131n x\u00fcsusi burax\u0131l\u0131\u015f\u0131n\u0131n t\u0259qdimat\u0131 ke\u00e7irilmi\u015fdir Az\u0259rbaycan Respublikas\u0131n\u0131n Prezidenti yan\u0131nda D\u00f6vl\u0259t \u0130dar\u0259\u00e7ilik Akademiyas\u0131nda Az\u0259rbaycan xalq\u0131n\u0131n \u00fcmummilli lideri Heyd\u0259r \u018fliyevin anadan olmas\u0131n\u0131n 90-c\u0131 ild\u00f6n\u00fcm\u00fcn\u0259 h\u0259sr olunmu\u015f D\u00f6vl\u0259t \u0130dar\u0259\u00e7ilik Akademiyas\u0131n\u0131n n\u0259\u015fri olan \u201cD\u00f6vl\u0259t idar\u0259\u00e7iliyi: n\u0259z\u0259riyy\u0259 v\u0259 t\u0259cr\u00fcb\u0259\u201d jurnal\u0131n\u0131n x\u00fcsusi burax\u0131l\u0131\u015f\u0131n\u0131n t\u0259qdimat\u0131 ke\u00e7irilmi\u015fdir.&nbsp;A\u00e7\u0131l\u0131\u015f nitqi il\u0259 \u00e7\u0131x\u0131\u015f ed\u0259n D\u00f6vl\u0259t \u0130dar\u0259\u00e7ilik Akademiyas\u0131n\u0131n rektoru, akademik Urxan \u018fl\u0259kb\u0259rov [&hellip;]<\/p>","protected":false},"author":2,"featured_media":3396,"comment_status":"closed","ping_status":"closed","sticky":false,"template":"","format":"standard","meta":[],"categories":[137],"tags":[197,192,189,191,190],"_links":{"self":[{"href":"https:\/\/legacy.dia.edu.az\/ru\/wp-json\/wp\/v2\/posts\/3389"}],"collection":[{"href":"https:\/\/legacy.dia.edu.az\/ru\/wp-json\/wp\/v2\/posts"}],"about":[{"href":"https:\/\/legacy.dia.edu.az\/ru\/wp-json\/wp\/v2\/types\/post"}],"author":[{"embeddable":true,"href":"https:\/\/legacy.dia.edu.az\/ru\/wp-json\/wp\/v2\/users\/2"}],"replies":[{"embeddable":true,"href":"https:\/\/legacy.dia.edu.az\/ru\/wp-json\/wp\/v2\/comments?post=3389"}],"version-history":[{"count":0,"href":"https:\/\/legacy.dia.edu.az\/ru\/wp-json\/wp\/v2\/posts\/3389\/revisions"}],"wp:featuredmedia":[{"embeddable":true,"href":"https:\/\/legacy.dia.edu.az\/ru\/wp-json\/wp\/v2\/media\/3396"}],"wp:attachment":[{"href":"https:\/\/legacy.dia.edu.az\/ru\/wp-json\/wp\/v2\/media?parent=3389"}],"wp:term":[{"taxonomy":"category","embeddable":true,"href":"https:\/\/legacy.dia.edu.az\/ru\/wp-json\/wp\/v2\/categories?post=3389"},{"taxonomy":"post_tag","embeddable":true,"href":"https:\/\/legacy.dia.edu.az\/ru\/wp-json\/wp\/v2\/tags?post=3389"}],"curies":[{"name":"wp","href":"https:\/\/api.w.org\/{rel}","templated":true}]}}