{"id":3364,"date":"2013-05-03T14:07:00","date_gmt":"2013-05-03T11:07:00","guid":{"rendered":"https:\/\/dia.edu.az\/?p=3364"},"modified":"2021-03-04T14:17:27","modified_gmt":"2021-03-04T11:17:27","slug":"az%c9%99rbaycan-xalqinin-umumilli-lideri-heyd%c9%99r-%c9%99liyevin-90-illik-yubileyi-il%c9%99-%c9%99laq%c9%99dar-dovl%c9%99t-idar%c9%99cilik-akademiyasi-v%c9%99-uzeyir-hacib%c9%99yli-adina-musiqi-akad","status":"publish","type":"post","link":"https:\/\/legacy.dia.edu.az\/ru\/arxivl\u0259r\/3364","title":{"rendered":"Az\u0259rbaycan xalq\u0131n\u0131n \u00fcmumilli lideri Heyd\u0259r \u018fliyevin 90 illik yubileyi il\u0259 \u0259laq\u0259dar D\u00f6vl\u0259t \u0130dar\u0259\u00e7ilik Akademiyas\u0131 v\u0259 \u00dczeyir Hac\u0131b\u0259yli ad\u0131na Musiqi Akademiyas\u0131 il\u0259 birg\u0259 t\u0259dbir ke\u00e7irilmi\u015fdir"},"content":{"rendered":"<p><strong>Az\u0259rbaycan xalq\u0131n\u0131n \u00fcmumilli lideri Heyd\u0259r \u018fliyevin 90 illik yubileyi il\u0259 \u0259laq\u0259dar D\u00f6vl\u0259t \u0130dar\u0259\u00e7ilik Akademiyas\u0131 v\u0259 \u00dczeyir Hac\u0131b\u0259yli ad\u0131na Musiqi Akademiyas\u0131 il\u0259 birg\u0259 t\u0259dbir ke\u00e7irilmi\u015fdir<\/strong><\/p>\n\n\n\n<p>T\u0259dbird\u0259 a\u00e7\u0131l\u0131\u015f nitqi il\u0259 \u00e7\u0131x\u0131\u015f ed\u0259n \u0130dar\u0259\u00e7ilik Akademiyas\u0131n\u0131n rektoru, akademik Urxan \u018fl\u0259kb\u0259rov v\u0259 Musiqi Akademiyas\u0131n\u0131n rektoru professor F\u0259rhad B\u0259d\u0259lb\u0259yli ke\u00e7iril\u0259n t\u0259dbiri \u00fcmumilli lider Heyd\u0259r \u018fliyevin t\u0259\u015f\u0259bb\u00fcs\u00fc il\u0259 ke\u00e7\u0259n \u0259srin 70-80-ci ill\u0259rind\u0259 t\u0259\u015fkil olunan \u201cKlassik musiqi\u201d gec\u0259l\u0259ri \u0259n\u0259n\u0259sinin davam\u0131 kimi planla\u015fd\u0131r\u0131ld\u0131\u011f\u0131n\u0131 qeyd etmi\u015f, h\u0259min \u0259n\u0259n\u0259ni \u0259sas g\u00f6t\u00fcr\u0259r\u0259k d\u00f6vl\u0259t t\u0259r\u0259find\u0259n h\u0259yata ke\u00e7iril\u0259n m\u0259d\u0259niyy\u0259t sah\u0259sind\u0259ki ideologiyaya uy\u011fun olaraq d\u00f6vl\u0259t idar\u0259\u00e7ilik sah\u0259sind\u0259 ixtisasla\u015fan idar\u0259\u00e7i g\u0259nc kadrlar\u0131n klassik, Avropa v\u0259 milli musiqil\u0259ri dinl\u0259m\u0259si v\u0259 onlar\u0131n \u00fcmumi d\u00fcnyag\u00f6r\u00fc\u015fl\u0259rinin formala\u015fmas\u0131na d\u0259st\u0259k m\u0259qs\u0259di il\u0259 bu layih\u0259nin h\u0259yata ke\u00e7irildiyini v\u0259 davam etdirilm\u0259si bar\u0259d\u0259 raz\u0131l\u0131\u011fa g\u0259ldikl\u0259rini bildirmi\u015fl\u0259r. Natiql\u0259r \u00f6z d\u00fchas\u0131 v\u0259 f\u0259dakar f\u0259aliyy\u0259ti il\u0259 Az\u0259rbaycana s\u00fclh, \u0259min-amanl\u0131q, firavanl\u0131q g\u0259tirmi\u015f b\u00f6y\u00fck d\u00fcnyada tan\u0131nan g\u00f6rk\u0259mli siyas\u0259t\u00e7i, m\u00fcst\u0259qil Az\u0259rbaycan d\u00f6vl\u0259tinin memar\u0131 v\u0259 qur\u0131\u0131cusu, h\u0259yat\u0131n\u0131 xalq\u0131na, V\u0259t\u0259nin\u0259 h\u0259sr ed\u0259n Ulu \u00d6nd\u0259r Heyd\u0259r \u018fliyevin Az\u0259rbaycan tarixind\u0259 demokratik v\u0259 h\u00fcquqi d\u00f6vl\u0259t q\u00fcruculu\u011funda, m\u0259d\u0259niyy\u0259t\u0259 x\u00fcsusi diqq\u0259t v\u0259 qay\u011f\u0131s\u0131 olmas\u0131n\u0131n m\u00fcst\u0259sna rolundan dan\u0131\u015fm\u0131\u015f, Heyd\u0259r \u018fliyevin xalq\u0131n\u0131 v\u0259 V\u0259t\u0259nini \u00fcr\u0259kd\u0259n sev\u0259n, onun u\u011frunda \u00e7ox b\u00f6y\u00fck f\u0259dakarl\u0131qlar g\u00f6st\u0259rmi\u015f, ad\u0131 v\u0259 \u0259m\u0259ll\u0259ri d\u00fcnya durduqca ya\u015fayacaq bir \u015f\u0259xsiyy\u0259t oldu\u011funu vur\u011fulam\u0131\u015f, onun h\u0259yat v\u0259 f\u0259aliyy\u0259tinin g\u0259l\u0259c\u0259k n\u0259sill\u0259r \u00fc\u00e7\u00fcn \u0259sl n\u00fcmun\u0259 olaca\u011f\u0131n\u0131 qeyd etmi\u015fl\u0259r. \u00dcmummilli Lider Heyd\u0259r \u018fliyevin \u00f6lk\u0259 r\u0259hb\u0259rliyin\u0259 g\u0259l\u0259n ilk ill\u0259rd\u0259n ba\u015flayaraq kadr haz\u0131rl\u0131\u011f\u0131na diqq\u0259tin art\u0131r\u0131lmas\u0131 m\u0259qs\u0259dini qoymas\u0131, insan potensial\u0131n\u0131n formala\u015fmas\u0131 v\u0259 kadrlar\u0131n u\u011furlu inki\u015faf\u0131n\u0131 h\u0259r zaman diqq\u0259t m\u0259rk\u0259zind\u0259 saxlamas\u0131n\u0131 xat\u0131rlatm\u0131\u015flar. Bu g\u00fcn d\u0259 \u00f6lk\u0259mizd\u0259 bu siyas\u0259tin u\u011furlu davam\u0131n\u0131 prezidenti \u0130lham \u018fliyevin \u00abqara q\u0131z\u0131l\u0131\u00bb \u00abinsan q\u0131z\u0131l\u0131na\u00bb \u00e7evirm\u0259k strategiyas\u0131n\u0131n \u0259sas\u0131nda dudrdu\u011funu bildirmi\u015fl\u0259r.<\/p>\n\n\n\n<p>Konsert proqram\u0131nda Q.Qarayevin, A.\u018flizad\u0259nin, Niyazinin, A.M\u0259likovun, C.Cahangirovun, Fran\u00e7esko \u00c7ilean\u0131n, V.Mustafazad\u0259nin v\u0259 dig\u0259r m\u00fc\u0259llifl\u0259rin \u0259s\u0259rl\u0259r ifa edilmi\u015f v\u0259 ifalar alq\u0131\u015flarla qar\u015f\u0131lanm\u0131\u015fd\u0131r.<\/p>\n\n\n\n<figure class=\"wp-container-2 wp-block-gallery-1 wp-block-gallery columns-3 is-cropped\"><ul class=\"blocks-gallery-grid\"><li class=\"blocks-gallery-item\"><figure><img width=\"640\" height=\"426\" src=\"https:\/\/dia.edu.az\/wp-content\/uploads\/2021\/03\/3-7.jpg\" alt=\"\" data-id=\"3365\" data-full-url=\"https:\/\/dia.edu.az\/wp-content\/uploads\/2021\/03\/3-7.jpg\" data-link=\"https:\/\/dia.edu.az\/?attachment_id=3365\" class=\"wp-image-3365\" srcset=\"https:\/\/legacy.dia.edu.az\/wp-content\/uploads\/2021\/03\/3-7.jpg 640w, https:\/\/legacy.dia.edu.az\/wp-content\/uploads\/2021\/03\/3-7-300x200.jpg 300w, https:\/\/legacy.dia.edu.az\/wp-content\/uploads\/2021\/03\/3-7-150x100.jpg 150w, https:\/\/legacy.dia.edu.az\/wp-content\/uploads\/2021\/03\/3-7-300x200@2x.jpg 600w\" sizes=\"(max-width: 640px) 100vw, 640px\" \/><\/figure><\/li><li class=\"blocks-gallery-item\"><figure><img width=\"640\" height=\"326\" src=\"https:\/\/dia.edu.az\/wp-content\/uploads\/2021\/03\/4-6.jpg\" alt=\"\" data-id=\"3368\" data-full-url=\"https:\/\/dia.edu.az\/wp-content\/uploads\/2021\/03\/4-6.jpg\" data-link=\"https:\/\/dia.edu.az\/?attachment_id=3368\" class=\"wp-image-3368\" srcset=\"https:\/\/legacy.dia.edu.az\/wp-content\/uploads\/2021\/03\/4-6.jpg 640w, https:\/\/legacy.dia.edu.az\/wp-content\/uploads\/2021\/03\/4-6-300x153.jpg 300w, https:\/\/legacy.dia.edu.az\/wp-content\/uploads\/2021\/03\/4-6-300x153@2x.jpg 600w\" sizes=\"(max-width: 640px) 100vw, 640px\" \/><\/figure><\/li><li class=\"blocks-gallery-item\"><figure><img width=\"640\" height=\"426\" src=\"https:\/\/dia.edu.az\/wp-content\/uploads\/2021\/03\/5-3.jpg\" alt=\"\" data-id=\"3371\" data-full-url=\"https:\/\/dia.edu.az\/wp-content\/uploads\/2021\/03\/5-3.jpg\" data-link=\"https:\/\/dia.edu.az\/?attachment_id=3371\" class=\"wp-image-3371\" srcset=\"https:\/\/legacy.dia.edu.az\/wp-content\/uploads\/2021\/03\/5-3.jpg 640w, https:\/\/legacy.dia.edu.az\/wp-content\/uploads\/2021\/03\/5-3-300x200.jpg 300w, https:\/\/legacy.dia.edu.az\/wp-content\/uploads\/2021\/03\/5-3-150x100.jpg 150w, https:\/\/legacy.dia.edu.az\/wp-content\/uploads\/2021\/03\/5-3-300x200@2x.jpg 600w\" sizes=\"(max-width: 640px) 100vw, 640px\" \/><\/figure><\/li><li class=\"blocks-gallery-item\"><figure><img width=\"640\" height=\"426\" src=\"https:\/\/dia.edu.az\/wp-content\/uploads\/2021\/03\/6-2.jpg\" alt=\"\" data-id=\"3374\" data-full-url=\"https:\/\/dia.edu.az\/wp-content\/uploads\/2021\/03\/6-2.jpg\" data-link=\"https:\/\/dia.edu.az\/?attachment_id=3374\" class=\"wp-image-3374\" srcset=\"https:\/\/legacy.dia.edu.az\/wp-content\/uploads\/2021\/03\/6-2.jpg 640w, https:\/\/legacy.dia.edu.az\/wp-content\/uploads\/2021\/03\/6-2-300x200.jpg 300w, https:\/\/legacy.dia.edu.az\/wp-content\/uploads\/2021\/03\/6-2-150x100.jpg 150w, https:\/\/legacy.dia.edu.az\/wp-content\/uploads\/2021\/03\/6-2-300x200@2x.jpg 600w\" sizes=\"(max-width: 640px) 100vw, 640px\" \/><\/figure><\/li><\/ul><\/figure>","protected":false},"excerpt":{"rendered":"<p>Az\u0259rbaycan xalq\u0131n\u0131n \u00fcmumilli lideri Heyd\u0259r \u018fliyevin 90 illik yubileyi il\u0259 \u0259laq\u0259dar D\u00f6vl\u0259t \u0130dar\u0259\u00e7ilik Akademiyas\u0131 v\u0259 \u00dczeyir Hac\u0131b\u0259yli ad\u0131na Musiqi Akademiyas\u0131 il\u0259 birg\u0259 t\u0259dbir ke\u00e7irilmi\u015fdir T\u0259dbird\u0259 a\u00e7\u0131l\u0131\u015f nitqi il\u0259 \u00e7\u0131x\u0131\u015f ed\u0259n \u0130dar\u0259\u00e7ilik Akademiyas\u0131n\u0131n rektoru, akademik Urxan \u018fl\u0259kb\u0259rov v\u0259 Musiqi Akademiyas\u0131n\u0131n rektoru professor F\u0259rhad B\u0259d\u0259lb\u0259yli ke\u00e7iril\u0259n t\u0259dbiri \u00fcmumilli lider Heyd\u0259r \u018fliyevin t\u0259\u015f\u0259bb\u00fcs\u00fc il\u0259 ke\u00e7\u0259n \u0259srin 70-80-ci ill\u0259rind\u0259 [&hellip;]<\/p>","protected":false},"author":2,"featured_media":3365,"comment_status":"closed","ping_status":"closed","sticky":false,"template":"","format":"standard","meta":[],"categories":[137],"tags":[197,192,189,191,190],"_links":{"self":[{"href":"https:\/\/legacy.dia.edu.az\/ru\/wp-json\/wp\/v2\/posts\/3364"}],"collection":[{"href":"https:\/\/legacy.dia.edu.az\/ru\/wp-json\/wp\/v2\/posts"}],"about":[{"href":"https:\/\/legacy.dia.edu.az\/ru\/wp-json\/wp\/v2\/types\/post"}],"author":[{"embeddable":true,"href":"https:\/\/legacy.dia.edu.az\/ru\/wp-json\/wp\/v2\/users\/2"}],"replies":[{"embeddable":true,"href":"https:\/\/legacy.dia.edu.az\/ru\/wp-json\/wp\/v2\/comments?post=3364"}],"version-history":[{"count":0,"href":"https:\/\/legacy.dia.edu.az\/ru\/wp-json\/wp\/v2\/posts\/3364\/revisions"}],"wp:featuredmedia":[{"embeddable":true,"href":"https:\/\/legacy.dia.edu.az\/ru\/wp-json\/wp\/v2\/media\/3365"}],"wp:attachment":[{"href":"https:\/\/legacy.dia.edu.az\/ru\/wp-json\/wp\/v2\/media?parent=3364"}],"wp:term":[{"taxonomy":"category","embeddable":true,"href":"https:\/\/legacy.dia.edu.az\/ru\/wp-json\/wp\/v2\/categories?post=3364"},{"taxonomy":"post_tag","embeddable":true,"href":"https:\/\/legacy.dia.edu.az\/ru\/wp-json\/wp\/v2\/tags?post=3364"}],"curies":[{"name":"wp","href":"https:\/\/api.w.org\/{rel}","templated":true}]}}