{"id":3338,"date":"2013-04-17T13:55:00","date_gmt":"2013-04-17T10:55:00","guid":{"rendered":"https:\/\/dia.edu.az\/?p=3338"},"modified":"2021-03-04T13:57:07","modified_gmt":"2021-03-04T10:57:07","slug":"dovl%c9%99t-idar%c9%99cilik-akademiyasi-elektron-hokum%c9%99t-v%c9%99-t%c9%99bi%c9%99td%c9%99n-istifad%c9%99-v%c9%99-%c9%99traf-muhitin-muhafiz%c9%99sinin-dovl%c9%99t-t","status":"publish","type":"post","link":"https:\/\/legacy.dia.edu.az\/ru\/arxivl\u0259r\/3338","title":{"rendered":"D\u00f6vl\u0259t \u0130dar\u0259\u00e7ilik Akademiyas\u0131 \u201cElektron h\u00f6k\u00fcm\u0259t\u201d v\u0259 \u201cT\u0259bi\u0259td\u0259n istifad\u0259 v\u0259 \u0259traf m\u00fchitin m\u00fchafiz\u0259sinin d\u00f6vl\u0259t t\u0259nziml\u0259nm\u0259si\u201d istiqam\u0259ti \u00fczr\u0259 ixtisasart\u0131rma kurslar\u0131 f\u0259aliyy\u0259t\u0259 ba\u015flam\u0131\u015fd\u0131r"},"content":{"rendered":"<p><strong>D\u00f6vl\u0259t \u0130dar\u0259\u00e7ilik Akademiyas\u0131 \u201cElektron h\u00f6k\u00fcm\u0259t\u201d v\u0259 \u201cT\u0259bi\u0259td\u0259n istifad\u0259 v\u0259 \u0259traf m\u00fchitin m\u00fchafiz\u0259sinin d\u00f6vl\u0259t t\u0259nziml\u0259nm\u0259si\u201d istiqam\u0259ti \u00fczr\u0259 ixtisasart\u0131rma kurslar\u0131 f\u0259aliyy\u0259t\u0259 ba\u015flam\u0131\u015fd\u0131r<\/strong><\/p>\n\n\n\n<p>Az\u0259rbaycan Respublikas\u0131n\u0131n Prezidenti yan\u0131nda D\u00f6vl\u0259t \u0130dar\u0259\u00e7ilik Akademiyas\u0131nda \u201cElektron h\u00f6k\u00fcm\u0259t\u201d v\u0259 \u201cT\u0259bi\u0259td\u0259n istifad\u0259 v\u0259 \u0259traf m\u00fchitin m\u00fchafiz\u0259sinin d\u00f6vl\u0259t t\u0259nziml\u0259nm\u0259si\u201d istiqam\u0259ti \u00fczr\u0259q\u0131sam\u00fcdd\u0259tli\u00a0 ixtisasart\u0131rma kurslar\u0131 ba\u015flam\u0131\u015fdir. Kursa D\u00f6vl\u0259t Hakimiyy\u0259tinin m\u0259rk\u0259zi, \u015f\u0259h\u0259r, rayon miqyasl\u0131 orqanlar\u0131n\u0131n n\u00fcmay\u0259nd\u0259li orqanlar\u0131n, m\u00fcvafiq nazirlik, komit\u0259 v\u0259 idar\u0259l\u0259rin\u00a0 r\u0259hb\u0259r i\u015f\u00e7il\u0259ri c\u0259lb olunmu\u015fdur.<br>Bu istiqam\u0259td\u0259 kurslar\u0131n \u0259sas m\u0259qs\u0259di \u201cElektron h\u00f6k\u00fcm\u0259t\u201d \u00a0D\u00f6vl\u0259t qulluq\u00e7usu yeni informasiya m\u0259kaninda, Az\u0259rbaycanda informasiya c\u0259miyy\u0259ti quruculu\u011fu, Elektron h\u00f6k\u00fcm\u0259t- d\u00f6vl\u0259t orqanlarinin f\u0259aliyy\u0259tinin t\u0259\u015fkilinin yeni formasi kimi, Elektron h\u00f6k\u00fcm\u0259tin normativ h\u00fcquqi t\u0259minati, Elektron xidm\u0259tl\u0259r onlarin t\u0259\u015fkili v\u0259 t\u0259qdim olunmasi, Elektron h\u00f6k\u00fcm\u0259tin u\u011furunun amill\u0259ri, Minilliyin yeni inki\u015faf m\u0259qs\u0259dl\u0259ri; \u201cT\u0259bi\u0259td\u0259n istifad\u0259 v\u0259 \u0259traf m\u00fchitin m\u00fchafiz\u0259sinin d\u00f6vl\u0259t t\u0259nziml\u0259nm\u0259si\u201d, Az\u0259rbaycan Respublikasinin ekoloqiya sah\u0259sind\u0259 d\u00f6vl\u0259t siyas\u0259ti: prioritetl\u0259ri, h\u0259yata ke\u00e7irilm\u0259 m\u0259xanizml\u0259ri, Torpaq, yerint\u0259ki, me\u015f\u0259 v\u0259 flora probleml\u0259ri, Beyn\u0259lxalq ekoloji t\u0259\u015fkilatlarla \u0259laq\u0259l\u0259r, \u0259traf m\u00fchitin m\u00fchafiz\u0259sind\u0259 onlarin\u00a0 qorunmasinda rolu, Ekoloji tarazliq v\u0259 davamli inki\u015faf prinsipl\u0259rinin planla\u015fdirma t\u0259tbiqind\u0259 b\u0259l\u0259diyy\u0259l\u0259rin rolu, Ekoloji sivilizasiya konsepsiyasi davamli inki\u015fafin m\u0259qs\u0259di kimi v\u0259 s. probleml\u0259rl\u0259\u00a0 ba\u011fl\u0131 bilikl\u0259rin dinl\u0259yicil\u0259r\u0259 \u00e7atd\u0131r\u0131lmas\u0131 v\u0259 onlarla fikir m\u00fcbadil\u0259sinin apar\u0131lmas\u0131 n\u0259z\u0259rd\u0259 tutulur.<br>Kurslar \u0259rzind\u0259 \u201cElektron h\u00f6k\u00fcm\u0259t\u201d istiqam\u0259ti \u00fczr\u0259- AR Rabit\u0259 v\u0259 \u0130nformasiya Texnoloqiyalaririnin nazir m\u00fcavini Elmir V\u0259lizad\u0259, AMEA-nin \u0130nformasiya Texnoloqiyalari \u0130nstitutunun direktoru Rasim \u018fliquliyev, AR Prezidenti yan\u0131nda V\u0259t\u0259nda\u015flara Xidm\u0259t v\u0259 Sosial \u0130nnovasiyalar \u00fczr\u0259 D\u00f6vl\u0259t Agentliyinin Sosial \u0130nnovasiyalar v\u0259 Strateji Ara\u015fdirmalar \u015f\u00f6b\u0259sinin sektor m\u00fcdiri Ceyhun Salmanov,\u00a0 \u201cT\u0259bi\u0259td\u0259n istifad\u0259 v\u0259 \u0259traf m\u00fchitin m\u00fchafiz\u0259sinin d\u00f6vl\u0259t t\u0259nziml\u0259nm\u0259si\u201d istiqam\u0259ti \u00fczr\u0259- AR Ekoloqiya v\u0259 T\u0259bii S\u0259rv\u0259tl\u0259r nazirinin m\u00fcavini Novruz Quliyev, Beyn\u0259lxalq Ekoenerqetika Akademiyasinin prezidenti F\u0259qan \u018fliyev, AR Qeyri \u2013H\u00f6k\u00fcm\u0259t T\u0259\u015fkilatlarina D\u011fvl\u0259t \u015eurasinin Katibliyinin \u0130cra\u00e7i direktoru F\u0259ras\u0259t Qurbanov, AR Milli M\u0259clisinin Reqional M\u0259s\u0259l\u0259l\u0259r Komit\u0259sinin s\u0259dri Arif R\u0259himzad\u0259 v\u0259 \u0130dar\u0259\u00e7ilik Akademiyas\u0131n\u0131n professor-m\u00fc\u0259llim hey\u0259tinin m\u00fcxt\u0259lif m\u00f6vzularda m\u00fchazir\u0259l\u0259ri n\u0259z\u0259rd\u0259 tutulub.\u00a0<\/p>\n\n\n\n<figure class=\"wp-container-2 wp-block-gallery-1 wp-block-gallery columns-1 is-cropped\"><ul class=\"blocks-gallery-grid\"><li class=\"blocks-gallery-item\"><figure><img width=\"640\" height=\"426\" src=\"https:\/\/dia.edu.az\/wp-content\/uploads\/2021\/03\/4-5.jpg\" alt=\"\" data-id=\"3342\" data-full-url=\"https:\/\/dia.edu.az\/wp-content\/uploads\/2021\/03\/4-5.jpg\" data-link=\"https:\/\/dia.edu.az\/?attachment_id=3342\" class=\"wp-image-3342\" srcset=\"https:\/\/legacy.dia.edu.az\/wp-content\/uploads\/2021\/03\/4-5.jpg 640w, https:\/\/legacy.dia.edu.az\/wp-content\/uploads\/2021\/03\/4-5-300x200.jpg 300w, https:\/\/legacy.dia.edu.az\/wp-content\/uploads\/2021\/03\/4-5-150x100.jpg 150w, https:\/\/legacy.dia.edu.az\/wp-content\/uploads\/2021\/03\/4-5-300x200@2x.jpg 600w\" sizes=\"(max-width: 640px) 100vw, 640px\" \/><\/figure><\/li><\/ul><\/figure>","protected":false},"excerpt":{"rendered":"<p>D\u00f6vl\u0259t \u0130dar\u0259\u00e7ilik Akademiyas\u0131 \u201cElektron h\u00f6k\u00fcm\u0259t\u201d v\u0259 \u201cT\u0259bi\u0259td\u0259n istifad\u0259 v\u0259 \u0259traf m\u00fchitin m\u00fchafiz\u0259sinin d\u00f6vl\u0259t t\u0259nziml\u0259nm\u0259si\u201d istiqam\u0259ti \u00fczr\u0259 ixtisasart\u0131rma kurslar\u0131 f\u0259aliyy\u0259t\u0259 ba\u015flam\u0131\u015fd\u0131r Az\u0259rbaycan Respublikas\u0131n\u0131n Prezidenti yan\u0131nda D\u00f6vl\u0259t \u0130dar\u0259\u00e7ilik Akademiyas\u0131nda \u201cElektron h\u00f6k\u00fcm\u0259t\u201d v\u0259 \u201cT\u0259bi\u0259td\u0259n istifad\u0259 v\u0259 \u0259traf m\u00fchitin m\u00fchafiz\u0259sinin d\u00f6vl\u0259t t\u0259nziml\u0259nm\u0259si\u201d istiqam\u0259ti \u00fczr\u0259q\u0131sam\u00fcdd\u0259tli\u00a0 ixtisasart\u0131rma kurslar\u0131 ba\u015flam\u0131\u015fdir. Kursa D\u00f6vl\u0259t Hakimiyy\u0259tinin m\u0259rk\u0259zi, \u015f\u0259h\u0259r, rayon miqyasl\u0131 orqanlar\u0131n\u0131n n\u00fcmay\u0259nd\u0259li orqanlar\u0131n, m\u00fcvafiq nazirlik, [&hellip;]<\/p>","protected":false},"author":2,"featured_media":3339,"comment_status":"closed","ping_status":"closed","sticky":false,"template":"","format":"standard","meta":[],"categories":[137],"tags":[197,192,189,191,190],"_links":{"self":[{"href":"https:\/\/legacy.dia.edu.az\/ru\/wp-json\/wp\/v2\/posts\/3338"}],"collection":[{"href":"https:\/\/legacy.dia.edu.az\/ru\/wp-json\/wp\/v2\/posts"}],"about":[{"href":"https:\/\/legacy.dia.edu.az\/ru\/wp-json\/wp\/v2\/types\/post"}],"author":[{"embeddable":true,"href":"https:\/\/legacy.dia.edu.az\/ru\/wp-json\/wp\/v2\/users\/2"}],"replies":[{"embeddable":true,"href":"https:\/\/legacy.dia.edu.az\/ru\/wp-json\/wp\/v2\/comments?post=3338"}],"version-history":[{"count":0,"href":"https:\/\/legacy.dia.edu.az\/ru\/wp-json\/wp\/v2\/posts\/3338\/revisions"}],"wp:featuredmedia":[{"embeddable":true,"href":"https:\/\/legacy.dia.edu.az\/ru\/wp-json\/wp\/v2\/media\/3339"}],"wp:attachment":[{"href":"https:\/\/legacy.dia.edu.az\/ru\/wp-json\/wp\/v2\/media?parent=3338"}],"wp:term":[{"taxonomy":"category","embeddable":true,"href":"https:\/\/legacy.dia.edu.az\/ru\/wp-json\/wp\/v2\/categories?post=3338"},{"taxonomy":"post_tag","embeddable":true,"href":"https:\/\/legacy.dia.edu.az\/ru\/wp-json\/wp\/v2\/tags?post=3338"}],"curies":[{"name":"wp","href":"https:\/\/api.w.org\/{rel}","templated":true}]}}