{"id":3330,"date":"2013-04-23T13:28:00","date_gmt":"2013-04-23T10:28:00","guid":{"rendered":"https:\/\/dia.edu.az\/?p=3330"},"modified":"2021-03-04T13:39:25","modified_gmt":"2021-03-04T10:39:25","slug":"dovl%c9%99t-idar%c9%99cilik-akademiyasi-v%c9%99-birl%c9%99smis-mill%c9%99tl%c9%99r-t%c9%99skilatinin-inkisaf-proqrami-2015-ci-ild%c9%99n-sonraki-muhum-qlobal-inkisaf-m%c9%99s%c9%99l%c9%99l%c9%99rin","status":"publish","type":"post","link":"https:\/\/legacy.dia.edu.az\/ru\/arxivl\u0259r\/3330","title":{"rendered":"D\u00f6vl\u0259t \u0130dar\u0259\u00e7ilik Akademiyas\u0131 v\u0259 Birl\u0259\u015fmi\u015f Mill\u0259tl\u0259r T\u0259\u015fkilat\u0131n\u0131n \u0130nki\u015faf Proqram\u0131 2015-ci ild\u0259n sonrak\u0131 m\u00fch\u00fcm qlobal inki\u015faf m\u0259s\u0259l\u0259l\u0259rin\u0259 dair m\u0259sl\u0259h\u0259tl\u0259\u015fm\u0259l\u0259r\u0259 ba\u015flay\u0131r"},"content":{"rendered":"<p><strong>D\u00f6vl\u0259t \u0130dar\u0259\u00e7ilik Akademiyas\u0131 v\u0259 Birl\u0259\u015fmi\u015f Mill\u0259tl\u0259r T\u0259\u015fkilat\u0131n\u0131n \u0130nki\u015faf Proqram\u0131 2015-ci ild\u0259n sonrak\u0131 m\u00fch\u00fcm qlobal inki\u015faf m\u0259s\u0259l\u0259l\u0259rin\u0259 dair m\u0259sl\u0259h\u0259tl\u0259\u015fm\u0259l\u0259r\u0259 ba\u015flay\u0131r<\/strong><\/p>\n\n\n\n<p>23 aprel 2013-c\u00fc il tarixind\u0259 Az\u0259rbaycan Respublikas\u0131n\u0131n Prezidenti yan\u0131nda D\u00f6vl\u0259t \u0130dar\u0259\u00e7ilik Akademiyas\u0131 v\u0259 Birl\u0259\u015fmi\u015f Mill\u0259tl\u0259r T\u0259\u015fkilat\u0131n\u0131n \u0130nki\u015faf Proqram\u0131 2015-ci ild\u0259n sonrak\u0131 m\u00fch\u00fcm qlobal inki\u015faf m\u0259s\u0259l\u0259l\u0259rin\u0259 dair m\u0259sl\u0259h\u0259tl\u0259\u015fm\u0259l\u0259r\u0259 ba\u015flam\u0131\u015fd\u0131r. Az\u0259rbaycan Respublikas\u0131 dig\u0259r 189 \u00fczv d\u00f6vl\u0259tl\u0259 birg\u0259 2000-ci ilin sentyabr\u0131nda BMT Sammitind\u0259 2015-ci il\u0259 q\u0259d\u0259r insanlar\u0131n h\u0259yat\u0131nda m\u00fcsb\u0259t d\u0259yi\u015fiklikl\u0259r yaratmaq \u00fc\u00e7\u00fcn ortaq m\u00fcst\u0259vi rolunu oynayan s\u0259kkiz m\u0259qs\u0259dd\u0259n ibar\u0259t Minilliyin \u0130nki\u015faf M\u0259qs\u0259dl\u0259rinin (M\u0130M) \u0259hat\u0259 olundu\u011fu Minilliyin B\u0259yannam\u0259sini q\u0259bul etmi\u015fdir. Bu m\u0259qs\u0259dl\u0259 M\u0130M-l\u0259r\u0259 nail olmaq \u00fc\u00e7\u00fcn h\u00f6kum\u0259t v\u0259 dig\u0259r t\u0259r\u0259fda\u015flarla birg\u0259 BMT t\u0259r\u0259find\u0259n apar\u0131lan 2015-ci ild\u0259n sonrak\u0131 inki\u015faf g\u00fcnd\u0259liyin\u0259 dair m\u00fczakir\u0259l\u0259rin bir hiss\u0259si olaraq qlobal inki\u015faf \u00e7\u0259r\u00e7iv\u0259sini formala\u015fd\u0131rmaq \u00fc\u00e7\u00fcn \u00f6n\u0259mli prioritetl\u0259ri &nbsp;m\u00fc\u0259yy\u0259nl\u0259\u015fdirm\u0259k m\u0259qs\u0259dil\u0259 milli m\u0259sl\u0259h\u0259tl\u0259\u015fm\u0259l\u0259r\u0259 ba\u015flam\u0131\u015fd\u0131r.&nbsp;<br>BMT d\u00fcnyan\u0131n h\u0259r yerind\u0259 h\u00f6kum\u0259tl\u0259r, beyin m\u0259rk\u0259zl\u0259ri, \u00f6z\u0259l sektor, v\u0259t\u0259nda\u015f c\u0259miyy\u0259ti v\u0259 dig\u0259r t\u0259r\u0259fda\u015flarla \u0259m\u0259kda\u015fl\u0131q ed\u0259r\u0259k BMT v\u0259 d\u00fcnya liderl\u0259rinin 2015-ci ild\u0259n sonra yeni inki\u015faf \u00e7\u0259r\u00e7iv\u0259sini haz\u0131rlad\u0131qlar\u0131 zaman istifad\u0259 ed\u0259c\u0259kl\u0259ri birg\u0259 bax\u0131\u015f formala\u015fd\u0131rma\u011fa \u00e7al\u0131\u015f\u0131r. Qlobal BMT t\u0259\u015f\u0259bb\u00fcs\u00fcn\u00fcn bir hiss\u0259si olaraq Az\u0259rbaycan Respublikas\u0131n\u0131n Prezidenti yan\u0131nda D\u00f6vl\u0259t \u0130dar\u0259\u00e7ilik Akademiyas\u0131 v\u0259 BMT-nin \u0130nki\u015faf Proqram\u0131 (BMT \u0130P) 2015-ci ild\u0259n sonrak\u0131 m\u00fch\u00fcm qlobal inki\u015faf m\u0259s\u0259l\u0259l\u0259rin\u0259 dair m\u0259sl\u0259h\u0259tl\u0259\u015fm\u0259 ke\u00e7irir. Bu m\u0259sl\u0259h\u0259tl\u0259\u015fm\u0259nin m\u0259qs\u0259di 2015-ci ild\u0259n sonrak\u0131 \u0259sas inki\u015faf m\u0259s\u0259l\u0259l\u0259ri dair qlobal v\u0259 yerli bax\u0131\u015f\u0131n formala\u015fd\u0131r\u0131lmas\u0131na dair t\u00f6vsiy\u0259l\u0259r verm\u0259k, o c\u00fcml\u0259d\u0259n prioritetl\u0259r v\u0259 ortaya \u00e7\u0131xa bil\u0259c\u0259k \u00e7\u0259tinlikl\u0259ri m\u00fc\u0259yy\u0259nl\u0259\u015fdirm\u0259kdir.&nbsp;<br>Az\u0259rbaycanda Minilliyin \u0130nki\u015faf M\u0259qs\u0259dl\u0259rinin h\u0259d\u0259fl\u0259rin\u0259 nail olunmas\u0131nda bir \u00e7ox u\u011furlar \u0259ld\u0259 edilmi\u015fdir.<br>Bu ilk n\u00f6vb\u0259d\u0259 \u00f6z\u00fcn\u00fc yoxsullu\u011fun k\u0259skin azalmas\u0131nda, insanlar\u0131n rifah\u0131n\u0131n \u0259h\u0259miyy\u0259tli d\u0259r\u0259c\u0259d\u0259 y\u00fcks\u0259lm\u0259sind\u0259, yeni m\u00fcasirl\u0259\u015fmi\u015f t\u0259hsil v\u0259 s\u0259hiyy\u0259 m\u00fc\u0259ssis\u0259l\u0259rinin yarad\u0131lmas\u0131nda, \u0259traf m\u00fch\u00fctin yax\u015f\u0131la\u015fd\u0131r\u0131lmas\u0131nda \u00f6z \u0259ksini tapm\u0131\u015fd\u0131r.&nbsp;<br>Yeni n\u0259sil davaml\u0131 inki\u015faf m\u0259qs\u0259dl\u0259rini m\u00fc\u0259yy\u0259nl\u0259\u015fdirm\u0259k \u00fc\u00e7\u00fcn apar\u0131lan qlobal m\u00fczakir\u0259l\u0259r \u201ciqlim d\u0259yi\u015fiklikl\u0259ri, \u0259rzaq t\u0259hl\u00fck\u0259sizliyi, \u0259traf m\u00fchitin deqradasiyas\u0131, s\u0259hiyy\u0259 riskl\u0259ri kimi qlobal inki\u015faf mane\u0259l\u0259rinin h\u0259ll yollar\u0131 yeni m\u0259qs\u0259dl\u0259r toplusuna nec\u0259 daxil edilm\u0259lidir?\u201d kimi vacib suallar do\u011furur. D\u00f6vl\u0259t \u0130dar\u0259\u00e7ilik Akademiyas\u0131nda ba\u015f tutacaq m\u0259sl\u0259h\u0259tl\u0259\u015fm\u0259l\u0259r g\u00f6rk\u0259mli elm adamlar\u0131, t\u0259dqiqat\u00e7\u0131lar, y\u00fcks\u0259k r\u00fctb\u0259li m\u0259murlar v\u0259 bir ne\u00e7\u0259 universitet rektorlar\u0131n\u0131 bir araya g\u0259tir\u0259c\u0259kdir. Bu i\u015ftirak\u00e7\u0131lar 2015-ci ild\u0259n sonrak\u0131 davaml\u0131 inki\u015faf\u0131 m\u00fc\u0259yy\u0259n etm\u0259k \u00fc\u00e7\u00fcn m\u0259qs\u0259d v\u0259 h\u0259d\u0259fl\u0259r\u0259 \u00e7atmaq da daxil olmaqla prioritetl\u0259rin m\u00fc\u0259yy\u0259nl\u0259\u015fdirilm\u0259sind\u0259 z\u0259ruri t\u00f6hf\u0259l\u0259r ver\u0259c\u0259kl\u0259r.<\/p>\n\n\n\n<p>M\u00fczakir\u0259l\u0259rin n\u0259tic\u0259si v\u0259 m\u0259sl\u0259h\u0259tl\u0259r BMT-nin hesabat\u0131na daxil edil\u0259c\u0259kdir.<\/p>\n\n\n\n<figure class=\"wp-container-2 wp-block-gallery-1 wp-block-gallery columns-1 is-cropped\"><ul class=\"blocks-gallery-grid\"><li class=\"blocks-gallery-item\"><figure><img width=\"640\" height=\"426\" src=\"https:\/\/dia.edu.az\/wp-content\/uploads\/2021\/03\/3-5.jpg\" alt=\"\" data-id=\"3331\" data-full-url=\"https:\/\/dia.edu.az\/wp-content\/uploads\/2021\/03\/3-5.jpg\" data-link=\"https:\/\/dia.edu.az\/?attachment_id=3331\" class=\"wp-image-3331\" srcset=\"https:\/\/legacy.dia.edu.az\/wp-content\/uploads\/2021\/03\/3-5.jpg 640w, https:\/\/legacy.dia.edu.az\/wp-content\/uploads\/2021\/03\/3-5-300x200.jpg 300w, https:\/\/legacy.dia.edu.az\/wp-content\/uploads\/2021\/03\/3-5-150x100.jpg 150w, https:\/\/legacy.dia.edu.az\/wp-content\/uploads\/2021\/03\/3-5-300x200@2x.jpg 600w\" sizes=\"(max-width: 640px) 100vw, 640px\" \/><\/figure><\/li><\/ul><\/figure>","protected":false},"excerpt":{"rendered":"<p>D\u00f6vl\u0259t \u0130dar\u0259\u00e7ilik Akademiyas\u0131 v\u0259 Birl\u0259\u015fmi\u015f Mill\u0259tl\u0259r T\u0259\u015fkilat\u0131n\u0131n \u0130nki\u015faf Proqram\u0131 2015-ci ild\u0259n sonrak\u0131 m\u00fch\u00fcm qlobal inki\u015faf m\u0259s\u0259l\u0259l\u0259rin\u0259 dair m\u0259sl\u0259h\u0259tl\u0259\u015fm\u0259l\u0259r\u0259 ba\u015flay\u0131r 23 aprel 2013-c\u00fc il tarixind\u0259 Az\u0259rbaycan Respublikas\u0131n\u0131n Prezidenti yan\u0131nda D\u00f6vl\u0259t \u0130dar\u0259\u00e7ilik Akademiyas\u0131 v\u0259 Birl\u0259\u015fmi\u015f Mill\u0259tl\u0259r T\u0259\u015fkilat\u0131n\u0131n \u0130nki\u015faf Proqram\u0131 2015-ci ild\u0259n sonrak\u0131 m\u00fch\u00fcm qlobal inki\u015faf m\u0259s\u0259l\u0259l\u0259rin\u0259 dair m\u0259sl\u0259h\u0259tl\u0259\u015fm\u0259l\u0259r\u0259 ba\u015flam\u0131\u015fd\u0131r. Az\u0259rbaycan Respublikas\u0131 dig\u0259r 189 \u00fczv d\u00f6vl\u0259tl\u0259 birg\u0259 2000-ci [&hellip;]<\/p>","protected":false},"author":2,"featured_media":3334,"comment_status":"closed","ping_status":"closed","sticky":false,"template":"","format":"standard","meta":[],"categories":[137],"tags":[197,192,189,191,190],"_links":{"self":[{"href":"https:\/\/legacy.dia.edu.az\/ru\/wp-json\/wp\/v2\/posts\/3330"}],"collection":[{"href":"https:\/\/legacy.dia.edu.az\/ru\/wp-json\/wp\/v2\/posts"}],"about":[{"href":"https:\/\/legacy.dia.edu.az\/ru\/wp-json\/wp\/v2\/types\/post"}],"author":[{"embeddable":true,"href":"https:\/\/legacy.dia.edu.az\/ru\/wp-json\/wp\/v2\/users\/2"}],"replies":[{"embeddable":true,"href":"https:\/\/legacy.dia.edu.az\/ru\/wp-json\/wp\/v2\/comments?post=3330"}],"version-history":[{"count":0,"href":"https:\/\/legacy.dia.edu.az\/ru\/wp-json\/wp\/v2\/posts\/3330\/revisions"}],"wp:featuredmedia":[{"embeddable":true,"href":"https:\/\/legacy.dia.edu.az\/ru\/wp-json\/wp\/v2\/media\/3334"}],"wp:attachment":[{"href":"https:\/\/legacy.dia.edu.az\/ru\/wp-json\/wp\/v2\/media?parent=3330"}],"wp:term":[{"taxonomy":"category","embeddable":true,"href":"https:\/\/legacy.dia.edu.az\/ru\/wp-json\/wp\/v2\/categories?post=3330"},{"taxonomy":"post_tag","embeddable":true,"href":"https:\/\/legacy.dia.edu.az\/ru\/wp-json\/wp\/v2\/tags?post=3330"}],"curies":[{"name":"wp","href":"https:\/\/api.w.org\/{rel}","templated":true}]}}