{"id":3303,"date":"2013-04-09T14:28:00","date_gmt":"2013-04-09T11:28:00","guid":{"rendered":"https:\/\/dia.edu.az\/?p=3303"},"modified":"2021-03-04T13:28:13","modified_gmt":"2021-03-04T10:28:13","slug":"akademiya-il%c9%99-dovl%c9%99t-sosial-mudafi%c9%99-fondu-arasinda-%c9%99m%c9%99kdasliq-memorandumu-imzalanmisdir","status":"publish","type":"post","link":"https:\/\/legacy.dia.edu.az\/ru\/arxivl\u0259r\/3303","title":{"rendered":"Akademiya il\u0259 D\u00f6vl\u0259t Sosial M\u00fcdafi\u0259 Fondu aras\u0131nda \u018fm\u0259kda\u015fl\u0131q Memorandumu imzalanm\u0131\u015fd\u0131r"},"content":{"rendered":"<p><strong>Akademiya il\u0259 D\u00f6vl\u0259t Sosial M\u00fcdafi\u0259 Fondu aras\u0131nda \u018fm\u0259kda\u015fl\u0131q Memorandumu imzalanm\u0131\u015fd\u0131r<\/strong><\/p>\n\n\n\n<p>Aprel ay\u0131n\u0131n 9-da Az\u0259rbaycan Respublikas\u0131n\u0131n Prezidenti yan\u0131nda D\u00f6vl\u0259t \u0130dar\u0259\u00e7ilik Akademiyas\u0131 il\u0259 Az\u0259rbaycan Respublikas\u0131n\u0131n D\u00f6vl\u0259t Sosial M\u00fcdafi\u0259 Fondu aras\u0131nda \u018fm\u0259kda\u015fl\u0131q Memorandumu imzalanm\u0131\u015fd\u0131r.<br>&nbsp;T\u0259dbiri&nbsp;giri\u015f s\u00f6z\u00fc il\u0259 a\u00e7an akademiyan\u0131n rektoru,&nbsp;akademik Urxan \u018fl\u0259kb\u0259rov&nbsp;Az\u0259rbaycan Respublikas\u0131n\u0131n Prezidenti c\u0259nab \u0130lham \u018fliyevin elm v\u0259 t\u0259hsilin inki\u015faf\u0131na, sosial innovasiyalar\u0131n geni\u015f t\u0259tbiqin\u0259, sosial xidm\u0259t sferas\u0131nda f\u0259aliyy\u0259t g\u00f6st\u0259r\u0259n d\u00f6vl\u0259t qurumlar\u0131n f\u0259aliyy\u0259tinin \u015f\u0259ffaf v\u0259 s\u0259m\u0259r\u0259li olmas\u0131na x\u00fcsusi \u00f6n\u0259m verdiyini vur\u011fulam\u0131\u015fd\u0131r. Rektor respublikada apar\u0131lan u\u011furlu xarici v\u0259 daxili siyas\u0259t, h\u0259yata ke\u00e7iril\u0259n islahatlar v\u0259 irimiqyasl\u0131 layih\u0259l\u0259r say\u0259sind\u0259 ictimai h\u0259yat\u0131n b\u00fct\u00fcn sah\u0259l\u0259rind\u0259 dinamik inki\u015fafa nail olundu\u011funu qeyd etmi\u015fdir. Rektor bildirmi\u015fdir ki, m\u00fcasir m\u0259rh\u0259l\u0259d\u0259 Az\u0259rbaycan\u0131n davaml\u0131 inki\u015faf\u0131 siyas\u0259tinin prioritet istiqam\u0259tl\u0259rind\u0259n elan olunan v\u0259 d\u00f6vl\u0259tin sosial y\u00f6n\u00fcml\u00fc siyas\u0259tinin b\u00fct\u00fcn sah\u0259l\u0259ri g\u00fcnd\u0259lik f\u0259aliyy\u0259tin ayr\u0131lmaz t\u0259rkib hiss\u0259sin\u0259 \u00e7evrilm\u0259kd\u0259dir.<br>Rektor Az\u0259rbaycan\u0131n davaml\u0131 inki\u015faf\u0131 v\u0259 sosial sah\u0259d\u0259 \u00f6nl\u0259yici t\u0259r\u0259qqinin t\u0259min edilm\u0259si istiqam\u0259tind\u0259 \u00f6lk\u0259d\u0259 gerc\u0259kl\u0259\u015fdiril\u0259n \u00e7ox\u015fax\u0259li, s\u0259m\u0259r\u0259li v\u0259 innovativ t\u0259dbirl\u0259r\u0259 uy\u011fun olaraq \u0130dar\u0259\u00e7ilik Akademiyas\u0131 il\u0259 D\u00f6vl\u0259t Sosial M\u00fcdafi\u0259 Fondu aras\u0131nda elm, t\u0259hsil, davaml\u0131 sosial inki\u015faf v\u0259 qar\u015f\u0131l\u0131ql\u0131 maraq do\u011furan dig\u0259r sah\u0259l\u0259ri \u0259hat\u0259 ed\u0259n \u018fm\u0259kda\u015fl\u0131q Memorandumunun qar\u015f\u0131l\u0131ql\u0131 \u0259m\u0259kda\u015fl\u0131\u011f\u0131n geni\u015fl\u0259nm\u0259sin\u0259, Akademiyada t\u0259hsil alan, d\u00f6vl\u0259t idar\u0259\u00e7ilik sah\u0259sind\u0259 ixtisasla\u015fan g\u0259ncl\u0259rin t\u0259cr\u00fcbi-praktik f\u0259aliyy\u0259tl\u0259ri \u00fc\u00e7\u00fcn daha bir imkan \u0259ld\u0259 edil\u0259c\u0259yin\u0259 inam\u0131n\u0131 ifad\u0259 etmi\u015fdir.<br>Daha sonra \u00e7\u0131x\u0131\u015f ed\u0259n Az\u0259rbaycan Respublikas\u0131 D\u00f6vl\u0259t Sosial M\u00fcdafi\u0259 Fondunun s\u0259dri S\u0259lim M\u00fcsl\u00fcmov Fondun Respublikada \u0259halinin sosial m\u00fcdafi\u0259si, h\u0259yata ke\u00e7iril\u0259n sosial-iqtisadi siyas\u0259tin \u00f6nc\u00fcl istiqam\u0259tl\u0259rind\u0259n olaraq daim d\u00f6vl\u0259tin diqq\u0259t m\u0259rk\u0259zind\u0259 saxlan\u0131ld\u0131\u011f\u0131n\u0131 qeyd etmi\u015f, bu istiqam\u0259td\u0259 u\u011furlu institusional islahatlar\u0131n t\u0259min edilm\u0259si istiqam\u0259tind\u0259 g\u00f6r\u00fcl\u0259n i\u015fl\u0259rd\u0259n dan\u0131\u015fm\u0131\u015fd\u0131r. Son ill\u0259r \u0259halinin h\u0259yat s\u0259viyy\u0259sinin y\u00fcks\u0259ldilm\u0259si, \u0259m\u0259k haqlar\u0131n\u0131n v\u0259 azt\u0259minatl\u0131 ail\u0259l\u0259r\u0259 veril\u0259n m\u00fcavin\u0259tl\u0259rin art\u0131r\u0131lmas\u0131 sah\u0259sind\u0259 bir s\u0131ra m\u00fch\u00fcm t\u0259dbirl\u0259r h\u0259yata ke\u00e7irilm\u0259si, v\u0259t\u0259nda\u015flar\u0131n pensiya t\u0259minat\u0131n\u0131n yax\u015f\u0131la\u015fd\u0131r\u0131lmas\u0131 istiqam\u0259tind\u0259 ciddi add\u0131mlar at\u0131lmas\u0131 bar\u0259d\u0259 fikirl\u0259rini qeyd etdi. D\u00f6vl\u0259tin sosial s\u0131\u011forta v\u0259 \u0259m\u0259k pensiyas\u0131 siyas\u0259tinin istiqam\u0259tl\u0259rin\u0259 dair t\u0259klifl\u0259rin haz\u0131rlanmas\u0131 v\u0259 \u00fcmumiyy\u0259tl\u0259 bu siyas\u0259tin idar\u0259 edilm\u0259sind\u0259 elmi yana\u015fman\u0131n t\u0259min edilm\u0259si v\u0259 t\u0259cr\u00fcb\u0259 m\u00fcbadil\u0259si sah\u0259sind\u0259 \u0130dar\u0259\u00e7ilik Akademiyas\u0131 il\u0259 \u0259laq\u0259l\u0259rin geni\u015fl\u0259ndirilm\u0259sind\u0259 maraql\u0131 olduqlar\u0131n\u0131 bildirmi\u015fdir. Bu v\u0259zif\u0259l\u0259ri u\u011furla v\u0259 s\u0259m\u0259r\u0259li icra etm\u0259k \u00fc\u00e7\u00fcn y\u00fcks\u0259k bilik v\u0259 t\u0259cr\u00fcb\u0259d\u0259n geni\u015f istifad\u0259 olunmas\u0131 v\u0259 bilikl\u0259rin idar\u0259etm\u0259d\u0259 t\u0259tbiqi v\u0259 qar\u015f\u0131l\u0131ql\u0131 m\u00fcbadil\u0259 yolu il\u0259 daha da s\u0259m\u0259r\u0259li olmas\u0131 bar\u0259d\u0259 fikirl\u0259rini bildirmi\u015fdir.<\/p>\n\n\n\n<p>Sonra \u018fm\u0259kda\u015fl\u0131q Memorandumu imzalanm\u0131\u015fd\u0131r. \u018fm\u0259kda\u015fl\u0131q Memorandumu t\u0259r\u0259fl\u0259r aras\u0131nda birg\u0259 layih\u0259l\u0259rin, konfranslar\u0131n, ixtisasart\u0131rma kurslar\u0131n\u0131n v\u0259 m\u00fczakir\u0259l\u0259rin ke\u00e7irilm\u0259si, m\u00fcxt\u0259lif elmi-t\u0259dqiqatlar\u0131n apar\u0131lmas\u0131, analitik materiallar\u0131n haz\u0131rlanmas\u0131 v\u0259 t\u0259cr\u00fcbi-praktikan\u0131 \u0259hat\u0259 edir.<\/p>\n\n\n\n<figure class=\"wp-container-2 wp-block-gallery-1 wp-block-gallery columns-3 is-cropped\"><ul class=\"blocks-gallery-grid\"><li class=\"blocks-gallery-item\"><figure><img width=\"640\" height=\"426\" src=\"https:\/\/dia.edu.az\/wp-content\/uploads\/2021\/03\/2-4.jpg\" alt=\"\" data-id=\"3304\" data-full-url=\"https:\/\/dia.edu.az\/wp-content\/uploads\/2021\/03\/2-4.jpg\" data-link=\"https:\/\/dia.edu.az\/?attachment_id=3304\" class=\"wp-image-3304\" srcset=\"https:\/\/legacy.dia.edu.az\/wp-content\/uploads\/2021\/03\/2-4.jpg 640w, https:\/\/legacy.dia.edu.az\/wp-content\/uploads\/2021\/03\/2-4-300x200.jpg 300w, https:\/\/legacy.dia.edu.az\/wp-content\/uploads\/2021\/03\/2-4-150x100.jpg 150w, https:\/\/legacy.dia.edu.az\/wp-content\/uploads\/2021\/03\/2-4-300x200@2x.jpg 600w\" sizes=\"(max-width: 640px) 100vw, 640px\" \/><\/figure><\/li><li class=\"blocks-gallery-item\"><figure><img width=\"1024\" height=\"681\" src=\"https:\/\/dia.edu.az\/wp-content\/uploads\/2021\/03\/3-4-1024x681.jpg\" alt=\"\" data-id=\"3307\" data-full-url=\"https:\/\/dia.edu.az\/wp-content\/uploads\/2021\/03\/3-4-scaled.jpg\" data-link=\"https:\/\/dia.edu.az\/?attachment_id=3307\" class=\"wp-image-3307\" srcset=\"https:\/\/legacy.dia.edu.az\/wp-content\/uploads\/2021\/03\/3-4-1024x681.jpg 1024w, https:\/\/legacy.dia.edu.az\/wp-content\/uploads\/2021\/03\/3-4-300x199.jpg 300w, https:\/\/legacy.dia.edu.az\/wp-content\/uploads\/2021\/03\/3-4-1536x1021.jpg 1536w, https:\/\/legacy.dia.edu.az\/wp-content\/uploads\/2021\/03\/3-4-2048x1362.jpg 2048w, https:\/\/legacy.dia.edu.az\/wp-content\/uploads\/2021\/03\/3-4-150x100.jpg 150w, https:\/\/legacy.dia.edu.az\/wp-content\/uploads\/2021\/03\/3-4-300x199@2x.jpg 600w\" sizes=\"(max-width: 1024px) 100vw, 1024px\" \/><\/figure><\/li><li class=\"blocks-gallery-item\"><figure><img width=\"640\" height=\"426\" src=\"https:\/\/dia.edu.az\/wp-content\/uploads\/2021\/03\/4-3.jpg\" alt=\"\" data-id=\"3310\" data-full-url=\"https:\/\/dia.edu.az\/wp-content\/uploads\/2021\/03\/4-3.jpg\" data-link=\"https:\/\/dia.edu.az\/?attachment_id=3310\" class=\"wp-image-3310\" srcset=\"https:\/\/legacy.dia.edu.az\/wp-content\/uploads\/2021\/03\/4-3.jpg 640w, https:\/\/legacy.dia.edu.az\/wp-content\/uploads\/2021\/03\/4-3-300x200.jpg 300w, https:\/\/legacy.dia.edu.az\/wp-content\/uploads\/2021\/03\/4-3-150x100.jpg 150w, https:\/\/legacy.dia.edu.az\/wp-content\/uploads\/2021\/03\/4-3-300x200@2x.jpg 600w\" sizes=\"(max-width: 640px) 100vw, 640px\" \/><\/figure><\/li><\/ul><\/figure>","protected":false},"excerpt":{"rendered":"<p>Akademiya il\u0259 D\u00f6vl\u0259t Sosial M\u00fcdafi\u0259 Fondu aras\u0131nda \u018fm\u0259kda\u015fl\u0131q Memorandumu imzalanm\u0131\u015fd\u0131r Aprel ay\u0131n\u0131n 9-da Az\u0259rbaycan Respublikas\u0131n\u0131n Prezidenti yan\u0131nda D\u00f6vl\u0259t \u0130dar\u0259\u00e7ilik Akademiyas\u0131 il\u0259 Az\u0259rbaycan Respublikas\u0131n\u0131n D\u00f6vl\u0259t Sosial M\u00fcdafi\u0259 Fondu aras\u0131nda \u018fm\u0259kda\u015fl\u0131q Memorandumu imzalanm\u0131\u015fd\u0131r.&nbsp;T\u0259dbiri&nbsp;giri\u015f s\u00f6z\u00fc il\u0259 a\u00e7an akademiyan\u0131n rektoru,&nbsp;akademik Urxan \u018fl\u0259kb\u0259rov&nbsp;Az\u0259rbaycan Respublikas\u0131n\u0131n Prezidenti c\u0259nab \u0130lham \u018fliyevin elm v\u0259 t\u0259hsilin inki\u015faf\u0131na, sosial innovasiyalar\u0131n geni\u015f t\u0259tbiqin\u0259, sosial xidm\u0259t sferas\u0131nda f\u0259aliyy\u0259t [&hellip;]<\/p>","protected":false},"author":2,"featured_media":3313,"comment_status":"closed","ping_status":"closed","sticky":false,"template":"","format":"standard","meta":[],"categories":[137],"tags":[187,197,192,189,191,190,188],"_links":{"self":[{"href":"https:\/\/legacy.dia.edu.az\/ru\/wp-json\/wp\/v2\/posts\/3303"}],"collection":[{"href":"https:\/\/legacy.dia.edu.az\/ru\/wp-json\/wp\/v2\/posts"}],"about":[{"href":"https:\/\/legacy.dia.edu.az\/ru\/wp-json\/wp\/v2\/types\/post"}],"author":[{"embeddable":true,"href":"https:\/\/legacy.dia.edu.az\/ru\/wp-json\/wp\/v2\/users\/2"}],"replies":[{"embeddable":true,"href":"https:\/\/legacy.dia.edu.az\/ru\/wp-json\/wp\/v2\/comments?post=3303"}],"version-history":[{"count":0,"href":"https:\/\/legacy.dia.edu.az\/ru\/wp-json\/wp\/v2\/posts\/3303\/revisions"}],"wp:featuredmedia":[{"embeddable":true,"href":"https:\/\/legacy.dia.edu.az\/ru\/wp-json\/wp\/v2\/media\/3313"}],"wp:attachment":[{"href":"https:\/\/legacy.dia.edu.az\/ru\/wp-json\/wp\/v2\/media?parent=3303"}],"wp:term":[{"taxonomy":"category","embeddable":true,"href":"https:\/\/legacy.dia.edu.az\/ru\/wp-json\/wp\/v2\/categories?post=3303"},{"taxonomy":"post_tag","embeddable":true,"href":"https:\/\/legacy.dia.edu.az\/ru\/wp-json\/wp\/v2\/tags?post=3303"}],"curies":[{"name":"wp","href":"https:\/\/api.w.org\/{rel}","templated":true}]}}